{"id":20366,"date":"2024-02-09T13:45:05","date_gmt":"2024-02-09T10:45:05","guid":{"rendered":"https:\/\/akdenizhaber.com.tr\/?p=20366"},"modified":"2024-02-09T13:45:05","modified_gmt":"2024-02-09T10:45:05","slug":"hacer-ceyhan-karadan-esi-nefi-karaya-tam-destek","status":"publish","type":"post","link":"https:\/\/akdenizhaber.com.tr\/index.php\/2024\/02\/09\/hacer-ceyhan-karadan-esi-nefi-karaya-tam-destek\/","title":{"rendered":"Hacer Ceyhan Kara\u2019dan E\u015fi Nefi Kara\u2019ya Tam Destek"},"content":{"rendered":"\n<p><\/p>\n\n\n\n<p>Cumhuriyet Halk Partisi Manavgat Belediye Ba\u015fkan Aday\u0131 \u201cHalk\u0131n Doktoru\u201d Niyazi Nefi Kara\u2019n\u0131n e\u015fi Hacer Ceyhan Kara, se\u00e7im kampanyas\u0131nda e\u015fine destek olmak amac\u0131yla kent merkezi ve k\u0131rsal mahallelerde dur durak bilmeden vatanda\u015flar\u0131 ziyaret ediyor. Hacer Ceyhan Kara\u2019n\u0131n ziyaretlerine CHP Kad\u0131n Kollar\u0131 Ba\u015fkan\u0131 Dil\u015fat Ta\u015f, kad\u0131n kollar\u0131 \u00fcyeleri ve partililer de e\u015flik ediyor. \u00d6zellikle kad\u0131nlar\u0131n ve gen\u00e7lerin ilgisiyle kar\u015f\u0131la\u015fan Hacer Ceyhan Kara, gen\u00e7 ya\u015fl\u0131 demeden vatanda\u015flar\u0131 evlerinde ziyaret ederek e\u015fi Nefi Kara\u2019n\u0131n kentle ilgili yapaca\u011f\u0131 \u00e7al\u0131\u015fmalar hakk\u0131nda bilgi veriyor. Hacer Ceyhan Kara, e\u015fi Nefi Kara\u2019n\u0131n Gen\u00e7ler ve kad\u0131nlar i\u00e7in sosyal projeleri de oldu\u011funu vurgulayarak halk\u00e7\u0131 belediyecilik anlay\u0131\u015f\u0131yla hareket edeceklerini belirtti. Hacer Ceyhan Kara, \u201cK\u0131ymetli e\u015fim Niyazi Nefi Kara\u2019ya destek olmak amac\u0131yla kent merkezi ve k\u0131rsal mahallelerimizde ziyaretler ger\u00e7ekle\u015ftiriyoruz. \u00d6zellikle kad\u0131nlar\u0131n ve gen\u00e7lerin deste\u011fini arkam\u0131zda hissediyoruz. Bu da bize g\u00fc\u00e7 veriyor. Vatanda\u015flar\u0131m\u0131z, bizi b\u00fcy\u00fck bir samimiyetle kar\u015f\u0131l\u0131yor ve halk\u00e7\u0131 belediyecilik anlay\u0131\u015f\u0131m\u0131za destek veriyor. Her zaman bir arada olaca\u011f\u0131z. Ziyaretlerimize kat\u0131lan t\u00fcm partililerimize de ayr\u0131ca te\u015fekk\u00fcr ediyorum. \u201cHalk\u0131n Doktoru\u201d nun da s\u00f6yledi\u011fi gibi \u201cBiz Biriz ve Birlikteyiz\u201d dedi.<\/p>\n\n\n\n<p>Haber Merkezi<\/p>\n","protected":false},"excerpt":{"rendered":"<p>Cumhuriyet Halk Partisi Manavgat Belediye Ba\u015fkan Aday\u0131 \u201cHalk\u0131n Doktoru\u201d Niyazi Nefi Kara\u2019n\u0131n e\u015fi Hacer Ceyhan Kara, se\u00e7im kampanyas\u0131nda e\u015fine destek olmak amac\u0131yla kent merkezi ve <a href=\"https:\/\/akdenizhaber.com.tr\/index.php\/2024\/02\/09\/hacer-ceyhan-karadan-esi-nefi-karaya-tam-destek\/\" class=\"read-more-link\">[more&#8230;]<\/a><\/p>\n","protected":false},"author":2,"featured_media":20367,"comment_status":"open","ping_status":"open","sticky":false,"template":"","format":"standard","meta":{"footnotes":""},"categories":[2],"tags":[],"class_list":["post-20366","post","type-post","status-publish","format-standard","has-post-thumbnail","hentry","category-gundem"],"_links":{"self":[{"href":"https:\/\/akdenizhaber.com.tr\/index.php\/wp-json\/wp\/v2\/posts\/20366","targetHints":{"allow":["GET"]}}],"collection":[{"href":"https:\/\/akdenizhaber.com.tr\/index.php\/wp-json\/wp\/v2\/posts"}],"about":[{"href":"https:\/\/akdenizhaber.com.tr\/index.php\/wp-json\/wp\/v2\/types\/post"}],"author":[{"embeddable":true,"href":"https:\/\/akdenizhaber.com.tr\/index.php\/wp-json\/wp\/v2\/users\/2"}],"replies":[{"embeddable":true,"href":"https:\/\/akdenizhaber.com.tr\/index.php\/wp-json\/wp\/v2\/comments?post=20366"}],"version-history":[{"count":0,"href":"https:\/\/akdenizhaber.com.tr\/index.php\/wp-json\/wp\/v2\/posts\/20366\/revisions"}],"wp:featuredmedia":[{"embeddable":true,"href":"https:\/\/akdenizhaber.com.tr\/index.php\/wp-json\/wp\/v2\/media\/20367"}],"wp:attachment":[{"href":"https:\/\/akdenizhaber.com.tr\/index.php\/wp-json\/wp\/v2\/media?parent=20366"}],"wp:term":[{"taxonomy":"category","embeddable":true,"href":"https:\/\/akdenizhaber.com.tr\/index.php\/wp-json\/wp\/v2\/categories?post=20366"},{"taxonomy":"post_tag","embeddable":true,"href":"https:\/\/akdenizhaber.com.tr\/index.php\/wp-json\/wp\/v2\/tags?post=20366"}],"curies":[{"name":"wp","href":"https:\/\/api.w.org\/{rel}","templated":true}]}}