{"id":20354,"date":"2024-02-09T13:39:47","date_gmt":"2024-02-09T10:39:47","guid":{"rendered":"https:\/\/akdenizhaber.com.tr\/?p=20354"},"modified":"2024-02-09T13:39:48","modified_gmt":"2024-02-09T10:39:48","slug":"buyuksehir-belediyesi-25-elektrikli-arac-sarj-istasyonu-kurdu","status":"publish","type":"post","link":"https:\/\/akdenizhaber.com.tr\/index.php\/2024\/02\/09\/buyuksehir-belediyesi-25-elektrikli-arac-sarj-istasyonu-kurdu\/","title":{"rendered":"B\u00fcy\u00fck\u015fehir Belediyesi 25 elektrikli ara\u00e7 \u015farj istasyonu kurdu"},"content":{"rendered":"\n<p><\/p>\n\n\n\n<p>Antalya B\u00fcy\u00fck\u015fehir Belediyesi, son y\u0131llarda artan elektrikli ara\u00e7 kullan\u0131m\u0131 ile elektrikli ara\u00e7 \u015farj istasyonu ihtiyac\u0131n\u0131 kar\u015f\u0131lamak amac\u0131yla farkl\u0131 noktalarda 25 \u015farj istasyonu kurdu.<\/p>\n\n\n\n<p>T\u00fcrkiye\u2019de elektrikli ara\u00e7 kullan\u0131m\u0131n\u0131n yayg\u0131nla\u015fmas\u0131yla birlikte elektrikli ara\u00e7 \u015farj istasyonu ihtiyac\u0131 g\u00fcndeme geldi. Antalya B\u00fcy\u00fck\u015fehir Belediyesi, elektrikli ara\u00e7 kullanan ara\u00e7 s\u00fcr\u00fcc\u00fcleri ve b\u00fcnyesinde bulundurdu\u011fu elektrikli ara\u00e7lar i\u00e7in \u015farj istasyonu a\u011f\u0131n\u0131 g\u00fc\u00e7lendirmek i\u00e7in \u00e7al\u0131\u015fma yapt\u0131. Antalya B\u00fcy\u00fck\u015fehir Belediyesi sorumlulu\u011fundaki 10 otoparkta 18 adet \u015farj istasyonu kuruldu. Ayr\u0131ca B\u00fcy\u00fck\u015fehir Belediyesi\u2019ne ait elektrikli ara\u00e7lar\u0131n\u0131n \u015farj ihtiyac\u0131n\u0131 kar\u015f\u0131lamak \u00fczere belediye b\u00fcnyesinde 7 \u015farj istasyonu daha kuruldu. \u015earj istasyonlar\u0131, elektrikli ara\u00e7 kullan\u0131m\u0131n\u0131n yayg\u0131nla\u015ft\u0131r\u0131lmas\u0131n\u0131 te\u015fvik ederek, fosil yak\u0131tlar\u0131n neden oldu\u011fu hava kirlili\u011finin azalt\u0131lmas\u0131na ve yak\u0131t tasarrufuna da katk\u0131 sa\u011fl\u0131yor.<\/p>\n\n\n\n<p>34 ARA\u00c7 AYNI ANDA \u015eARJ OLAB\u0130L\u0130YOR<\/p>\n\n\n\n<p>Antalya B\u00fcy\u00fck\u015fehir Belediyesi i\u015ftiraki Antalya \u00c7evre Tar\u0131m Hayvanc\u0131l\u0131k Ticaret Anonim \u015eirketi (AN\u00c7ET) taraf\u0131ndan y\u00fcr\u00fct\u00fclen elektrikli ara\u00e7 \u015farj istasyonlar\u0131 kurulum \u00e7al\u0131\u015fmalar\u0131na ili\u015fkin bilgi veren Elektrik M\u00fchendisi Esra Seren Serter, n\u00f6tr karbon hedefiyle y\u00fcr\u00fct\u00fclen \u00e7al\u0131\u015fmalar\u0131 kapsam\u0131nda kurulan 25 \u015farj istasyonunda ayn\u0131 anda 34 arac\u0131n hizmet alabildi\u011fini s\u00f6yledi. Serter, \u015farj istasyonlar\u0131n\u0131n kurulumunun kent merkezi ve il\u00e7elerde devam edece\u011fini ifade etti.<\/p>\n\n\n\n<p>\u0130KL\u0130M DE\u011e\u0130\u015e\u0130KL\u0130\u011e\u0130 \u0130LE M\u00dcCADELEDE \u00d6NEML\u0130 B\u0130R ADIM<\/p>\n\n\n\n<p>Antalya B\u00fcy\u00fck\u015fehir Belediyesi Ba\u015fkan Dan\u0131\u015fman\u0131 Lokman Atasoy, elektrikli ara\u00e7 \u015farj istasyonlar\u0131n\u0131n kurulumu ile iklim de\u011fi\u015fikli\u011fiyle m\u00fccadele ve Antalya\u2019n\u0131n hava kalitesinin y\u00fckseltilmesi konusunda \u00f6nemli bir ad\u0131m atm\u0131\u015f olduklar\u0131n\u0131 ifade etti. Antalya\u2019n\u0131n n\u00fcfus yo\u011funlu\u011funa g\u00f6re en \u00e7ok ara\u00e7 say\u0131s\u0131n\u0131n oldu\u011fu kent konumunda oldu\u011funa dikkat \u00e7eken Lokman Atasoy, \u201c\u0130ki ki\u015fiye bir motorlu arac\u0131n d\u00fc\u015ft\u00fc\u011f\u00fc Antalya\u2019da fosil yak\u0131t t\u00fcketim kaynakl\u0131 ortaya \u00e7\u0131kan karbon sal\u0131n\u0131m\u0131 olduk\u00e7a y\u00fcksek ve hava kirlili\u011fine \u00f6nemli etkileri oluyor. \u00c7evre dostu d\u00fc\u015f\u00fck emisyonlu elektrikli ara\u00e7lar\u0131n kullan\u0131m\u0131n\u0131 artt\u0131rmal\u0131y\u0131z. &nbsp;Bunlar\u0131n ihtiyac\u0131 olan elektrikli ara\u00e7 \u015farj istasyonlar\u0131 ne kadar yayg\u0131nla\u015f\u0131rsa bunlar\u0131n kullan\u0131m\u0131 o kadar \u00e7ok artacak. Bu da hava kalitesinin iyile\u015ftirilmesine ve n\u00f6tr karbon hedefimize \u00f6nemli katk\u0131 sa\u011flayacakt\u0131r\u201d diye konu\u015ftu.<\/p>\n\n\n\n<p>MAL\u0130YETTE C\u0130DD\u0130 FARK VAR<\/p>\n\n\n\n<p>Elektrikli ara\u00e7 kullan\u0131c\u0131s\u0131 Cem \u00d6zen ise \u015f\u00f6yle konu\u015ftu: \u201cFosil yak\u0131tlarda ciddi anlamda maliyet s\u00f6z konusu ama elektrikli ara\u00e7lar ile kar\u015f\u0131la\u015ft\u0131rd\u0131\u011f\u0131m\u0131zda ciddi anlamda fark var. Elektrikli ara\u00e7 \u015farj istasyonu T\u00fcrkiye\u2019nin bir\u00e7ok noktas\u0131nda yayg\u0131nla\u015f\u0131yor. Antalya B\u00fcy\u00fck\u015fehir Belediyesi\u2019ninde bu konuda \u00e7al\u0131\u015fma yapmas\u0131ndan dolay\u0131 mutluyuz. Cep telefonu uygulamas\u0131 ile arac\u0131m\u0131z \u015farj etmek istedi\u011fimiz noktalar\u0131 tespit edebiliyoruz.\u201d<\/p>\n\n\n\n<p>B\u00dcY\u00dcK\u015eEH\u0130R BELED\u0130YES\u0130 OTOPARKLARINDA KULLANIMA HAZIR<\/p>\n\n\n\n<p>Vatanda\u015flar\u0131n elektrikli ara\u00e7lar\u0131n\u0131 \u015farj edebilece\u011fi noktalar ise \u015f\u00f6yle: \u201cBeach Park orta k\u0131s\u0131m depo \u00f6n\u00fc, Beach Park bat\u0131 giri\u015fi, Mekanik katl\u0131 otopark trafo \u00f6n\u00fc, \u0130smet \u0130n\u00f6n\u00fc yeralt\u0131 otopark\u0131 -2. kat, Sar\u0131su mesire alan\u0131 y\u00f6netim ofisi trafo \u00f6n\u00fc, Atat\u00fcrk Park\u0131, D\u00fcden Park Lara, G\u00fcll\u00fck katl\u0131 otopark, Cumhuriyet otopark\u0131 ve I\u015f\u0131klar otopark\u0131.\u201d<\/p>\n\n\n\n<p>Antalya B\u00fcy\u00fck\u015fehir Belediyesi \/ B\u00fclten<\/p>\n","protected":false},"excerpt":{"rendered":"<p>Antalya B\u00fcy\u00fck\u015fehir Belediyesi, son y\u0131llarda artan elektrikli ara\u00e7 kullan\u0131m\u0131 ile elektrikli ara\u00e7 \u015farj istasyonu ihtiyac\u0131n\u0131 kar\u015f\u0131lamak amac\u0131yla farkl\u0131 noktalarda 25 \u015farj istasyonu kurdu. T\u00fcrkiye\u2019de elektrikli <a href=\"https:\/\/akdenizhaber.com.tr\/index.php\/2024\/02\/09\/buyuksehir-belediyesi-25-elektrikli-arac-sarj-istasyonu-kurdu\/\" class=\"read-more-link\">[more&#8230;]<\/a><\/p>\n","protected":false},"author":2,"featured_media":20355,"comment_status":"open","ping_status":"open","sticky":false,"template":"","format":"standard","meta":{"footnotes":""},"categories":[2],"tags":[],"class_list":["post-20354","post","type-post","status-publish","format-standard","has-post-thumbnail","hentry","category-gundem"],"_links":{"self":[{"href":"https:\/\/akdenizhaber.com.tr\/index.php\/wp-json\/wp\/v2\/posts\/20354","targetHints":{"allow":["GET"]}}],"collection":[{"href":"https:\/\/akdenizhaber.com.tr\/index.php\/wp-json\/wp\/v2\/posts"}],"about":[{"href":"https:\/\/akdenizhaber.com.tr\/index.php\/wp-json\/wp\/v2\/types\/post"}],"author":[{"embeddable":true,"href":"https:\/\/akdenizhaber.com.tr\/index.php\/wp-json\/wp\/v2\/users\/2"}],"replies":[{"embeddable":true,"href":"https:\/\/akdenizhaber.com.tr\/index.php\/wp-json\/wp\/v2\/comments?post=20354"}],"version-history":[{"count":0,"href":"https:\/\/akdenizhaber.com.tr\/index.php\/wp-json\/wp\/v2\/posts\/20354\/revisions"}],"wp:featuredmedia":[{"embeddable":true,"href":"https:\/\/akdenizhaber.com.tr\/index.php\/wp-json\/wp\/v2\/media\/20355"}],"wp:attachment":[{"href":"https:\/\/akdenizhaber.com.tr\/index.php\/wp-json\/wp\/v2\/media?parent=20354"}],"wp:term":[{"taxonomy":"category","embeddable":true,"href":"https:\/\/akdenizhaber.com.tr\/index.php\/wp-json\/wp\/v2\/categories?post=20354"},{"taxonomy":"post_tag","embeddable":true,"href":"https:\/\/akdenizhaber.com.tr\/index.php\/wp-json\/wp\/v2\/tags?post=20354"}],"curies":[{"name":"wp","href":"https:\/\/api.w.org\/{rel}","templated":true}]}}