{"id":20348,"date":"2024-02-09T13:38:08","date_gmt":"2024-02-09T10:38:08","guid":{"rendered":"https:\/\/akdenizhaber.com.tr\/?p=20348"},"modified":"2024-02-09T13:38:08","modified_gmt":"2024-02-09T10:38:08","slug":"tutuncu-antalyayi-altin-cagina-ulastiracak-projelerle-geliyoruz","status":"publish","type":"post","link":"https:\/\/akdenizhaber.com.tr\/index.php\/2024\/02\/09\/tutuncu-antalyayi-altin-cagina-ulastiracak-projelerle-geliyoruz\/","title":{"rendered":"T\u00fct\u00fcnc\u00fc: \u201cAntalya\u2019y\u0131 alt\u0131n \u00e7a\u011f\u0131na ula\u015ft\u0131racak projelerle geliyoruz\u201d"},"content":{"rendered":"\n<p><\/p>\n\n\n\n<p>Cumhur \u0130ttifak\u0131n\u0131n Antalya B\u00fcy\u00fck\u015fehir Belediye Ba\u015fkan aday\u0131 Hakan T\u00fct\u00fcnc\u00fc, \u201cYollar\u0131m\u0131z yetersiz, ula\u015f\u0131m a\u011f\u0131m\u0131z yetersiz. Hayat\u0131m\u0131z\u0131 derinden etkileyen bir trafik \u00e7ilesi ile kar\u015f\u0131 kar\u015f\u0131yay\u0131z. Ula\u015f\u0131m ve toplu ta\u015f\u0131ma sorununa \u00e7\u00f6z\u00fcm getirecek, Antalya\u2019y\u0131 alt\u0131n \u00e7a\u011f\u0131na ula\u015ft\u0131racak projelerle geliyoruz. \u201c dedi.<\/p>\n\n\n\n<p>Antalya\u2019n\u0131n her k\u00f6\u015fesini kar\u0131\u015f kar\u0131\u015f gezen Cumhur \u0130ttifak\u0131n\u0131n Antalya B\u00fcy\u00fck\u015fehir Belediye Ba\u015fkan aday\u0131 Hakan T\u00fct\u00fcnc\u00fc, Antalya Dayan\u0131\u015fma Grubu\u2019nun d\u00fczenledi\u011fi kahvalt\u0131 bulu\u015fmas\u0131na kat\u0131ld\u0131.&nbsp;&nbsp; Antalya Dayan\u0131\u015fma Grubu Ba\u015fkan\u0131 Erdal At\u0131lgan\u2019\u0131n ev sahipli\u011finde ger\u00e7ekle\u015ftirilen kahvalt\u0131da T\u00fct\u00fcnc\u00fc,&nbsp; i\u015f insanlar\u0131n\u0131n Antalya\u2019ya dair sordu\u011fu her soruyu samimiyetle cevaplad\u0131. T\u00fct\u00fcnc\u00fc\u2019ye, Antalya trafi\u011finden ula\u015f\u0131ma kadar bir\u00e7ok soru y\u00f6neltildi. T\u00fct\u00fcnc\u00fc\u2019ye,&nbsp; ilk gelen soru; \u201cAntalya\u2019n\u0131n en b\u00fcy\u00fck \u00e7ilesi olan trafik sorununu nas\u0131l \u00e7\u00f6zmeyi planl\u0131yorsunuz.\u201d oldu. T\u00fct\u00fcnc\u00fc, \u201cAntalya\u2019daki en \u00f6nemli sorunlar\u0131n ba\u015f\u0131nda trafik sorunu ve ard\u0131ndan da toplu ula\u015f\u0131m sorunu geliyor. Antalya, son birka\u00e7 y\u0131l i\u00e7inde ulusal ve uluslararas\u0131 bir cazibe ile kar\u015f\u0131 kar\u015f\u0131ya kald\u0131. Yollar\u0131m\u0131z yetersiz, ula\u015f\u0131m a\u011f\u0131m\u0131z yetersiz, toplu ula\u015f\u0131m d\u00fczenli de\u011fil, maalesef b\u00fct\u00fcn bunlar \u00fcst \u00fcste geldi\u011fi zaman hayat\u0131m\u0131z\u0131 derinden etkileyen bir trafik \u00e7ilesi \u015fehirde ya\u015fan\u0131yor. Problemlerin \u00e7\u00f6z\u00fcm\u00fc noktas\u0131nda da her zaman rasyonel d\u00fc\u015f\u00fcncenin, bilimsel bilginin yol g\u00f6stericili\u011finde ilerlemenin do\u011fru oldu\u011funu d\u00fc\u015f\u00fcn\u00fcyorum. Uzun zamand\u0131r bu problemin \u00e7\u00f6z\u00fcm\u00fcyle ilgili olarak T\u00fcrkiye\u2019de ve d\u00fcnya da \u00e7ok \u00f6nemli \u00e7\u00f6z\u00fcmler ortaya koymu\u015f firmalarla ve onlar\u0131n m\u00fchendisleriyle, uzmanlar\u0131yla bir \u00e7al\u0131\u015fma yapt\u0131k. Ve ger\u00e7ekten de ula\u015f\u0131m ve toplu ta\u015f\u0131mayla ilgili g\u00fczel bir proje haz\u0131rlad\u0131k. Trafik sorununa ili\u015fkin yeni arterler a\u00e7mazsan\u0131z, \u015fehre yeni merkezler kurmazsan\u0131z, k\u00f6pr\u00fcl\u00fc kav\u015fak, alt ge\u00e7it \u00fcst ge\u00e7it gibi \u00e7\u00f6z\u00fcmleri hayata ge\u00e7irmezseniz bu noktada, trafik problemini \u00e7\u00f6zebilmeniz, her y\u0131l Burdur n\u00fcfusu kadar artan otomobil say\u0131s\u0131n\u0131 \u015fehirde hareket ettirebilmeniz kolay olmaz. \u201c dedi.<\/p>\n\n\n\n<p>KEPEZ\u2019E ARTER YOLLAR A\u00c7TIK<\/p>\n\n\n\n<p>Antalya trafi\u011fi ile ilgili temel \u00e7\u00f6z\u00fcm noktalar\u0131n\u0131 da s\u0131ralayan T\u00fct\u00fcnc\u00fc, yeni ula\u015f\u0131m akslar\u0131n\u0131n a\u00e7\u0131lmas\u0131, kav\u015fak d\u00fczenlemelerinin yap\u0131lmas\u0131 gibi bir\u00e7ok yeni hizmetlere ihtiya\u00e7 var. \u2018Son 5 y\u0131lda \u015fehre yeni bir ula\u015f\u0131m hatt\u0131, yol a\u011f\u0131 eklemek istemiyoruz.\u2019 diyen bir y\u00f6netim var. Ben bunun mant\u0131\u011f\u0131n\u0131 bir t\u00fcrl\u00fc \u00e7\u00f6zebilmi\u015f de\u011filim. Biz, Kepez\u2019de il\u00e7e belediye imkanlar\u0131yla sadece yeni yap\u0131lan Antalya \u015eehir Hastanesine, hastane ve \u015fehir ba\u011flant\u0131s\u0131n\u0131 sa\u011flamak i\u00e7in 6 tane yeni arter yol a\u00e7t\u0131k. Bu hastaneye \u00f6n\u00fcm\u00fczdeki s\u00fcre\u00e7te 100 bin ki\u015finin gitmesi \u00f6ng\u00f6r\u00fcl\u00fcyor. Buraya yol a\u00e7madan bunu nas\u0131l yapacaks\u0131n\u0131z? M\u00fcmk\u00fcn de\u011fil. A\u00e7t\u0131\u011f\u0131m\u0131z hi\u00e7bir yol bizim yetki ve sorumlulu\u011fumuzdaki yollar de\u011fildi. Tamam\u0131 b\u00fcy\u00fck\u015fehirin yetki ve sorumlulu\u011fundayd\u0131. \u015eehir trafi\u011fini rahatlatmak i\u00e7in; Antalya-Burdur Karayolu, Antalya-Korkuteli istikametine gideceklerin \u015fehir trafi\u011fine inmeden ge\u00e7i\u015f sa\u011flayabilecekleri Aksu \u00fczerinden 2 tane damar yol a\u00e7t\u0131k. Havaalan\u0131 ve EXPO Bulvar\u0131na paralel, Alt\u0131nova imar\u0131 e\u011fer ki yap\u0131lmam\u0131\u015f olsayd\u0131, Gazi Bulvar\u0131na alternatif yol a\u00e7\u0131lamayacakt\u0131. Masa da\u011f\u0131 ge\u00e7itlerini yapmasayd\u0131k, Masa da\u011f\u0131 \u00fczerini ve Korkuteli kav\u015fa\u011f\u0131na ba\u011flayamayacakt\u0131k. Varsak, Kiri\u015f\u00e7iler ve Odaba\u015f\u0131\u2019ndan Burdur yoluna ba\u011flanan bir arter meydana getirdik. O yolda 3 gidi\u015f, 3 geli\u015f olmak \u00fczere 6 \u015feritli bir yoldur. Karayollar\u0131 yap\u0131s\u0131nda bir yoldur. Tamam\u0131yla belediye imkanlar\u0131yla yap\u0131lan bir yoldur. Kepez\u2019de a\u00e7t\u0131\u011f\u0131m\u0131z bir\u00e7ok bulvar var. E\u011fer biz bu bulvarlar\u0131 a\u00e7mam\u0131\u015f olsayd\u0131k, Alanya istikametinden gelip Korkuteli \u2013Burdur istikametine gidecek olan bug\u00fcn Gazi Bulvar\u0131 ya da Sakarya Bulvar\u0131n\u0131 kullanacakt\u0131. Varsak\u2019taki Kiri\u015f\u00e7iler yolunu a\u00e7masayd\u0131k, oray\u0131 Burdur yoluna ba\u011flamasayd\u0131k, Kepez\u2019in do\u011fu mahalleleri Korkuteli\u2019ne gitmek i\u00e7in hem S\u00fcleyman Demirel Bulvar\u0131n\u0131 hem de Sakarya Bulvar\u0131n\u0131 kullanacaklard\u0131. Ve \u015fehir merkezindeki s\u0131k\u0131\u015f\u0131kl\u0131k iki kat\u0131na \u00e7\u0131kacakt\u0131. Onun i\u00e7in yeni yollar a\u00e7mam\u0131z son derece k\u0131ymetli ve \u00f6nemli\u2026 Kav\u015fak d\u00fczenlemeleri yapmam\u0131z son derece \u00f6nemli\u2026\u201cdiye konu\u015ftu.<\/p>\n\n\n\n<p>Cumhur \u0130ttifak\u0131 Antalya B\u00fcy\u00fck\u015fehir Belediye Ba\u015fkan aday\u0131 Hakan T\u00fct\u00fcnc\u00fc, \u201cBiz Kepez\u2019de, bir eserin temelini atarken o eserin a\u00e7\u0131l\u0131\u015f tarihini s\u00f6yl\u00fcyoruz ve planlanan tarihte de a\u00e7\u0131yoruz. Bizim b\u00f6yle bir belediyecilik prati\u011fimiz var. Bug\u00fcne kadar hi\u00e7 mahcup olmad\u0131k. Antalya\u2019da da hayata ge\u00e7irece\u011fimiz her projeyi de yine bu anlay\u0131\u015fla ger\u00e7ekle\u015ftirece\u011fiz. \u201cdedi.&nbsp;<\/p>\n\n\n\n<p>B\u0130Z DERS\u0130M\u0130ZE \u0130Y\u0130 \u00c7ALI\u015eTIK<\/p>\n\n\n\n<p>Antalya\u2019n\u0131n caddelerinin insan ta\u015f\u0131mas\u0131 gerekirken daha \u00e7ok ara\u00e7 ta\u015f\u0131d\u0131\u011f\u0131na dikkati \u00e7eken T\u00fct\u00fcnc\u00fc, \u201cBunu nas\u0131l d\u00fczeltebiliriz? Toplu ula\u015f\u0131m sistemi iyile\u015ftirilirse, insanlar toplu ula\u015f\u0131m\u0131 hem ucuz, hem de \u00e7ok daha rahat kullanabilirlerse ve daha sayabilece\u011fimiz bir\u00e7ok y\u00f6ntem var. O zaman Antalyal\u0131lar\u0131n toplu ula\u015f\u0131m\u0131 tercih etmeleri daha da artacak. Toplu ula\u015f\u0131m\u0131n hem \u00f6zendirilmesi, hem kolay ula\u015f\u0131l\u0131r olmas\u0131, hem de konforlu hale getirilmesi gerekli. Bug\u00fcn ne ta\u015f\u0131yan memnun, ne ta\u015f\u0131nan memnun\u2026 Ta\u015f\u0131yan mutsuz de\u011filse ta\u015f\u0131nan nas\u0131l mutlu olacak? Her g\u00fcn direksiyon ba\u015f\u0131ndaki \u015fof\u00f6r karde\u015flerimiz mutlu de\u011filse, nas\u0131l mutluluk \u00fcreten bir hizmet yapacak? \u00d6nce onlar\u0131 mutlu edersek, sonra onlarla ta\u015f\u0131nanlar\u0131 mutlu edecek bir sistemi kurarsak, bunu modern zamanlar\u0131n bize sundu\u011fu imkanlarla yaparsak, \u00e7ok daha keyifli bir toplu ula\u015f\u0131m olur. Bug\u00fcn d\u00fcnyan\u0131n her taraf\u0131nda toplu ula\u015f\u0131m ile ilgili geli\u015ftirilen modern y\u00f6ntemler var. Biz dersimize iyi \u00e7al\u0131\u015ft\u0131k. \u201cdiye konu\u015ftu.<\/p>\n\n\n\n<p>BOR\u00c7LU B\u0130R BELED\u0130YE DEVRALACAKSINIZ<\/p>\n\n\n\n<p>\u201cMilyar dolarlar seviyesinde bor\u00e7lardan bahsedilen bir Antalya B\u00fcy\u00fck\u015fehir Belediyesi var. Siz b\u00f6yle bor\u00e7lu bir belediyeyi devralacaks\u0131n\u0131z. Ne yapmay\u0131 d\u00fc\u015f\u00fcn\u00fcyorsunuz?\u201d&nbsp; sorusuna da T\u00fct\u00fcnc\u00fc, \u201c2009 y\u0131l\u0131nda Kepez Belediye Ba\u015fkanl\u0131\u011f\u0131 g\u00f6revine geldi\u011fimde, Kepez i\u00e7in tan\u0131mlanan \u015fey, arka mahalle, varo\u015ftu\u2026 Biz g\u00f6reve geldi\u011fimizde belediyenin y\u0131ll\u0131k ger\u00e7ekle\u015fen b\u00fct\u00e7esinin y\u00fczde 50\u2019si kadar borcu vard\u0131.&nbsp;&nbsp; \u0130l\u00e7e belediyeleri bor\u00e7lanmay\u0131 finansal bir \u00e7\u00f6z\u00fcm olarak kullanamad\u0131klar\u0131 i\u00e7in bu \u00e7ok ciddi bir problemdi. 14\u2019nc\u00fc ay\u0131n sonunda ben devlete olan bor\u00e7lar dahil b\u00fct\u00fcn bor\u00e7lar\u0131 s\u0131f\u0131rlad\u0131m. Bug\u00fcn geldi\u011fimiz noktada Kepez Belediyesi\u2019nin yine hi\u00e7 kimseye borcu yok. Allah\u2019a bir can borcu, millete de hizmet borcu olan bir belediye var. &nbsp;Biz, Kepez\u2019de 90 bin gece kondu kald\u0131rd\u0131k. \u015eehrin potansiyelini ke\u015ffederseniz, kamunun kaynaklar\u0131n\u0131 do\u011fru kullan\u0131rsan\u0131z, devletin her kuru\u015funu kendi paran\u0131z gibi kullanmay\u0131 prensip haline getirirseniz kaynak sorunu olmaz.\u201d dedi. &nbsp;<\/p>\n\n\n\n<p>Kepez Belediyesi \/ B\u00fclten<\/p>\n","protected":false},"excerpt":{"rendered":"<p>Cumhur \u0130ttifak\u0131n\u0131n Antalya B\u00fcy\u00fck\u015fehir Belediye Ba\u015fkan aday\u0131 Hakan T\u00fct\u00fcnc\u00fc, \u201cYollar\u0131m\u0131z yetersiz, ula\u015f\u0131m a\u011f\u0131m\u0131z yetersiz. Hayat\u0131m\u0131z\u0131 derinden etkileyen bir trafik \u00e7ilesi ile kar\u015f\u0131 kar\u015f\u0131yay\u0131z. Ula\u015f\u0131m ve <a href=\"https:\/\/akdenizhaber.com.tr\/index.php\/2024\/02\/09\/tutuncu-antalyayi-altin-cagina-ulastiracak-projelerle-geliyoruz\/\" class=\"read-more-link\">[more&#8230;]<\/a><\/p>\n","protected":false},"author":2,"featured_media":20349,"comment_status":"open","ping_status":"open","sticky":false,"template":"","format":"standard","meta":{"footnotes":""},"categories":[2],"tags":[],"class_list":["post-20348","post","type-post","status-publish","format-standard","has-post-thumbnail","hentry","category-gundem"],"_links":{"self":[{"href":"https:\/\/akdenizhaber.com.tr\/index.php\/wp-json\/wp\/v2\/posts\/20348","targetHints":{"allow":["GET"]}}],"collection":[{"href":"https:\/\/akdenizhaber.com.tr\/index.php\/wp-json\/wp\/v2\/posts"}],"about":[{"href":"https:\/\/akdenizhaber.com.tr\/index.php\/wp-json\/wp\/v2\/types\/post"}],"author":[{"embeddable":true,"href":"https:\/\/akdenizhaber.com.tr\/index.php\/wp-json\/wp\/v2\/users\/2"}],"replies":[{"embeddable":true,"href":"https:\/\/akdenizhaber.com.tr\/index.php\/wp-json\/wp\/v2\/comments?post=20348"}],"version-history":[{"count":0,"href":"https:\/\/akdenizhaber.com.tr\/index.php\/wp-json\/wp\/v2\/posts\/20348\/revisions"}],"wp:featuredmedia":[{"embeddable":true,"href":"https:\/\/akdenizhaber.com.tr\/index.php\/wp-json\/wp\/v2\/media\/20349"}],"wp:attachment":[{"href":"https:\/\/akdenizhaber.com.tr\/index.php\/wp-json\/wp\/v2\/media?parent=20348"}],"wp:term":[{"taxonomy":"category","embeddable":true,"href":"https:\/\/akdenizhaber.com.tr\/index.php\/wp-json\/wp\/v2\/categories?post=20348"},{"taxonomy":"post_tag","embeddable":true,"href":"https:\/\/akdenizhaber.com.tr\/index.php\/wp-json\/wp\/v2\/tags?post=20348"}],"curies":[{"name":"wp","href":"https:\/\/api.w.org\/{rel}","templated":true}]}}