{"id":20345,"date":"2024-02-09T13:36:04","date_gmt":"2024-02-09T10:36:04","guid":{"rendered":"https:\/\/akdenizhaber.com.tr\/?p=20345"},"modified":"2024-02-09T13:36:05","modified_gmt":"2024-02-09T10:36:05","slug":"baskan-bocek-ansiad-sehrimizin-onemli-bir-degeri","status":"publish","type":"post","link":"https:\/\/akdenizhaber.com.tr\/index.php\/2024\/02\/09\/baskan-bocek-ansiad-sehrimizin-onemli-bir-degeri\/","title":{"rendered":"Ba\u015fkan B\u00f6cek: \u201cANS\u0130AD \u015fehrimizin \u00f6nemli bir de\u011feri\u201d"},"content":{"rendered":"\n<p><\/p>\n\n\n\n<p>Antalya B\u00fcy\u00fck\u015fehir Belediye Ba\u015fkan\u0131 Muhittin B\u00f6cek, Antalya Sanayici ve \u0130\u015f \u0130nsanlar\u0131 Derne\u011fi\u2019nin (ANS\u0130AD) yeni ba\u015fkan\u0131 Ercan \u00d6zbek ve y\u00f6netim kurulunu kabul etti. Ba\u015fkan B\u00f6cek, ANS\u0130AD\u2019\u0131n Antalya i\u00e7in katma de\u011fer, istihdam ve yat\u0131r\u0131m anlam\u0131nda \u00e7ok \u00f6nemli bir de\u011fer oldu\u011funu s\u00f6yledi.<\/p>\n\n\n\n<p>ANS\u0130AD\u2019\u0131nyeni Y\u00f6netim Kurulu Ba\u015fkan\u0131 Ercan \u00d6zbek ve y\u00f6netim kurulu \u00fcyeleri B\u00fcy\u00fck\u015fehir Belediye Ba\u015fkan\u0131 Muhittin B\u00f6cek\u2019i ziyaret etti. Ba\u015fkan Muhittin B\u00f6cek, ANS\u0130AD\u2019\u0131n yeni y\u00f6netimine ba\u015far\u0131lar diledi. ANS\u0130AD\u2019\u0131n Antalya\u2019n\u0131n \u00f6nemli bir de\u011feri oldu\u011funu s\u00f6yleyen Ba\u015fkan B\u00f6cek, \u201cYat\u0131r\u0131m, katma de\u011fer ve istihdam anlam\u0131nda Antalyal\u0131 i\u015f insanlar\u0131m\u0131z\u0131n \u015fehrimize \u00e7ok \u00f6nemli katk\u0131lar\u0131 var. Vergilerinizi Antalya\u2019ya \u00f6d\u00fcyorsunuz. Birlikte g\u00fczel projelere imza att\u0131k. \u00d6zellikle Giri\u015fimcilik Zirvemiz \u00e7ok ses getirdi. Yine g\u00fczel projelere imza ataca\u011f\u0131z\u201d dedi.<\/p>\n\n\n\n<p>HEP BERABER\u0130Z<\/p>\n\n\n\n<p>ANS\u0130AD Ba\u015fkan\u0131 Ercan \u00d6zbek ise Ba\u015fkan Muhittin B\u00f6cek\u2019e yeni d\u00f6nem i\u00e7in \u00e7\u0131kt\u0131\u011f\u0131 ba\u015fkanl\u0131k yolunda ba\u015far\u0131lar dileyerek, \u201cSize de hay\u0131rl\u0131 olsun Ba\u015fkan\u0131m. Birlikte hep beraberiz. B\u00fcy\u00fck\u015fehir Belediyemizi her zaman yan\u0131m\u0131zda g\u00f6rmekten mutluyuz. Umar\u0131m gelecek d\u00f6nemde de hep birlikte devam etme arzusunday\u0131z\u201d diye konu\u015ftu.<\/p>\n\n\n\n<p>Ziyaret an\u0131s\u0131na ANS\u0130AD Ba\u015fkan\u0131 \u00d6zbek, Ba\u015fkan Muhittin B\u00f6cek\u2019e plaket takdim etti.<\/p>\n\n\n\n<p>Antalya B\u00fcy\u00fck\u015fehir Belediyesi \/ B\u00fclten<\/p>\n","protected":false},"excerpt":{"rendered":"<p>Antalya B\u00fcy\u00fck\u015fehir Belediye Ba\u015fkan\u0131 Muhittin B\u00f6cek, Antalya Sanayici ve \u0130\u015f \u0130nsanlar\u0131 Derne\u011fi\u2019nin (ANS\u0130AD) yeni ba\u015fkan\u0131 Ercan \u00d6zbek ve y\u00f6netim kurulunu kabul etti. Ba\u015fkan B\u00f6cek, ANS\u0130AD\u2019\u0131n <a href=\"https:\/\/akdenizhaber.com.tr\/index.php\/2024\/02\/09\/baskan-bocek-ansiad-sehrimizin-onemli-bir-degeri\/\" class=\"read-more-link\">[more&#8230;]<\/a><\/p>\n","protected":false},"author":2,"featured_media":20346,"comment_status":"open","ping_status":"open","sticky":false,"template":"","format":"standard","meta":{"footnotes":""},"categories":[2],"tags":[],"class_list":["post-20345","post","type-post","status-publish","format-standard","has-post-thumbnail","hentry","category-gundem"],"_links":{"self":[{"href":"https:\/\/akdenizhaber.com.tr\/index.php\/wp-json\/wp\/v2\/posts\/20345","targetHints":{"allow":["GET"]}}],"collection":[{"href":"https:\/\/akdenizhaber.com.tr\/index.php\/wp-json\/wp\/v2\/posts"}],"about":[{"href":"https:\/\/akdenizhaber.com.tr\/index.php\/wp-json\/wp\/v2\/types\/post"}],"author":[{"embeddable":true,"href":"https:\/\/akdenizhaber.com.tr\/index.php\/wp-json\/wp\/v2\/users\/2"}],"replies":[{"embeddable":true,"href":"https:\/\/akdenizhaber.com.tr\/index.php\/wp-json\/wp\/v2\/comments?post=20345"}],"version-history":[{"count":0,"href":"https:\/\/akdenizhaber.com.tr\/index.php\/wp-json\/wp\/v2\/posts\/20345\/revisions"}],"wp:featuredmedia":[{"embeddable":true,"href":"https:\/\/akdenizhaber.com.tr\/index.php\/wp-json\/wp\/v2\/media\/20346"}],"wp:attachment":[{"href":"https:\/\/akdenizhaber.com.tr\/index.php\/wp-json\/wp\/v2\/media?parent=20345"}],"wp:term":[{"taxonomy":"category","embeddable":true,"href":"https:\/\/akdenizhaber.com.tr\/index.php\/wp-json\/wp\/v2\/categories?post=20345"},{"taxonomy":"post_tag","embeddable":true,"href":"https:\/\/akdenizhaber.com.tr\/index.php\/wp-json\/wp\/v2\/tags?post=20345"}],"curies":[{"name":"wp","href":"https:\/\/api.w.org\/{rel}","templated":true}]}}