{"id":20318,"date":"2024-02-08T15:03:43","date_gmt":"2024-02-08T12:03:43","guid":{"rendered":"https:\/\/akdenizhaber.com.tr\/?p=20318"},"modified":"2024-02-08T15:03:43","modified_gmt":"2024-02-08T12:03:43","slug":"sermayenin-buyuklugu-degil-yuregimizin-buyuklugu-onemlidir","status":"publish","type":"post","link":"https:\/\/akdenizhaber.com.tr\/index.php\/2024\/02\/08\/sermayenin-buyuklugu-degil-yuregimizin-buyuklugu-onemlidir\/","title":{"rendered":"\u201cSermayenin b\u00fcy\u00fckl\u00fc\u011f\u00fc de\u011fil, y\u00fcre\u011fimizin b\u00fcy\u00fckl\u00fc\u011f\u00fc \u00f6nemlidir\u201d"},"content":{"rendered":"\n<p><\/p>\n\n\n\n<p>\u00c7a\u011fda\u015f \u0130\u015f \u0130nsanlar Derne\u011fi (\u00c7A\u011eS\u0130AD) Antalya \u015eubesi, kurulu\u015funun 10\u2019ncu y\u0131l\u0131 nedeniyle yemekli bir etkinlik d\u00fczenledi. Etkinli\u011fe \u00c7A\u011eS\u0130AD Genel Ba\u015fkan\u0131 Mikail D\u00fczenli, \u0130stanbul ve \u0130zmir \u015eube ba\u015fkanlar\u0131, siyasiler ile dernek \u00fcyeleri yo\u011fun kat\u0131l\u0131m sa\u011flad\u0131.<\/p>\n\n\n\n<p>\u00c7a\u011fda\u015f d\u00fcnya g\u00f6r\u00fc\u015f\u00fcne sahip, ilkeli ve milli ekonomiye \u00f6nem veren i\u015f insanlar\u0131n\u0131 bir araya getirmeyi ama\u00e7layan \u00c7a\u011fda\u015f \u0130\u015f \u0130nsanlar Derne\u011fi\u2019nin (\u00c7A\u011eS\u0130AD) d\u00fczenledi\u011fi yemekli etkinli\u011fe CHP Antalya \u0130l Ba\u015fkan\u0131 Nail Kamac\u0131, CHP Kad\u0131n Kollar\u0131 Ba\u015fkan\u0131 Nil\u00fcfer Deveci, \u00f6nceki d\u00f6nem il ba\u015fkanlar\u0131 Nuri Cengiz, Nusret Bayar, CHP Konyaalt\u0131 \u0130l\u00e7e Ba\u015fkan\u0131 Demet G\u00fcnd\u00fcz, CHP\u2019nin \u00f6nceki d\u00f6nem Antalya B\u00fcy\u00fck\u015fehir Belediye Ba\u015fkan\u0131 Prof. Dr. Mustafa Akayd\u0131n, CHP Konyaalt\u0131 Belediye Ba\u015fkan Aday\u0131 Cem Kotan ile siyaset ve i\u015f d\u00fcnyas\u0131ndan bir\u00e7ok konuk kat\u0131ld\u0131.<\/p>\n\n\n\n<p>&nbsp;\u201cMilli Ekonominin \u00c7A\u011eS\u0130AD gibi \u00e7at\u0131 \u00f6rg\u00fctlerine ihtiyac\u0131 var\u201d<\/p>\n\n\n\n<p>\u00c7A\u011eS\u0130AD\u2019\u0131n bir gereklilik sonucu kuruldu\u011funun \u00f6nemine de\u011finen Antalya \u015eube Ba\u015fkan\u0131 Nurettin Gel, pandemi de ya\u015fam\u0131n\u0131 yitiren derne\u011fin kurucu \u00fcyesi Hasan H\u00fcseyin T\u00fcrke\u015f\u2019 i sayg\u0131 ve rahmetle and\u0131\u011f\u0131 konu\u015fmas\u0131nda, \u201c T\u00fcrk Milli Ekonomi \u2019sinin \u00c7A\u011eS\u0130AD gibi i\u015f \u00f6rg\u00fctlerine ihtiyac\u0131 var. Bir gereklilikten do\u011fan derne\u011fimiz, \u00fclkenin geli\u015fimine, teknolojisine ve \u00fcretimine katk\u0131 koyan i\u015f insanlar\u0131n\u0131n bir \u00e7at\u0131 alt\u0131nda \u00f6rg\u00fctlenmesini ama\u00e7layan bir felsefeye sahiptir\u201d dedi.<\/p>\n\n\n\n<p>\u201cT\u00dcS\u0130AD ve M\u00dcS\u0130AD hi\u00e7bir \u015fey yapmad\u0131\u201d<\/p>\n\n\n\n<p>T\u00dcS\u0130AD ve M\u00dcS\u0130AD gibi i\u015fveren \u00f6rg\u00fctlerinin k\u00fc\u00e7\u00fck ve orta \u00f6l\u00e7ekli i\u015fletmelere yeteri kadar \u00f6nem vermedi\u011fini ve de bu iki b\u00fcy\u00fck \u00f6rg\u00fctlenmenin pandemi d\u00f6neminde sessizliklerini korudu\u011funu belirten Gel, \u201cPandemi d\u00f6neminde k\u00fc\u00e7\u00fck ve orta \u00f6l\u00e7ekli i\u015fletmeler ma\u011fdur edilirken ne T\u00dcS\u0130AD ne de M\u00dcS\u0130AD bu i\u015fletmeler i\u00e7in hi\u00e7bir \u015fey yapmad\u0131\u201d dedi.<\/p>\n\n\n\n<p>\u201cDerne\u011fimizde yamyamla\u015fan i\u015f insan\u0131n\u0131n yeri yok\u201d<\/p>\n\n\n\n<p>\u00c7A\u011eS\u0130AD Antalya \u015eube Ba\u015fkan\u0131 Nurettin Gel konu\u015fmas\u0131n\u0131n devam\u0131nda; \u201c\u00dclkemize ithal mallar\u0131 dolduruyorlar. Yerli ve Milli \u00fcretim maalesef ask\u0131ya al\u0131nd\u0131. Ucuz ve kalitesiz mallar\u0131n piyasaya hakim olmas\u0131yla k\u00fc\u00e7\u00fck \u00f6l\u00e7ekli i\u015fletmelerin sonunu haz\u0131rl\u0131yorlar. Bu nedenle bu \u00fclkenin \u00c7A\u011eS\u0130AD gibi \u00e7a\u011fda\u015f i\u015f insanlar\u0131na ihtiyac\u0131 var. Ahlakl\u0131 \u00fcretim yapan, ilkeli milli \u00fcretim ve ekonomiye katk\u0131 koyan i\u015fverenlere ihtiyac\u0131 var. Bizim derne\u011fimizde \u00fclkemizin da\u011f\u0131n\u0131 ta\u015f\u0131n\u0131 delen, \u00fclkeyi talan eden, daha a\u00e7\u0131k\u00e7a yamyamla\u015fan i\u015f insanlar\u0131n\u0131n yeri yok! Derne\u011fimizde eme\u011fiyle, al\u0131n teriyle \u00fcreten, ekonomiye katk\u0131 koyan \u00e7a\u011fda\u015f, demokrat ve ayd\u0131n i\u015f insanlar\u0131na kap\u0131m\u0131z ve y\u00fcre\u011fimiz sonuna kadar a\u00e7\u0131kt\u0131r. Sermayenin b\u00fcy\u00fckl\u00fc\u011f\u00fc hi\u00e7 \u00f6nemli de\u011fil, y\u00fcre\u011fimizin b\u00fcy\u00fckl\u00fc\u011f\u00fc \u00f6nemlidir. Tan\u0131\u015ft\u0131, kayna\u015ft\u0131k ve \u00e7al\u0131\u015ft\u0131k bir ve b\u00fct\u00fcn olduk\u201d ifadelerine yer verdi.<\/p>\n\n\n\n<p>\u00c7A\u011eS\u0130AD\u2019tan Teknolojik devrim<\/p>\n\n\n\n<p>\u00c7A\u011eS\u0130AD Genel Ba\u015fkan\u0131 Mikail D\u00fczenli, gecede yapt\u0131\u011f\u0131 konu\u015fmas\u0131nda, \u201c\u00c7A\u011eS\u0130AD\u201d perspektifinin siyaset\u00e7ilerden b\u00fcrokrasiye, reel sekt\u00f6rden t\u00fcketicilere, bilim insanlar\u0131ndan, \u00fcniversitelere ve gen\u00e7lere kadar toplumun t\u00fcm kesimleri taraf\u0131ndan benimsenmesi ve sahip \u00e7\u0131k\u0131lmas\u0131n\u0131n \u00f6nemini dile getirdi.<\/p>\n\n\n\n<p>D\u00fczenli, \u201c\u00c7A\u011eS\u0130AD\u2019l\u0131n\u0131n ekonomik alanda b\u00fcy\u00fcme ve geli\u015fimini sa\u011flamay\u0131 hedefleyerek, yeni f\u0131rsatlar ve i\u015fbirli\u011fi olanaklar\u0131 olu\u015fturarak birlikte ki\u015fisel ve kurumsal geli\u015fime katk\u0131 sa\u011fl\u0131yoruz. \u00c7A\u011eS\u0130AD\u2019l\u0131 \u00fcyelerimizin liderlik vas\u0131flar\u0131n\u0131 geli\u015ftirerek \u00fcyelerimiz aras\u0131nda dayan\u0131\u015fma ruhunu sa\u011flamak i\u00e7in \u00e7al\u0131\u015fmalar ve etkinlikler d\u00fczenliyoruz. Hedefimiz; \u00fclkemizin ekonomisine katk\u0131da bulunarak yeni istihdam alanlar\u0131 a\u00e7mak ve geli\u015ftirmek \u00fczerine kurulu. Bu sebeple teknolojiye ayak uydurarak geli\u015ftirdi\u011fimiz uygulamam\u0131zla \u00fcyelerimiz birbirleriyle olan ileti\u015fimini daha da g\u00fc\u00e7lendirecek. T\u00fcm T\u00fcrkiye ve 7 \u00fclkede varl\u0131\u011f\u0131n\u0131 s\u00fcrd\u00fcren \u00c7A\u011eS\u0130AD\u2019\u0131n geli\u015fimine katk\u0131 sa\u011flayacak daha g\u00fc\u00e7l\u00fc olarak yolumuza devam ediyoruz\u201d dedi.<\/p>\n\n\n\n<p>Etkinlikte, uzun y\u0131llar kuruma emek vermi\u015f \u00fcyelere plaket takdiminin yan\u0131nda, derne\u011fe \u00fcyelikleri onaylanan i\u015f insanlar\u0131na \u00fcyelik rozetleri tak\u0131ld\u0131. Konuklar saz ekibinin seslendirdi\u011fi Anadolu ezgileri e\u015fli\u011finde unutamayacaklar\u0131 bir gece ya\u015fad\u0131lar.<\/p>\n\n\n\n<p>Haber Merkezi<\/p>\n","protected":false},"excerpt":{"rendered":"<p>\u00c7a\u011fda\u015f \u0130\u015f \u0130nsanlar Derne\u011fi (\u00c7A\u011eS\u0130AD) Antalya \u015eubesi, kurulu\u015funun 10\u2019ncu y\u0131l\u0131 nedeniyle yemekli bir etkinlik d\u00fczenledi. Etkinli\u011fe \u00c7A\u011eS\u0130AD Genel Ba\u015fkan\u0131 Mikail D\u00fczenli, \u0130stanbul ve \u0130zmir \u015eube <a href=\"https:\/\/akdenizhaber.com.tr\/index.php\/2024\/02\/08\/sermayenin-buyuklugu-degil-yuregimizin-buyuklugu-onemlidir\/\" class=\"read-more-link\">[more&#8230;]<\/a><\/p>\n","protected":false},"author":2,"featured_media":20319,"comment_status":"open","ping_status":"open","sticky":false,"template":"","format":"standard","meta":{"footnotes":""},"categories":[2],"tags":[],"class_list":["post-20318","post","type-post","status-publish","format-standard","has-post-thumbnail","hentry","category-gundem"],"_links":{"self":[{"href":"https:\/\/akdenizhaber.com.tr\/index.php\/wp-json\/wp\/v2\/posts\/20318","targetHints":{"allow":["GET"]}}],"collection":[{"href":"https:\/\/akdenizhaber.com.tr\/index.php\/wp-json\/wp\/v2\/posts"}],"about":[{"href":"https:\/\/akdenizhaber.com.tr\/index.php\/wp-json\/wp\/v2\/types\/post"}],"author":[{"embeddable":true,"href":"https:\/\/akdenizhaber.com.tr\/index.php\/wp-json\/wp\/v2\/users\/2"}],"replies":[{"embeddable":true,"href":"https:\/\/akdenizhaber.com.tr\/index.php\/wp-json\/wp\/v2\/comments?post=20318"}],"version-history":[{"count":0,"href":"https:\/\/akdenizhaber.com.tr\/index.php\/wp-json\/wp\/v2\/posts\/20318\/revisions"}],"wp:featuredmedia":[{"embeddable":true,"href":"https:\/\/akdenizhaber.com.tr\/index.php\/wp-json\/wp\/v2\/media\/20319"}],"wp:attachment":[{"href":"https:\/\/akdenizhaber.com.tr\/index.php\/wp-json\/wp\/v2\/media?parent=20318"}],"wp:term":[{"taxonomy":"category","embeddable":true,"href":"https:\/\/akdenizhaber.com.tr\/index.php\/wp-json\/wp\/v2\/categories?post=20318"},{"taxonomy":"post_tag","embeddable":true,"href":"https:\/\/akdenizhaber.com.tr\/index.php\/wp-json\/wp\/v2\/tags?post=20318"}],"curies":[{"name":"wp","href":"https:\/\/api.w.org\/{rel}","templated":true}]}}