{"id":20287,"date":"2024-02-07T12:11:41","date_gmt":"2024-02-07T09:11:41","guid":{"rendered":"https:\/\/akdenizhaber.com.tr\/?p=20287"},"modified":"2024-02-07T12:11:41","modified_gmt":"2024-02-07T09:11:41","slug":"akdeniz-universitesi-depremde-vefat-eden-ogrencilerini-unutmadi","status":"publish","type":"post","link":"https:\/\/akdenizhaber.com.tr\/index.php\/2024\/02\/07\/akdeniz-universitesi-depremde-vefat-eden-ogrencilerini-unutmadi\/","title":{"rendered":"Akdeniz \u00dcniversitesi depremde vefat eden \u00f6\u011frencilerini unutmad\u0131"},"content":{"rendered":"\n<p>Akdeniz \u00dcniversitesi, asr\u0131n felaketi olan 6 \u015eubat Kahramanmara\u015f depreminde kaybetti\u011fi 20 \u00f6\u011frenci i\u00e7in fak\u00fcltelerde anma k\u00f6\u015fesi olu\u015fturuyor. Depremin y\u0131l d\u00f6n\u00fcm\u00fcnde vefat eden \u00f6\u011frencileri anan Rekt\u00f6r \u00d6zkan onlar\u0131n hat\u0131ralar\u0131n\u0131 daima ya\u015fatacaklar\u0131n\u0131 s\u00f6yledi.<\/p>\n\n\n\n<p>Akdeniz \u00dcniversitesi Senatosu taraf\u0131ndan al\u0131nan karar do\u011frultusunda depremde hayat\u0131n\u0131 kaybeden \u00f6\u011frenciler i\u00e7in kendi fak\u00fcltelerde anma k\u00f6\u015fesi olu\u015fturuyor.Depremde ya\u015fam\u0131n\u0131 yitiren 20 \u00f6\u011frencinin &nbsp;hat\u0131ras\u0131 fak\u00fcltelerinde ya\u015fat\u0131lacak.<\/p>\n\n\n\n<p>\u201cEVLATLARIMIZI UNUTMAYACA\u011eIZ\u201d<\/p>\n\n\n\n<p>6 \u015eubat tarihinin t\u00fcm T\u00fcrkiye i\u00e7in ac\u0131 bir g\u00fcn oldu\u011funu s\u00f6yleyen Akdeniz \u00dcniversitesi Rekt\u00f6r\u00fc Prof. Dr. \u00d6zlenen \u00d6zkan, \u201c6 \u015eubat sabah\u0131 b\u00fcy\u00fck bir ac\u0131ya uyand\u0131k. Depremin \u00fczerinden bir y\u0131l ge\u00e7ti ancak ac\u0131lar\u0131m\u0131z hala \u00e7ok taze. T\u00fcm T\u00fcrkiye&#8217;yi yaralayan depremde Akdeniz \u00dcniversitesi olarak 20 evlad\u0131m\u0131z\u0131 yitirdik. Onlar\u0131 hi\u00e7 bir zaman unutmad\u0131k, unutmayaca\u011f\u0131z da. Onlar\u0131n hat\u0131ralar\u0131n\u0131 hem kalbimizde hem de okuduklar\u0131 fak\u00fcltelerde ya\u015fataca\u011f\u0131z.\u201ddedi.<\/p>\n\n\n\n<p>\u201cDESTEK OLMAYA DEVAM ED\u0130YORUZ\u201d<\/p>\n\n\n\n<p>Depremin ard\u0131ndan t\u00fcm T\u00fcrkiye&#8217;nin tek y\u00fcrek oldu\u011funu hat\u0131rlatan Rekt\u00f6r \u00d6zkan, \u201cHer zaman oldu\u011fu gibi zor zamanlarda kenetlenen T\u00fcrk milletinin dayan\u0131\u015fma g\u00fcc\u00fcne bir kez daha \u015fahit oldum. Deprem sonras\u0131 Hatay\u2019a giderek ya\u015fanan felaketi bizzat yerinde g\u00f6rd\u00fcm.6 bin \u00f6\u011frencimiz vard\u0131 deprem b\u00f6lgesinde. Hem onlara hem vatanda\u015flar\u0131m\u0131za elimizden geldi\u011fince destek olmak istedik. Yine o d\u00f6nem depremzedelerimizi \u00fcniversitemizde a\u011f\u0131rlad\u0131k. En zor zamanlar\u0131nda yaralar\u0131n\u0131 bir nebze de olsa sarmaya \u00e7al\u0131\u015ft\u0131k. Halen de depremzede vatanda\u015flara elimizden geldi\u011fince destek olmaya devam ediyoruz.\u201d diye konu\u015ftu. Akdeniz \u00dcniversitesi olarak gerek bilimsel \u00e7al\u0131\u015fmalar, gerektopluma katk\u0131 \u00e7al\u0131\u015fmalar\u0131yla deprem \u00e7al\u0131\u015fmalar\u0131na katk\u0131 sunmaya devam ettiklerini s\u00f6yleyen Rekt\u00f6r \u00d6zkan,\u201cDilerim bir daha b\u00f6yle b\u00fcy\u00fck ac\u0131lar ya\u015famay\u0131z. Depremde ya\u015fam\u0131n\u0131 yitirenlere tekrar Allah\u2019tan rahmet diliyorum.\u201d \u015feklinde konu\u015ftu.<\/p>\n\n\n\n<p>Akdeniz \u00dcniversitesi Rekt\u00f6rl\u00fc\u011f\u00fc \/ B\u00fclten<\/p>\n","protected":false},"excerpt":{"rendered":"<p>Akdeniz \u00dcniversitesi, asr\u0131n felaketi olan 6 \u015eubat Kahramanmara\u015f depreminde kaybetti\u011fi 20 \u00f6\u011frenci i\u00e7in fak\u00fcltelerde anma k\u00f6\u015fesi olu\u015fturuyor. Depremin y\u0131l d\u00f6n\u00fcm\u00fcnde vefat eden \u00f6\u011frencileri anan Rekt\u00f6r <a href=\"https:\/\/akdenizhaber.com.tr\/index.php\/2024\/02\/07\/akdeniz-universitesi-depremde-vefat-eden-ogrencilerini-unutmadi\/\" class=\"read-more-link\">[more&#8230;]<\/a><\/p>\n","protected":false},"author":2,"featured_media":20289,"comment_status":"open","ping_status":"open","sticky":false,"template":"","format":"standard","meta":{"footnotes":""},"categories":[2],"tags":[],"class_list":["post-20287","post","type-post","status-publish","format-standard","has-post-thumbnail","hentry","category-gundem"],"_links":{"self":[{"href":"https:\/\/akdenizhaber.com.tr\/index.php\/wp-json\/wp\/v2\/posts\/20287","targetHints":{"allow":["GET"]}}],"collection":[{"href":"https:\/\/akdenizhaber.com.tr\/index.php\/wp-json\/wp\/v2\/posts"}],"about":[{"href":"https:\/\/akdenizhaber.com.tr\/index.php\/wp-json\/wp\/v2\/types\/post"}],"author":[{"embeddable":true,"href":"https:\/\/akdenizhaber.com.tr\/index.php\/wp-json\/wp\/v2\/users\/2"}],"replies":[{"embeddable":true,"href":"https:\/\/akdenizhaber.com.tr\/index.php\/wp-json\/wp\/v2\/comments?post=20287"}],"version-history":[{"count":0,"href":"https:\/\/akdenizhaber.com.tr\/index.php\/wp-json\/wp\/v2\/posts\/20287\/revisions"}],"wp:featuredmedia":[{"embeddable":true,"href":"https:\/\/akdenizhaber.com.tr\/index.php\/wp-json\/wp\/v2\/media\/20289"}],"wp:attachment":[{"href":"https:\/\/akdenizhaber.com.tr\/index.php\/wp-json\/wp\/v2\/media?parent=20287"}],"wp:term":[{"taxonomy":"category","embeddable":true,"href":"https:\/\/akdenizhaber.com.tr\/index.php\/wp-json\/wp\/v2\/categories?post=20287"},{"taxonomy":"post_tag","embeddable":true,"href":"https:\/\/akdenizhaber.com.tr\/index.php\/wp-json\/wp\/v2\/tags?post=20287"}],"curies":[{"name":"wp","href":"https:\/\/api.w.org\/{rel}","templated":true}]}}