{"id":20278,"date":"2024-02-07T12:08:43","date_gmt":"2024-02-07T09:08:43","guid":{"rendered":"https:\/\/akdenizhaber.com.tr\/?p=20278"},"modified":"2024-02-07T12:08:43","modified_gmt":"2024-02-07T09:08:43","slug":"mirandan-ek-tazminat-talebi","status":"publish","type":"post","link":"https:\/\/akdenizhaber.com.tr\/index.php\/2024\/02\/07\/mirandan-ek-tazminat-talebi\/","title":{"rendered":"Miran\u2019dan ek tazminat talebi"},"content":{"rendered":"\n<p>Memur Sen Antalya \u0130l Temsilcisi Ey\u00fcp B\u00fclent Miran, deprem b\u00f6lgesindeki kamu g\u00f6revlilerinin gelir vergisi oranlar\u0131n\u0131n y\u00fczde 15\u2019te sabitlenmesi, derece y\u00fckselmesinin iki y\u0131lda bir yap\u0131larak hizmet puan\u0131n\u0131n tavandan \u00f6denmesi ve b\u00f6lgedeki \u00e7al\u0131\u015fanlara ek tazminat \u00f6denmesi gerekti\u011fini vurgulad\u0131.<\/p>\n\n\n\n<p>\u2018\u0130lk andan itibaren yanlar\u0131nda olduk\u2019<\/p>\n\n\n\n<p>Memur Sen Antalya temsilcisi ve E\u011fitim Bir Sen \u015eube Ba\u015fkan\u0131 Ey\u00fcp B\u00fclent Miran, 6 \u015eubat depremlerinin y\u0131ld\u00f6n\u00fcm\u00fcnde yapt\u0131\u011f\u0131 a\u00e7\u0131klamada \u00f6lenlere rahmet dileyerek sendika olarak ilk andan itibaren asr\u0131n dayan\u0131\u015fmas\u0131 ile depremzedelerin yan\u0131nda olduklar\u0131n\u0131 s\u00f6yledi.<\/p>\n\n\n\n<p>T\u00fcrkiye genelinde yard\u0131m seferberli\u011fi<\/p>\n\n\n\n<p>Miran, \u201cE\u011fitim-Bir-Sen ve Memur-Sen olarak, depremlerden etkilenen illerdeki arama-kurtarma ve yard\u0131m \u00e7al\u0131\u015fmalar\u0131na ilk andan itibaren kat\u0131ld\u0131k, \u2018asr\u0131n dayan\u0131\u015fmas\u0131\u2019 ile insan\u0131m\u0131z\u0131n yan\u0131nda olduk. 270 ki\u015filik arama-kurtarma ekibimiz, ilk andan itibaren b\u00f6lgede \u00e7al\u0131\u015fmalara ba\u015flayarak onlarca can\u0131 enkaz alt\u0131ndan kurtard\u0131. Saha \u00e7al\u0131\u015fmalar\u0131 ile birlikte T\u00fcrkiye genelinde yard\u0131m seferberli\u011fi ba\u015flatt\u0131k. 71 ildeki il temsilciliklerimiz vas\u0131tas\u0131yla b\u00f6lgeye yard\u0131m TIR\u2019lar\u0131 g\u00f6nderdik. Konukevimizi ve otelimizi depremzedelere a\u00e7t\u0131k. \u2018T\u00fcrkiye Tek Y\u00fcrek\u2019 kampanyas\u0131na Memur-Sen olarak 10 milyon lira nakdi yard\u0131mda bulunduk. 550 \u00e7ad\u0131r ve 150 TIR\u2019l\u0131k yard\u0131m g\u00f6nderdik. E\u011fitimin s\u00fcrmesi, e\u011fitimcilerin ma\u011fdur olmamas\u0131 i\u00e7in olanca g\u00fcc\u00fcm\u00fczle \u00e7aba g\u00f6sterdik\u201d dedi.<\/p>\n\n\n\n<p>\u2018Kentsel d\u00f6n\u00fc\u015f\u00fcm etkin uygulanmal\u0131\u2019<\/p>\n\n\n\n<p>11 ili etkileyen depremin ard\u0131ndan 1 y\u0131l i\u00e7inde verilen konutlar\u0131n teslim edilmeye ba\u015flad\u0131\u011f\u0131n\u0131 belirten Miran, bu durumun hayata g\u00fc\u00e7 vermekte ve umutlar\u0131 daha da canland\u0131rmakta oldu\u011funu dile getirdi. Miran, \u201cBu ba\u015far\u0131lar\u0131n, depreme dayan\u0131kl\u0131l\u0131\u011f\u0131 esas alan kentsel d\u00f6n\u00fc\u015f\u00fcm program\u0131n\u0131n etkin uygulanmas\u0131n\u0131n ba\u015flang\u0131c\u0131 olmas\u0131n\u0131 diliyoruz\u201d dedi.<\/p>\n\n\n\n<p>Deprem b\u00f6lgesinde \u00e7al\u0131\u015fma \u015fartlar\u0131 hakk\u0131nda da konu\u015fan Ba\u015fkan Ey\u00fcp B\u00fclent Miran, b\u00f6lgedeki \u00f6\u011fretmenlerin \u00e7al\u0131\u015fma \u015fartlar\u0131n\u0131n daha da iyile\u015ftirilmesi ve \u00e7al\u0131\u015fanlara ek tazminat \u00f6denmesi gerekti\u011fini s\u00f6yledi.<\/p>\n\n\n\n<p>\u2018Personel istihdam\u0131 artt\u0131r\u0131lmal\u0131\u2019<\/p>\n\n\n\n<p>Miran s\u00f6zlerini \u015f\u00f6yle s\u00fcrd\u00fcrd\u00fc: \u201cHem b\u00f6lgedeki \u00f6\u011fretmenlerin hem de yeni atanacak \u00f6\u011fretmenlerin kal\u0131c\u0131 konutlara ula\u015fmas\u0131 \u00f6ncelikle de\u011ferlendirilmeli; e\u011fitim \u00e7al\u0131\u015fanlar\u0131n\u0131n b\u00f6lgedeki g\u00f6revlerinin s\u00fcreklili\u011finin sa\u011flanmas\u0131na y\u00f6nelik te\u015fvik edici \u00f6nlemler al\u0131nmal\u0131d\u0131r. Deprem b\u00f6lgesinde kamu hizmetinin eksiksiz y\u00fcr\u00fct\u00fclmesi i\u00e7in sa\u011fl\u0131k, teknik ve idari alanda personel istihdam\u0131 art\u0131r\u0131lmal\u0131; tayin, ge\u00e7ici ve s\u00fcrekli g\u00f6revlendirme uygulamalar\u0131n\u0131n kapsam\u0131 geni\u015fletilmelidir. Deprem b\u00f6lgesindeki illerin 5 ve 6. derecelerden say\u0131lmas\u0131 i\u00e7in d\u00fczenleme yap\u0131lmal\u0131d\u0131r. Deprem b\u00f6lgesindeki kamu g\u00f6revlileri ba\u015fta olmak \u00fczere kadroya ge\u00e7en personele \u00fc\u00e7 y\u0131ll\u0131k hizmet s\u00fcresi \u015fart\u0131 aranmadan yer de\u011fi\u015fikli\u011fi hakk\u0131 tan\u0131nmal\u0131, \u00f6zellikle s\u00f6z konusu kamu g\u00f6revlileri aile b\u00fct\u00fcnl\u00fc\u011f\u00fcne dayal\u0131 yer de\u011fi\u015fikli\u011fi hakk\u0131ndan faydaland\u0131r\u0131lmal\u0131d\u0131r. Deprem b\u00f6lgesi \u015fartlar\u0131 da dikkate al\u0131narak giyim yard\u0131m\u0131 tutar\u0131 art\u0131r\u0131lmal\u0131, kamu g\u00f6revlileri i\u00e7in \u00f6ncelikle konut sorunu \u00e7\u00f6z\u00fclmeli, TOK\u0130 ve benzeri kurumlar arac\u0131l\u0131\u011f\u0131yla kamu g\u00f6revlileri i\u00e7in ayr\u0131 konut projeleri hayata ge\u00e7irilmelidir. Deprem b\u00f6lgesindeki kamu g\u00f6revlilerinin gelir vergisi oranlar\u0131 y\u00fczde 15\u2019te sabitlenmeli, derece y\u00fckselmesi iki y\u0131lda bir yap\u0131larak hizmet puan\u0131n\u0131n tavandan \u00f6denmesi sa\u011flanmal\u0131d\u0131r. Bu vesile ile E\u011fitim-Bir-Sen olarak, milletimize bir kez daha ge\u00e7mi\u015f olsun diyor; sab\u0131r, metanet ve karde\u015flik duygular\u0131ndan \u00f6t\u00fcr\u00fc milletimizin her bir ferdini tebrik ediyoruz. Bu ruh y\u00fcceli\u011finin ger\u00e7ek y\u00fcceli\u015f olan Mira\u00e7 gecesinde ayr\u0131 bir de\u011fer ta\u015f\u0131d\u0131\u011f\u0131 inanc\u0131yla, Allah bizleri b\u00f6yle felaketlerden muhafaza etsin diyoruz\u201d<\/p>\n\n\n\n<p>Memur Sen \/ B\u00fclten<\/p>\n","protected":false},"excerpt":{"rendered":"<p>Memur Sen Antalya \u0130l Temsilcisi Ey\u00fcp B\u00fclent Miran, deprem b\u00f6lgesindeki kamu g\u00f6revlilerinin gelir vergisi oranlar\u0131n\u0131n y\u00fczde 15\u2019te sabitlenmesi, derece y\u00fckselmesinin iki y\u0131lda bir yap\u0131larak hizmet <a href=\"https:\/\/akdenizhaber.com.tr\/index.php\/2024\/02\/07\/mirandan-ek-tazminat-talebi\/\" class=\"read-more-link\">[more&#8230;]<\/a><\/p>\n","protected":false},"author":2,"featured_media":20279,"comment_status":"open","ping_status":"open","sticky":false,"template":"","format":"standard","meta":{"footnotes":""},"categories":[2],"tags":[],"class_list":["post-20278","post","type-post","status-publish","format-standard","has-post-thumbnail","hentry","category-gundem"],"_links":{"self":[{"href":"https:\/\/akdenizhaber.com.tr\/index.php\/wp-json\/wp\/v2\/posts\/20278","targetHints":{"allow":["GET"]}}],"collection":[{"href":"https:\/\/akdenizhaber.com.tr\/index.php\/wp-json\/wp\/v2\/posts"}],"about":[{"href":"https:\/\/akdenizhaber.com.tr\/index.php\/wp-json\/wp\/v2\/types\/post"}],"author":[{"embeddable":true,"href":"https:\/\/akdenizhaber.com.tr\/index.php\/wp-json\/wp\/v2\/users\/2"}],"replies":[{"embeddable":true,"href":"https:\/\/akdenizhaber.com.tr\/index.php\/wp-json\/wp\/v2\/comments?post=20278"}],"version-history":[{"count":0,"href":"https:\/\/akdenizhaber.com.tr\/index.php\/wp-json\/wp\/v2\/posts\/20278\/revisions"}],"wp:featuredmedia":[{"embeddable":true,"href":"https:\/\/akdenizhaber.com.tr\/index.php\/wp-json\/wp\/v2\/media\/20279"}],"wp:attachment":[{"href":"https:\/\/akdenizhaber.com.tr\/index.php\/wp-json\/wp\/v2\/media?parent=20278"}],"wp:term":[{"taxonomy":"category","embeddable":true,"href":"https:\/\/akdenizhaber.com.tr\/index.php\/wp-json\/wp\/v2\/categories?post=20278"},{"taxonomy":"post_tag","embeddable":true,"href":"https:\/\/akdenizhaber.com.tr\/index.php\/wp-json\/wp\/v2\/tags?post=20278"}],"curies":[{"name":"wp","href":"https:\/\/api.w.org\/{rel}","templated":true}]}}