{"id":20275,"date":"2024-02-07T12:07:53","date_gmt":"2024-02-07T09:07:53","guid":{"rendered":"https:\/\/akdenizhaber.com.tr\/?p=20275"},"modified":"2024-02-07T12:07:53","modified_gmt":"2024-02-07T09:07:53","slug":"depremde-hayatlarini-kaybeden-vatandaslarimiz-kepezde-dualarla-anildi","status":"publish","type":"post","link":"https:\/\/akdenizhaber.com.tr\/index.php\/2024\/02\/07\/depremde-hayatlarini-kaybeden-vatandaslarimiz-kepezde-dualarla-anildi\/","title":{"rendered":"Depremde hayatlar\u0131n\u0131 kaybeden vatanda\u015flar\u0131m\u0131z Kepez\u2019de dualarla an\u0131ld\u0131"},"content":{"rendered":"\n<p>Kepez Belediyesi\u2019nin katk\u0131lar\u0131yla, Antalya Hem\u015fehri Dernekleri taraf\u0131ndan 6 \u015eubat depreminin sene-i devriyesinde hayat\u0131n\u0131 kaybeden vatanda\u015flar\u0131m\u0131z i\u00e7in Mevlid-i \u015eerif okutuldu.<\/p>\n\n\n\n<p>Kepez\u2019de deprem de hayatlar\u0131n\u0131 kaybeden vatanda\u015flar\u0131m\u0131z dualarla an\u0131ld\u0131. \u00c7elebi Sultan Mehmet Camii\u2019nde d\u00fczenlenen \u2018Mevlid-i \u015eerif ve Dua Program\u0131\u2019na, Kepez Kaymakam\u0131 Nusret \u015eahin, Cumhur \u0130ttifak\u0131\u2019n\u0131n Kepez Belediye Ba\u015fkan\u0131 ve Antalya B\u00fcy\u00fck\u015fehir Belediye Ba\u015fkan aday\u0131 Hakan T\u00fct\u00fcnc\u00fc, Antalya Hem\u015fehri Dernekleri ve \u00e7ok say\u0131da vatanda\u015f kat\u0131ld\u0131. Kur-an Tilaveti ile ba\u015flayan program Mevlid-i &nbsp;\u015eerif ve hayat\u0131n\u0131 kaybeden vatanda\u015flar\u0131m\u0131z i\u00e7in dualarla son buldu. Kepez Belediye Ba\u015fkan\u0131 ve Cumhur \u0130ttifak\u0131\u2019n\u0131n Antalya B\u00fcy\u00fck\u015fehir Belediye Ba\u015fkan aday\u0131 Hakan T\u00fct\u00fcnc\u00fc, \u201cEbediyete irtihal etmi\u015f depremzede vatanda\u015flar\u0131m\u0131z\u0131 rahmetle an\u0131yorum. Rabbim cennetiyle, cemaliyle m\u00fc\u015ferref eylesin. Rabbim milletimizi ve devletimizi her t\u00fcrl\u00fc tehlikelerden ve afetlerden korusun. Bir daha memleketimize b\u00f6yle b\u00fcy\u00fck ac\u0131lar, kederler asla g\u00f6stermesin. \u201c dedi.<\/p>\n\n\n\n<p>&nbsp;Kepez Belediyesi \/ B\u00fclten<\/p>\n","protected":false},"excerpt":{"rendered":"<p>Kepez Belediyesi\u2019nin katk\u0131lar\u0131yla, Antalya Hem\u015fehri Dernekleri taraf\u0131ndan 6 \u015eubat depreminin sene-i devriyesinde hayat\u0131n\u0131 kaybeden vatanda\u015flar\u0131m\u0131z i\u00e7in Mevlid-i \u015eerif okutuldu. Kepez\u2019de deprem de hayatlar\u0131n\u0131 kaybeden vatanda\u015flar\u0131m\u0131z <a href=\"https:\/\/akdenizhaber.com.tr\/index.php\/2024\/02\/07\/depremde-hayatlarini-kaybeden-vatandaslarimiz-kepezde-dualarla-anildi\/\" class=\"read-more-link\">[more&#8230;]<\/a><\/p>\n","protected":false},"author":2,"featured_media":20276,"comment_status":"open","ping_status":"open","sticky":false,"template":"","format":"standard","meta":{"footnotes":""},"categories":[2],"tags":[],"class_list":["post-20275","post","type-post","status-publish","format-standard","has-post-thumbnail","hentry","category-gundem"],"_links":{"self":[{"href":"https:\/\/akdenizhaber.com.tr\/index.php\/wp-json\/wp\/v2\/posts\/20275","targetHints":{"allow":["GET"]}}],"collection":[{"href":"https:\/\/akdenizhaber.com.tr\/index.php\/wp-json\/wp\/v2\/posts"}],"about":[{"href":"https:\/\/akdenizhaber.com.tr\/index.php\/wp-json\/wp\/v2\/types\/post"}],"author":[{"embeddable":true,"href":"https:\/\/akdenizhaber.com.tr\/index.php\/wp-json\/wp\/v2\/users\/2"}],"replies":[{"embeddable":true,"href":"https:\/\/akdenizhaber.com.tr\/index.php\/wp-json\/wp\/v2\/comments?post=20275"}],"version-history":[{"count":0,"href":"https:\/\/akdenizhaber.com.tr\/index.php\/wp-json\/wp\/v2\/posts\/20275\/revisions"}],"wp:featuredmedia":[{"embeddable":true,"href":"https:\/\/akdenizhaber.com.tr\/index.php\/wp-json\/wp\/v2\/media\/20276"}],"wp:attachment":[{"href":"https:\/\/akdenizhaber.com.tr\/index.php\/wp-json\/wp\/v2\/media?parent=20275"}],"wp:term":[{"taxonomy":"category","embeddable":true,"href":"https:\/\/akdenizhaber.com.tr\/index.php\/wp-json\/wp\/v2\/categories?post=20275"},{"taxonomy":"post_tag","embeddable":true,"href":"https:\/\/akdenizhaber.com.tr\/index.php\/wp-json\/wp\/v2\/tags?post=20275"}],"curies":[{"name":"wp","href":"https:\/\/api.w.org\/{rel}","templated":true}]}}