{"id":20272,"date":"2024-02-07T12:07:07","date_gmt":"2024-02-07T09:07:07","guid":{"rendered":"https:\/\/akdenizhaber.com.tr\/?p=20272"},"modified":"2024-02-07T12:07:07","modified_gmt":"2024-02-07T09:07:07","slug":"depremde-hayatini-kaybedenler-icin-lokma-dagitildi","status":"publish","type":"post","link":"https:\/\/akdenizhaber.com.tr\/index.php\/2024\/02\/07\/depremde-hayatini-kaybedenler-icin-lokma-dagitildi\/","title":{"rendered":"Depremde hayat\u0131n\u0131 kaybedenler i\u00e7in lokma da\u011f\u0131t\u0131ld\u0131"},"content":{"rendered":"\n<p>Antalya B\u00fcy\u00fck\u015fehir Belediyesi, 6 \u015eubat Kahramanmara\u015f depremlerinin y\u0131l d\u00f6n\u00fcm\u00fcnde hayat\u0131n\u0131 kaybeden vatanda\u015flar i\u00e7in lokma da\u011f\u0131tt\u0131.<\/p>\n\n\n\n<p>6 \u015eubat 2023 tarihinde Kahramanmara\u015f merkezli ger\u00e7ekle\u015fen ve 11 \u015fehirde b\u00fcy\u00fck y\u0131k\u0131ma neden olan depremlerin birinci y\u0131l\u0131nda hayat\u0131n\u0131 kaybedenler, Antalya\u2019da b\u00fcy\u00fck bir \u00fcz\u00fcnt\u00fcyle an\u0131l\u0131yor. Antalya B\u00fcy\u00fck\u015fehir Belediyesi saat 04.17\u2019de d\u00fczenledi\u011fi anma t\u00f6reninin ard\u0131ndan, depremlerde hayat\u0131n\u0131 kaybeden vatanda\u015flar i\u00e7in lokma d\u00f6kt\u00fc. Antalya B\u00fcy\u00fck\u015fehir Belediyesi Sosyal Hizmetler Dairesi Ba\u015fkanl\u0131\u011f\u0131 taraf\u0131ndan Muratpa\u015fa il\u00e7esi \u015earampol Caddesi\u2019nde d\u00f6k\u00fclen lokmalar vatanda\u015flara da\u011f\u0131t\u0131l\u0131rken, depremde hayat\u0131 kaybedenler i\u00e7in dua edildi.<\/p>\n\n\n\n<p>Antalya B\u00fcy\u00fck\u015fehir Belediyesi \/ B\u00fclten<\/p>\n","protected":false},"excerpt":{"rendered":"<p>Antalya B\u00fcy\u00fck\u015fehir Belediyesi, 6 \u015eubat Kahramanmara\u015f depremlerinin y\u0131l d\u00f6n\u00fcm\u00fcnde hayat\u0131n\u0131 kaybeden vatanda\u015flar i\u00e7in lokma da\u011f\u0131tt\u0131. 6 \u015eubat 2023 tarihinde Kahramanmara\u015f merkezli ger\u00e7ekle\u015fen ve 11 \u015fehirde <a href=\"https:\/\/akdenizhaber.com.tr\/index.php\/2024\/02\/07\/depremde-hayatini-kaybedenler-icin-lokma-dagitildi\/\" class=\"read-more-link\">[more&#8230;]<\/a><\/p>\n","protected":false},"author":2,"featured_media":20273,"comment_status":"open","ping_status":"open","sticky":false,"template":"","format":"standard","meta":{"footnotes":""},"categories":[2],"tags":[],"class_list":["post-20272","post","type-post","status-publish","format-standard","has-post-thumbnail","hentry","category-gundem"],"_links":{"self":[{"href":"https:\/\/akdenizhaber.com.tr\/index.php\/wp-json\/wp\/v2\/posts\/20272","targetHints":{"allow":["GET"]}}],"collection":[{"href":"https:\/\/akdenizhaber.com.tr\/index.php\/wp-json\/wp\/v2\/posts"}],"about":[{"href":"https:\/\/akdenizhaber.com.tr\/index.php\/wp-json\/wp\/v2\/types\/post"}],"author":[{"embeddable":true,"href":"https:\/\/akdenizhaber.com.tr\/index.php\/wp-json\/wp\/v2\/users\/2"}],"replies":[{"embeddable":true,"href":"https:\/\/akdenizhaber.com.tr\/index.php\/wp-json\/wp\/v2\/comments?post=20272"}],"version-history":[{"count":0,"href":"https:\/\/akdenizhaber.com.tr\/index.php\/wp-json\/wp\/v2\/posts\/20272\/revisions"}],"wp:featuredmedia":[{"embeddable":true,"href":"https:\/\/akdenizhaber.com.tr\/index.php\/wp-json\/wp\/v2\/media\/20273"}],"wp:attachment":[{"href":"https:\/\/akdenizhaber.com.tr\/index.php\/wp-json\/wp\/v2\/media?parent=20272"}],"wp:term":[{"taxonomy":"category","embeddable":true,"href":"https:\/\/akdenizhaber.com.tr\/index.php\/wp-json\/wp\/v2\/categories?post=20272"},{"taxonomy":"post_tag","embeddable":true,"href":"https:\/\/akdenizhaber.com.tr\/index.php\/wp-json\/wp\/v2\/tags?post=20272"}],"curies":[{"name":"wp","href":"https:\/\/api.w.org\/{rel}","templated":true}]}}