{"id":20269,"date":"2024-02-07T12:06:13","date_gmt":"2024-02-07T09:06:13","guid":{"rendered":"https:\/\/akdenizhaber.com.tr\/?p=20269"},"modified":"2024-02-07T12:06:14","modified_gmt":"2024-02-07T09:06:14","slug":"muratpasa-depremin-yildonumunde-saygi-durusunda","status":"publish","type":"post","link":"https:\/\/akdenizhaber.com.tr\/index.php\/2024\/02\/07\/muratpasa-depremin-yildonumunde-saygi-durusunda\/","title":{"rendered":"Muratpa\u015fa depremin y\u0131ld\u00f6n\u00fcm\u00fcnde sayg\u0131 duru\u015funda"},"content":{"rendered":"\n<p>Antalya\u2019da Muratpa\u015fa Belediyesi personeli, 6 \u015eubat depremlerinde hayat\u0131n\u0131 kaybedenler an\u0131s\u0131na belediyenin fuaye alan\u0131nda sayg\u0131 duru\u015funa ge\u00e7ti.<\/p>\n\n\n\n<p>T\u00fcrkiye\u2019yi sarsan 6 \u015eubat depremlerinin birinci y\u0131l d\u00f6n\u00fcm\u00fcnde Muratpa\u015fa Belediyesi \u00e7al\u0131\u015fanlar\u0131, saat 09.00\u2019da depremde hayat\u0131n\u0131 kaybedenleri anmak i\u00e7in fuayede bir araya geldi. Sayg\u0131 duru\u015funun ard\u0131ndan Belediye Ba\u015fkanvekili H\u00fcseyin Sar\u0131, depremlerde resmi rakamlara g\u00f6re 50 binden fazla insan\u0131n ya\u015fam\u0131n\u0131 yitirdi\u011fini belirtti. Depremin yaralar\u0131n\u0131n hala taze oldu\u011funu dile getiren Ba\u015fkan Vekili Sar\u0131, \u015f\u00f6yle konu\u015ftu:<br><br>\u201cDepremin hemen ard\u0131ndan Murapa\u015fa\u2019m\u0131zda yard\u0131m seferberli\u011fi ilan ettik. Binlerce kom\u015fumuzun ba\u011f\u0131\u015flar\u0131yla 106 yard\u0131m t\u0131r\u0131n\u0131 deprem b\u00f6lgesine ula\u015ft\u0131rd\u0131k. Kentimize gelen depremzede vatanda\u015flar\u0131m\u0131za&nbsp;d\u00fczenli olarak s\u0131cak yemek yard\u0131m\u0131 yapt\u0131k. Onlar\u0131n acil ihtiya\u00e7lar\u0131n\u0131 kar\u015f\u0131lamak i\u00e7in 2 \u00fccretsiz ma\u011faza a\u00e7t\u0131k. Bu ma\u011fazalardan 18 bin 960 vatanda\u015f\u0131m\u0131z yararland\u0131. Y\u00fczlerce kom\u015fumuz ma\u011fazalar\u0131m\u0131zda g\u00f6n\u00fcll\u00fc \u00e7al\u0131\u015ft\u0131. B\u00f6lgede 23 i\u015f makinesi, 54 personel ve 2 ambulansla arama-kurtarma ve enkaz kald\u0131rma \u00e7al\u0131\u015fmalar\u0131na kat\u0131ld\u0131k. Malatya, Hatay, Kahramanmara\u015f, Ad\u0131yaman ve Gaziantep\u2019e 200 \u00e7ad\u0131r ve 29 konteyner ula\u015ft\u0131rd\u0131k.\u201d<br><br>Sar\u0131, olas\u0131 depremlere kar\u015f\u0131 Muratpa\u015fa\u2019da da \u00e7al\u0131\u015fmalara ba\u015flad\u0131klar\u0131n\u0131 belirtirken \u201c\u0130l\u00e7emizde yeni yap\u0131lacak t\u00fcm binalarda perde beton uygulamas\u0131n\u0131 zorunlu hale getirdik. Mahalle Afet G\u00f6n\u00fcll\u00fcs\u00fc (MAG) program\u0131n\u0131 ba\u015flatt\u0131k. Her mahallemizde afet g\u00f6n\u00fcll\u00fc grubu olu\u015fturduk\u201d diye konu\u015ftu. Bug\u00fcn\u00fcn ayn\u0131 zamanda Mira\u00e7 Kandili oldu\u011funu da hat\u0131rlatan Sar\u0131, kandili kutlad\u0131 ve b\u00f6ylesi ac\u0131lar\u0131n bir daha ya\u015fanmamas\u0131n\u0131 temenni etti\u011fini s\u00f6yledi. Sar\u0131, \u201cDualar\u0131m\u0131z, rahmetle and\u0131\u011f\u0131m\u0131z kay\u0131plar\u0131m\u0131z ve \u00fclkemizin benzer felaketleri bir daha ya\u015fanmamas\u0131 i\u00e7indir\u201d dedi.<\/p>\n\n\n\n<p>Muratpa\u015fa Belediyesi \/ B\u00fclten<\/p>\n","protected":false},"excerpt":{"rendered":"<p>Antalya\u2019da Muratpa\u015fa Belediyesi personeli, 6 \u015eubat depremlerinde hayat\u0131n\u0131 kaybedenler an\u0131s\u0131na belediyenin fuaye alan\u0131nda sayg\u0131 duru\u015funa ge\u00e7ti. T\u00fcrkiye\u2019yi sarsan 6 \u015eubat depremlerinin birinci y\u0131l d\u00f6n\u00fcm\u00fcnde Muratpa\u015fa <a href=\"https:\/\/akdenizhaber.com.tr\/index.php\/2024\/02\/07\/muratpasa-depremin-yildonumunde-saygi-durusunda\/\" class=\"read-more-link\">[more&#8230;]<\/a><\/p>\n","protected":false},"author":2,"featured_media":20270,"comment_status":"open","ping_status":"open","sticky":false,"template":"","format":"standard","meta":{"footnotes":""},"categories":[2],"tags":[],"class_list":["post-20269","post","type-post","status-publish","format-standard","has-post-thumbnail","hentry","category-gundem"],"_links":{"self":[{"href":"https:\/\/akdenizhaber.com.tr\/index.php\/wp-json\/wp\/v2\/posts\/20269","targetHints":{"allow":["GET"]}}],"collection":[{"href":"https:\/\/akdenizhaber.com.tr\/index.php\/wp-json\/wp\/v2\/posts"}],"about":[{"href":"https:\/\/akdenizhaber.com.tr\/index.php\/wp-json\/wp\/v2\/types\/post"}],"author":[{"embeddable":true,"href":"https:\/\/akdenizhaber.com.tr\/index.php\/wp-json\/wp\/v2\/users\/2"}],"replies":[{"embeddable":true,"href":"https:\/\/akdenizhaber.com.tr\/index.php\/wp-json\/wp\/v2\/comments?post=20269"}],"version-history":[{"count":0,"href":"https:\/\/akdenizhaber.com.tr\/index.php\/wp-json\/wp\/v2\/posts\/20269\/revisions"}],"wp:featuredmedia":[{"embeddable":true,"href":"https:\/\/akdenizhaber.com.tr\/index.php\/wp-json\/wp\/v2\/media\/20270"}],"wp:attachment":[{"href":"https:\/\/akdenizhaber.com.tr\/index.php\/wp-json\/wp\/v2\/media?parent=20269"}],"wp:term":[{"taxonomy":"category","embeddable":true,"href":"https:\/\/akdenizhaber.com.tr\/index.php\/wp-json\/wp\/v2\/categories?post=20269"},{"taxonomy":"post_tag","embeddable":true,"href":"https:\/\/akdenizhaber.com.tr\/index.php\/wp-json\/wp\/v2\/tags?post=20269"}],"curies":[{"name":"wp","href":"https:\/\/api.w.org\/{rel}","templated":true}]}}