{"id":20260,"date":"2024-02-07T12:04:05","date_gmt":"2024-02-07T09:04:05","guid":{"rendered":"https:\/\/akdenizhaber.com.tr\/?p=20260"},"modified":"2024-02-07T12:04:06","modified_gmt":"2024-02-07T09:04:06","slug":"turgut-bucak-depremde-hayatini-kaybedenler-icin-lokma-dagitti","status":"publish","type":"post","link":"https:\/\/akdenizhaber.com.tr\/index.php\/2024\/02\/07\/turgut-bucak-depremde-hayatini-kaybedenler-icin-lokma-dagitti\/","title":{"rendered":"Turgut Bucak, depremde hayat\u0131n\u0131 kaybedenler i\u00e7in lokma da\u011f\u0131tt\u0131"},"content":{"rendered":"\n<p>\u0130yi Parti Muratpa\u015fa Belediye Ba\u015fkan Aday\u0131 Turgut Bucak, 6 \u015eubat 2023\u2019te 11 ilde meydana gelen depremde ya\u015fam\u0131n\u0131 yitiren yurtta\u015flar i\u00e7in mevlid-i \u015ferif okutup lokma da\u011f\u0131tt\u0131.<\/p>\n\n\n\n<p>\u0130yi Parti Muratpa\u015fa Belediye Ba\u015fkan Aday\u0131 Turgut Bucak, depremde hayat\u0131n\u0131 kaybeden vatanda\u015flar i\u00e7in Muratpa\u015fa \u0130l\u00e7e Ba\u015fkanl\u0131\u011f\u0131 ile bir araya gelerek lokma da\u011f\u0131t\u0131m\u0131 yapt\u0131. Programa \u0130yi Parti Antalya \u0130l Ba\u015fkan\u0131 Vahdet Af\u015fin Karacan, Muratpa\u015fa \u0130l\u00e7e Ba\u015fkan\u0131 Erdal \u00d6z\u00e7ivi, il ve il\u00e7e y\u00f6neticileri, Aksu Belediye Ba\u015fkan A. Aday\u0131 Deniz Karata\u015f, belediye meclis \u00fcyeleri ve partililer kat\u0131ld\u0131. Depremde hayat\u0131n\u0131 kaybeden vatanda\u015flar i\u00e7in mevlid-i \u015ferif okutulurken, akabinde lokma da\u011f\u0131t\u0131m\u0131 yap\u0131ld\u0131. Etkinlikte konu\u015fan Bucak, \u201cMaalesef ge\u00e7ti\u011fimiz y\u0131l bug\u00fcn, \u00fclke \u00e7ap\u0131nda \u00e7ok b\u00fcy\u00fck bir y\u0131k\u0131m oldu, \u00e7ok \u00fczg\u00fcn\u00fcz. \u00dclkemizin tekrar tekrar ba\u015f\u0131 sa\u011f olsun. O d\u00f6nemlerde neler yapabiliriz diye d\u00fc\u015f\u00fcnd\u00fck. Millet olarak \u00fczerimize d\u00fc\u015feni yapmaya \u00e7al\u0131\u015ft\u0131k. Yap\u0131yoruz da, yapaca\u011f\u0131z da. \u0130nsanlar\u0131m\u0131z\u0131n ac\u0131lar\u0131n\u0131 ciddi anlamda hissediyoruz. Hissetmemek zaten insanl\u0131k d\u0131\u015f\u0131 bir olay. Bu b\u00f6lgede insanlar\u0131m\u0131z \u00e7al\u0131\u015f\u0131yor, m\u00fccadele veriyor. Devletimiz bu konuda duyarl\u0131, bu b\u00f6lgeye el att\u0131lar. Oradaki hayat m\u00fccadelesi devam ediyor \u00f6lm\u00fc\u015flerimize Allah&#8217;tan rahmet diliyoruz\u201d diye konu\u015ftu.<\/p>\n\n\n\n<p>Haber Merkezi<\/p>\n","protected":false},"excerpt":{"rendered":"<p>\u0130yi Parti Muratpa\u015fa Belediye Ba\u015fkan Aday\u0131 Turgut Bucak, 6 \u015eubat 2023\u2019te 11 ilde meydana gelen depremde ya\u015fam\u0131n\u0131 yitiren yurtta\u015flar i\u00e7in mevlid-i \u015ferif okutup lokma da\u011f\u0131tt\u0131. <a href=\"https:\/\/akdenizhaber.com.tr\/index.php\/2024\/02\/07\/turgut-bucak-depremde-hayatini-kaybedenler-icin-lokma-dagitti\/\" class=\"read-more-link\">[more&#8230;]<\/a><\/p>\n","protected":false},"author":2,"featured_media":20261,"comment_status":"open","ping_status":"open","sticky":false,"template":"","format":"standard","meta":{"footnotes":""},"categories":[2],"tags":[],"class_list":["post-20260","post","type-post","status-publish","format-standard","has-post-thumbnail","hentry","category-gundem"],"_links":{"self":[{"href":"https:\/\/akdenizhaber.com.tr\/index.php\/wp-json\/wp\/v2\/posts\/20260","targetHints":{"allow":["GET"]}}],"collection":[{"href":"https:\/\/akdenizhaber.com.tr\/index.php\/wp-json\/wp\/v2\/posts"}],"about":[{"href":"https:\/\/akdenizhaber.com.tr\/index.php\/wp-json\/wp\/v2\/types\/post"}],"author":[{"embeddable":true,"href":"https:\/\/akdenizhaber.com.tr\/index.php\/wp-json\/wp\/v2\/users\/2"}],"replies":[{"embeddable":true,"href":"https:\/\/akdenizhaber.com.tr\/index.php\/wp-json\/wp\/v2\/comments?post=20260"}],"version-history":[{"count":0,"href":"https:\/\/akdenizhaber.com.tr\/index.php\/wp-json\/wp\/v2\/posts\/20260\/revisions"}],"wp:featuredmedia":[{"embeddable":true,"href":"https:\/\/akdenizhaber.com.tr\/index.php\/wp-json\/wp\/v2\/media\/20261"}],"wp:attachment":[{"href":"https:\/\/akdenizhaber.com.tr\/index.php\/wp-json\/wp\/v2\/media?parent=20260"}],"wp:term":[{"taxonomy":"category","embeddable":true,"href":"https:\/\/akdenizhaber.com.tr\/index.php\/wp-json\/wp\/v2\/categories?post=20260"},{"taxonomy":"post_tag","embeddable":true,"href":"https:\/\/akdenizhaber.com.tr\/index.php\/wp-json\/wp\/v2\/tags?post=20260"}],"curies":[{"name":"wp","href":"https:\/\/api.w.org\/{rel}","templated":true}]}}