{"id":20251,"date":"2024-02-06T14:55:47","date_gmt":"2024-02-06T11:55:47","guid":{"rendered":"https:\/\/akdenizhaber.com.tr\/?p=20251"},"modified":"2024-02-06T14:55:47","modified_gmt":"2024-02-06T11:55:47","slug":"baskan-bocek-ulasim-esnafiyla-bir-araya-geldi","status":"publish","type":"post","link":"https:\/\/akdenizhaber.com.tr\/index.php\/2024\/02\/06\/baskan-bocek-ulasim-esnafiyla-bir-araya-geldi\/","title":{"rendered":"Ba\u015fkan B\u00f6cek ula\u015f\u0131m esnaf\u0131yla bir araya geldi"},"content":{"rendered":"\n<p><\/p>\n\n\n\n<p>Antalya B\u00fcy\u00fck\u015fehir Belediye Ba\u015fkan\u0131 Muhittin B\u00f6cek, ula\u015f\u0131m esnaf\u0131yla bir araya geldi. Ula\u015f\u0131m sekt\u00f6r\u00fcn\u00fcn i\u00e7inden gelen birisi olarak esnaf\u0131n sorunlar\u0131n\u0131 \u00e7ok iyi bildi\u011fini s\u00f6yleyen Ba\u015fkan B\u00f6cek, 5 y\u0131ll\u0131k s\u00fcre\u00e7te ta\u015f\u0131yan\u0131n da ta\u015f\u0131nan\u0131n da mutlu olmas\u0131 i\u00e7in elimizden gelen ne varsa yapt\u0131k. Birlikte \u00e7al\u0131\u015ft\u0131k, birlikte karar verdik. Bundan sonraki s\u00fcre\u00e7te de yine birlikte hareket edece\u011fiz\u201d dedi.<\/p>\n\n\n\n<p>Antalya B\u00fcy\u00fck\u015fehir Belediye Ba\u015fkan\u0131 Muhittin B\u00f6cek, Antalya Esnaf ve Sanatkarlar Odalar\u0131 Birli\u011fi Ba\u015fkan\u0131 Adl\u0131han Dere Ba\u015fkanl\u0131\u011f\u0131\u2019nda ula\u015f\u0131m esnaf\u0131yla bulu\u015ftu. Toplant\u0131ya<\/p>\n\n\n\n<p>Antalya \u015eof\u00f6rler Odas\u0131 Ba\u015fkan\u0131 Mehmet Ali Alkan, Antalya Servis\u00e7iler Odas\u0131 Ba\u015fkan\u0131 S\u00fcleyman \u015eahin, Antalya Otob\u00fcs\u00e7\u00fcler Odas\u0131 Ba\u015fkan\u0131 Yasin Arslan, Kemer Ula\u015ft\u0131rma Hizmetleri Esnaf Odas\u0131 Ba\u015fkan\u0131 Mustafa T\u0131ra\u015f, Kumluca Ula\u015ft\u0131rma Hizmetleri Esnaf Odas\u0131 Ba\u015fkan\u0131 Bayram \u0130\u011fneli, Demre \u015eof\u00f6rler Odas\u0131 Ba\u015fkan\u0131 Mahmut Kemal Per\u00e7in, Ka\u015f Ula\u015ft\u0131rma Hizmetleri Esnaf Odas\u0131 Ba\u015fkan\u0131 Hamza Ustaer, Korkuteli \u015eof\u00f6rler Odas\u0131 Ba\u015fkan\u0131 Kemal Ist\u0131k, Serik Ula\u015ft\u0131rma Hizmetleri Esnaf Odas\u0131 Ba\u015fkan Vekili Ahmet Karakoyun, Manavgat \u015eof\u00f6rler Odas\u0131 Ba\u015fkan\u0131 Muammer \u00dcnal, Manavgat Servis\u00e7iler Odas\u0131 Ba\u015fkan\u0131 Mustafa Ayd\u0131n, Alanya \u015eof\u00f6rler Odas\u0131 Ba\u015fkan\u0131 Ali Akkaya, Alanya Servis\u00e7iler Odas\u0131 Ba\u015fkan\u0131 Pa\u015fa \u00d6zkan, Gazipa\u015fa Ula\u015ft\u0131rma Hizmetleri Esnaf Odas\u0131 Ba\u015fkan\u0131 Hasan T\u00fcncel kat\u0131ld\u0131.<\/p>\n\n\n\n<p>B\u00dcT\u00dcN AMACIMIZ ANTALYA\u2019NIN MUTLULU\u011eU<\/p>\n\n\n\n<p>Ula\u015f\u0131m sekt\u00f6r\u00fcn\u00fcn i\u00e7inden gelen birisi olarak 5 sene i\u00e7erisinde ta\u015f\u0131yan\u0131n da ta\u015f\u0131nan\u0131n da mutlu olmas\u0131 i\u00e7in elinden gelen ne varsa yapt\u0131\u011f\u0131n\u0131 s\u00f6yleyen Ba\u015fkan B\u00f6cek, \u201cUzunca y\u0131llar ula\u015f\u0131m sekt\u00f6r\u00fcnde bulunmu\u015f bir arkada\u015f\u0131n\u0131z olarak ula\u015f\u0131m sekt\u00f6r\u00fcn\u00fcn deste\u011fiyle 5 y\u0131ll\u0131k bir s\u00fcre\u00e7 i\u00e7erisinde hem taksici hem otob\u00fcs hem servis\u00e7i arkada\u015flara elimizden geleni yapt\u0131k. B\u00fct\u00fcn amac\u0131m\u0131z ta\u015f\u0131nan \u00e7ocuklar\u0131m\u0131z\u0131n, vatanda\u015f\u0131m\u0131z\u0131n, ta\u015f\u0131yan arkada\u015flar\u0131m\u0131z\u0131n ve Antalya\u2019n\u0131n mutlulu\u011fu i\u00e7indi. Bununla ilgili de birlikte \u00e7al\u0131\u015ft\u0131k, birlikte karar verdik. Vatanda\u015f\u0131 da \u00fczmeden ula\u015f\u0131m sekt\u00f6r\u00fcnde sizlerin maliyetlerini bilen birisi olarak destek oldum, olmaya da devam edece\u011fim\u201d diye konu\u015ftu.<\/p>\n\n\n\n<p>BA\u015eKAN DERE, \u201cHER D\u00d6NEM ESNAFIMIZIN YANINDA OLDU\u201d<\/p>\n\n\n\n<p>Antalya Esnaf ve Sanatkarlar odalar\u0131 Birli\u011fi Ba\u015fkan\u0131 Adl\u0131han Dere de Ba\u015fkan Muhittin B\u00f6cek ile 4 d\u00f6nem Konyaalt\u0131 Belediye Ba\u015fkan\u0131 1 d\u00f6nem de B\u00fcy\u00fck\u015fehir Belediye Ba\u015fkan\u0131 olarak \u00e7al\u0131\u015ft\u0131klar\u0131n\u0131 belirterek \u015funlar\u0131 s\u00f6yledi: \u201cBa\u015fkan\u0131m\u0131z bizim i\u00e7imizden gelen birisi. Her d\u00f6nem \u015fof\u00f6r\u00fcn, servis\u00e7inin, taksicinin yan\u0131nda olmu\u015ftur. Her d\u00f6nem taleplerimizi de\u011ferlendirdi. Bizleri bug\u00fcne kadar yaln\u0131z b\u0131rakmad\u0131\u011f\u0131 i\u00e7in kendisine te\u015fekk\u00fcr ederiz. \u015eahs\u0131m ve kurumlar\u0131m ad\u0131na \u00e7\u0131kt\u0131\u011f\u0131 yolda ba\u015far\u0131lar diliyoruz.\u201d<\/p>\n\n\n\n<p>Antalya B\u00fcy\u00fck\u015fehir Belediyesi \/ B\u00fclten<\/p>\n","protected":false},"excerpt":{"rendered":"<p>Antalya B\u00fcy\u00fck\u015fehir Belediye Ba\u015fkan\u0131 Muhittin B\u00f6cek, ula\u015f\u0131m esnaf\u0131yla bir araya geldi. Ula\u015f\u0131m sekt\u00f6r\u00fcn\u00fcn i\u00e7inden gelen birisi olarak esnaf\u0131n sorunlar\u0131n\u0131 \u00e7ok iyi bildi\u011fini s\u00f6yleyen Ba\u015fkan B\u00f6cek, <a href=\"https:\/\/akdenizhaber.com.tr\/index.php\/2024\/02\/06\/baskan-bocek-ulasim-esnafiyla-bir-araya-geldi\/\" class=\"read-more-link\">[more&#8230;]<\/a><\/p>\n","protected":false},"author":2,"featured_media":20252,"comment_status":"open","ping_status":"open","sticky":false,"template":"","format":"standard","meta":{"footnotes":""},"categories":[2],"tags":[],"class_list":["post-20251","post","type-post","status-publish","format-standard","has-post-thumbnail","hentry","category-gundem"],"_links":{"self":[{"href":"https:\/\/akdenizhaber.com.tr\/index.php\/wp-json\/wp\/v2\/posts\/20251","targetHints":{"allow":["GET"]}}],"collection":[{"href":"https:\/\/akdenizhaber.com.tr\/index.php\/wp-json\/wp\/v2\/posts"}],"about":[{"href":"https:\/\/akdenizhaber.com.tr\/index.php\/wp-json\/wp\/v2\/types\/post"}],"author":[{"embeddable":true,"href":"https:\/\/akdenizhaber.com.tr\/index.php\/wp-json\/wp\/v2\/users\/2"}],"replies":[{"embeddable":true,"href":"https:\/\/akdenizhaber.com.tr\/index.php\/wp-json\/wp\/v2\/comments?post=20251"}],"version-history":[{"count":0,"href":"https:\/\/akdenizhaber.com.tr\/index.php\/wp-json\/wp\/v2\/posts\/20251\/revisions"}],"wp:featuredmedia":[{"embeddable":true,"href":"https:\/\/akdenizhaber.com.tr\/index.php\/wp-json\/wp\/v2\/media\/20252"}],"wp:attachment":[{"href":"https:\/\/akdenizhaber.com.tr\/index.php\/wp-json\/wp\/v2\/media?parent=20251"}],"wp:term":[{"taxonomy":"category","embeddable":true,"href":"https:\/\/akdenizhaber.com.tr\/index.php\/wp-json\/wp\/v2\/categories?post=20251"},{"taxonomy":"post_tag","embeddable":true,"href":"https:\/\/akdenizhaber.com.tr\/index.php\/wp-json\/wp\/v2\/tags?post=20251"}],"curies":[{"name":"wp","href":"https:\/\/api.w.org\/{rel}","templated":true}]}}