{"id":20234,"date":"2024-02-06T14:43:14","date_gmt":"2024-02-06T11:43:14","guid":{"rendered":"https:\/\/akdenizhaber.com.tr\/?p=20234"},"modified":"2024-02-06T14:43:14","modified_gmt":"2024-02-06T11:43:14","slug":"depremin-yil-donumunde-tutuncuden-anlamli-ugurluma","status":"publish","type":"post","link":"https:\/\/akdenizhaber.com.tr\/index.php\/2024\/02\/06\/depremin-yil-donumunde-tutuncuden-anlamli-ugurluma\/","title":{"rendered":"Depremin y\u0131l d\u00f6n\u00fcm\u00fcnde T\u00fct\u00fcnc\u00fc\u2019den, anlaml\u0131 u\u011furluma"},"content":{"rendered":"\n<p><\/p>\n\n\n\n<p>Cumhur \u0130ttifak\u0131n\u0131n Antalya B\u00fcy\u00fck\u015fehir Belediye Ba\u015fkan aday\u0131 Hakan T\u00fct\u00fcnc\u00fc, 6 \u015eubat depreminin y\u0131l d\u00f6n\u00fcm\u00fcnde dayan\u0131\u015fma ve yard\u0131mla\u015fma duygular\u0131yla, yeniden b\u00f6lgeye gitmek i\u00e7in yola \u00e7\u0131kan Offroad Kul\u00fcb\u00fc\u2019n\u00fc Hatay\u2019a u\u011furlad\u0131. Konvoya bir s\u00fcre e\u015flik eden T\u00fct\u00fcnc\u00fc, \u201cBiz 6 \u015eubat depremini unutmad\u0131k. Orada ya\u015fanan ac\u0131lar\u0131m\u0131z\u0131 hi\u00e7 unutmad\u0131k.\u201d dedi.<\/p>\n\n\n\n<p>Kahramanmara\u015f merkezli 10 ilde, 6 \u015eubat 2023 tarihinde meydana gelen depremin hemen ard\u0131ndan yard\u0131mlar\u0131 ula\u015ft\u0131rmak i\u00e7in b\u00f6lgeye giden Antalya Offroad Kul\u00fcb\u00fc, depremin y\u0131l d\u00f6n\u00fcm\u00fcnde yeniden ac\u0131lar\u0131 payla\u015fmak i\u00e7in yola \u00e7\u0131kt\u0131. Hatay\u2019\u0131n Defne \u0130l\u00e7esi\u2019ndeki Ko\u00e7\u00f6ren Katar konteynerinde ya\u015fayan ailelere yard\u0131m ula\u015ft\u0131racak olan konvoyu, Dokumapark\u2019tan AK Parti Antalya Milletvekili Mustafa K\u00f6se, Kepez Belediye Ba\u015fkan\u0131 ve Cumhur \u0130ttifak\u0131n\u0131n Antalya B\u00fcy\u00fck\u015fehir Belediye Ba\u015fkan aday\u0131 Hakan T\u00fct\u00fcnc\u00fc u\u011furlad\u0131. Konvoyun hareketi \u00f6ncesinde bir a\u00e7\u0131klama yapan T\u00fct\u00fcnc\u00fc, &nbsp;\u201cBiz sizi unutmad\u0131k. Orada ya\u015fanan ac\u0131lar\u0131m\u0131z\u0131 hi\u00e7 unutmad\u0131k.\u201d dedi.<\/p>\n\n\n\n<p>\u00dcLKEM\u0130Z, M\u0130LLET\u0130M\u0130Z B\u0130R DAHA YA\u015eAMASIN<\/p>\n\n\n\n<p>Antalya Offroad Kul\u00fcb\u00fc Ba\u015fkan\u0131 Erol Kara\u00f6z\u2019e te\u015fekk\u00fcr eden T\u00fct\u00fcnc\u00fc, \u201cBa\u015fkan\u0131ma ve arkada\u015flar\u0131na te\u015fekk\u00fcr ederim. Onlar sadece bir hobi \u00e7er\u00e7evesinde bulu\u015fmu\u015f bir kul\u00fcp de\u011fil. Onlar\u0131 her zaman toplumun b\u00fct\u00fcn sosyal meselelerinde \u00e7areler \u00fcreten destek olan de\u011fi\u015fik fark\u0131ndal\u0131klara i\u015faret eden bir kul\u00fcp olarak tan\u0131d\u0131k. Onlar\u0131n kalpleri \u00e7ok g\u00fczel, &nbsp;g\u00f6n\u00fclleri \u00e7ok g\u00fczel&#8230; 6 \u015eubat depreminin ilk an\u0131ndan itibaren onlar 75 ara\u00e7 ile arama kurtarma \u00e7al\u0131\u015fmalar\u0131na omuz verdiler. Ben biliyorum o d\u00f6nemde b\u00f6lgede arama kurtarma konusunda da \u00f6nemli ba\u015far\u0131lara imza att\u0131lar. Onlar nice karde\u015fimizin en kaz\u0131n alt\u0131ndan kurtar\u0131lmas\u0131na ve hayatta kalmas\u0131na vesile oldular. Ve 16 g\u00fcn boyunca b\u00f6lgedeydiler. Bizde deprem b\u00f6lgesine gitti\u011fimizde kendilerini \u00e7ok b\u00fcy\u00fck bir heyecanla \u00e7al\u0131\u015f\u0131rken g\u00f6rd\u00fck. O il\u00e7e, o \u015fehir diyerek oradan oraya yard\u0131m i\u00e7in ko\u015ftular. B\u00fcy\u00fck bir sorumlulukla, milli birlik ve beraberlik&nbsp; duygusuyla bu faaliyetlerini yerine getiriyorlard\u0131. Hatay-Defne de kendi imkanlar\u0131yla konteyner kent kurdular. Depremin y\u0131l d\u00f6n\u00fcm\u00fcnde \u2018Biz depremi unutmad\u0131k.\u2019 diyerek bir araya geldiler. \u015eimdide hem\u015fehrilerimizin dayan\u0131\u015fma ve yard\u0131mla\u015fma duygular\u0131n\u0131 sevgilerini yine deprem b\u00f6lgesine ta\u015f\u0131mak \u00fczere yola \u00e7\u0131k\u0131yorlar. Onlara yol a\u00e7\u0131kl\u0131\u011f\u0131 diliyoruz. Tabi ki, 6 \u015eubat depremini unutmamak, oradaki haf\u0131zay\u0131 taze tutarak, afetlere s\u00fcrekli haz\u0131rl\u0131kl\u0131 olmak, afetlere haz\u0131rl\u0131kl\u0131 \u015fehirler meydana getirmek hepimiz i\u00e7in \u00f6ncelikli olmal\u0131\u2026 B\u00fct\u00fcn bunlar\u0131n yan\u0131nda afetlerin sonunda ortaya \u00e7\u0131kan milli birlik ve beraberlik duygusuna katk\u0131 koyan Antalya Offroad Kul\u00fcb\u00fc gibi, binlerce on binlerce kurum ve kurulumuza da g\u00f6n\u00fclden kocaman bir te\u015fekk\u00fcr bor\u00e7luyuz. Depremde ya\u015fam\u0131n\u0131 yitiren b\u00fct\u00fcn vatanda\u015flar\u0131m\u0131za rabbimden rahmet diliyorum. Allah \u00fclkemizi, milletimizi, devletimizi korusun, g\u00f6zetsin. B\u00f6yle afetleri de bizden uzak etsin .\u201d dedi.<\/p>\n\n\n\n<p>HAKAN BA\u015eKANIMIZ HER ZAMAN YANIMIZDA OLDU<\/p>\n\n\n\n<p>Antalya Offroad Kul\u00fcb\u00fc Ba\u015fkan\u0131 Erol Kara\u00f6z de,&nbsp; \u201cUnutmad\u0131k\u2026 Ger\u00e7ekten unutmad\u0131k. Bu unutulacak bir \u015fey de\u011fildi. Ben, ailem ve arkada\u015flar\u0131m b\u00f6lgeye gitti\u011fimizde 6.4 \u015fiddetindeki depreme \u015fahit olduk. Ben Hakan Ba\u015fkan\u0131ma, \u00e7ok te\u015fekk\u00fcr ediyorum. Bize destek oldu. Bizi buradan u\u011furluyor. Kendisinin deste\u011fi, kendisinin varl\u0131\u011f\u0131, kendisinin maneviyat\u0131 her zaman bizim i\u00e7in \u00e7ok \u00f6nemli oldu. Bug\u00fcn yola \u00e7\u0131k\u0131yoruz. Yar\u0131n ak\u015fam d\u00f6nece\u011fiz. \u201c diye konu\u015ftu.<\/p>\n\n\n\n<p>B\u00dcY\u00dcK B\u0130R HASSAS\u0130YET<\/p>\n\n\n\n<p>AK Parti Antalya Milletvekili Mustafa K\u00f6se\u2019de, \u201cAntalya Offroad Kul\u00fcb\u00fcne te\u015fekk\u00fcr ediyorum. B\u00fcy\u00fck bir hassasiyeti ortaya koyuyorlar. Depremin ilk g\u00fcn\u00fcnde itibaren b\u00f6lgedeydiler. Antalyal\u0131lar\u0131n, hem\u015fehrilerimizin yard\u0131mlar\u0131n\u0131 oraya g\u00f6t\u00fcrd\u00fcler. Ayr\u0131ca \u00e7ok b\u00fcy\u00fck bir deste\u011fi de ortaya koydular. Yaral\u0131lar\u0131n kurtar\u0131lmas\u0131na yard\u0131m ettiler. Bug\u00fcnde depremin y\u0131l d\u00f6n\u00fcm\u00fcnde yine bir sorumluluk ortaya koyuyorlar. Tekrar b\u00f6lgede olacaklar. Hepimiz deprem b\u00f6lgesindeydik. Ama bu hassasiyeti y\u0131llar ge\u00e7tik\u00e7e de s\u00fcrd\u00fcrmemiz gerekiyor. \u00d6n\u00fcm\u00fczdeki depremlere haz\u0131rl\u0131kl\u0131 olmam\u0131z gerekiyor. G\u00f6sterilen bu sosyal sorumluluk projesi son derece \u00f6nemli\u2026 Kendilerine te\u015fekk\u00fcr ediyorum.\u201d dedi.<\/p>\n\n\n\n<p>T\u00dcT\u00dcNC\u00dc U\u011eURLADI<\/p>\n\n\n\n<p>Konu\u015fmalar\u0131n ard\u0131ndan Offroad Kul\u00fcb\u00fc\u2019n\u00fcn yard\u0131m konvoyu Hatay\u2019a u\u011furland\u0131. T\u00fct\u00fcnc\u00fc, direksiyon ba\u015f\u0131na ge\u00e7erek Hatay\u2019a yola \u00e7\u0131kan konvoya bir s\u00fcre e\u015flik etti. Antalya-Kepez\u2019den yola \u00e7\u0131kan Offroad Kul\u00fcb\u00fc\u2019n\u00fcn, yard\u0131mlar\u0131 Hatay AFAD ekibine teslim edilecek.&nbsp; Bu yard\u0131mlar, ge\u00e7en y\u0131l kendi imkanlar\u0131 ile kurduklar\u0131 Ko\u00e7\u00f6ren Katar Konteyner Kent\u2019te ya\u015fayan ailelere ula\u015ft\u0131r\u0131lacak. Konteyner kentte ya\u015fayan 93 \u00e7ocu\u011fa da \u00e7e\u015fitli oyuncaklar hediye edilecek. Ayr\u0131ca 2 adet 3d yaz\u0131c\u0131s\u0131 kurularak, konteyner kentte kapal\u0131 bir mekanda \u00e7ocuklar\u0131n kendi oyuncaklar\u0131n\u0131 kendilerinin yapmas\u0131 sa\u011flanacak.<\/p>\n\n\n\n<p>Haber Merkezi<\/p>\n","protected":false},"excerpt":{"rendered":"<p>Cumhur \u0130ttifak\u0131n\u0131n Antalya B\u00fcy\u00fck\u015fehir Belediye Ba\u015fkan aday\u0131 Hakan T\u00fct\u00fcnc\u00fc, 6 \u015eubat depreminin y\u0131l d\u00f6n\u00fcm\u00fcnde dayan\u0131\u015fma ve yard\u0131mla\u015fma duygular\u0131yla, yeniden b\u00f6lgeye gitmek i\u00e7in yola \u00e7\u0131kan Offroad <a href=\"https:\/\/akdenizhaber.com.tr\/index.php\/2024\/02\/06\/depremin-yil-donumunde-tutuncuden-anlamli-ugurluma\/\" class=\"read-more-link\">[more&#8230;]<\/a><\/p>\n","protected":false},"author":2,"featured_media":20235,"comment_status":"open","ping_status":"open","sticky":false,"template":"","format":"standard","meta":{"footnotes":""},"categories":[2],"tags":[],"class_list":["post-20234","post","type-post","status-publish","format-standard","has-post-thumbnail","hentry","category-gundem"],"_links":{"self":[{"href":"https:\/\/akdenizhaber.com.tr\/index.php\/wp-json\/wp\/v2\/posts\/20234","targetHints":{"allow":["GET"]}}],"collection":[{"href":"https:\/\/akdenizhaber.com.tr\/index.php\/wp-json\/wp\/v2\/posts"}],"about":[{"href":"https:\/\/akdenizhaber.com.tr\/index.php\/wp-json\/wp\/v2\/types\/post"}],"author":[{"embeddable":true,"href":"https:\/\/akdenizhaber.com.tr\/index.php\/wp-json\/wp\/v2\/users\/2"}],"replies":[{"embeddable":true,"href":"https:\/\/akdenizhaber.com.tr\/index.php\/wp-json\/wp\/v2\/comments?post=20234"}],"version-history":[{"count":0,"href":"https:\/\/akdenizhaber.com.tr\/index.php\/wp-json\/wp\/v2\/posts\/20234\/revisions"}],"wp:featuredmedia":[{"embeddable":true,"href":"https:\/\/akdenizhaber.com.tr\/index.php\/wp-json\/wp\/v2\/media\/20235"}],"wp:attachment":[{"href":"https:\/\/akdenizhaber.com.tr\/index.php\/wp-json\/wp\/v2\/media?parent=20234"}],"wp:term":[{"taxonomy":"category","embeddable":true,"href":"https:\/\/akdenizhaber.com.tr\/index.php\/wp-json\/wp\/v2\/categories?post=20234"},{"taxonomy":"post_tag","embeddable":true,"href":"https:\/\/akdenizhaber.com.tr\/index.php\/wp-json\/wp\/v2\/tags?post=20234"}],"curies":[{"name":"wp","href":"https:\/\/api.w.org\/{rel}","templated":true}]}}