{"id":20225,"date":"2024-02-06T14:41:02","date_gmt":"2024-02-06T11:41:02","guid":{"rendered":"https:\/\/akdenizhaber.com.tr\/?p=20225"},"modified":"2024-02-06T14:41:03","modified_gmt":"2024-02-06T11:41:03","slug":"antalyada-yasayan-trabzonlular-hamsi-festivalinde-bulustu","status":"publish","type":"post","link":"https:\/\/akdenizhaber.com.tr\/index.php\/2024\/02\/06\/antalyada-yasayan-trabzonlular-hamsi-festivalinde-bulustu\/","title":{"rendered":"Antalya&#8217;da ya\u015fayan Trabzonlular Hamsi Festivalinde bulu\u015ftu"},"content":{"rendered":"\n<p><\/p>\n\n\n\n<p>Antalya&#8217;da ya\u015fayan Trabzonlular Muratpa\u015fa&#8217;da 11.nci Hamsi Festivali&#8217;nde bir araya geldi.<\/p>\n\n\n\n<p>Antalya Trabzonlular K\u00fclt\u00fcr ve Dayan\u0131\u015fma Derne\u011finin d\u00fczenlemi\u015f oldu\u011fu 11. Hamsi Festivali\u2019nde festivale kat\u0131lanlara bir tonun \u00fczerinde ekmek aras\u0131 hamsi ikram edildi.<\/p>\n\n\n\n<p>Festivale gelenler hamsi ikram\u0131 sonras\u0131 Trabzon ve Karadeniz t\u00fcrk\u00fcleri e\u015fli\u011finde horon tepti. Festivale kat\u0131lan Muratpa\u015fa Belediye Ba\u015fkan\u0131 Av. \u00dcmit Uysal&#8217;da festivale kat\u0131lanlara ekmek aras\u0131 hamsi ikram\u0131 yapt\u0131.<\/p>\n\n\n\n<p>Belediye Ba\u015fkan\u0131 Av. \u00dcmit Uysal,&#8217; Her zaman farkl\u0131l\u0131klar\u0131m\u0131z\u0131 zenginlik olarak g\u00f6rd\u00fck. Hamsi Karadeniz B\u00f6lgesine \u00f6zg\u00fc bal\u0131k olsa da \u00fclkemizin \u00e7ok b\u00fcy\u00fck a\u011f\u0131z tad\u0131 damak lezzeti. Muratpa\u015fa&#8217;da farkl\u0131 k\u00fclt\u00fcrlerin bir arada ya\u015fat\u0131lmas\u0131ndan \u00e7ok mutluyuz. Muratpa\u015fa da kom\u015fuluk k\u00fclt\u00fcr\u00fc i\u00e7inde bir arada ya\u015famaktan mutlu olanlar\u0131n oran\u0131 y\u00fczde 75 ile 86&#8217;da. Y\u00fczde 75&#8217;in alt\u0131na d\u00fc\u015fmedi. kom\u015fular\u0131m\u0131zla bir araya gelmenin mutlulu\u011funu ya\u015f\u0131yoruz.&#8221; dedi<\/p>\n\n\n\n<p>Abdurrahman B\u00fcy\u00fckkeskin \/ Haber<\/p>\n","protected":false},"excerpt":{"rendered":"<p>Antalya&#8217;da ya\u015fayan Trabzonlular Muratpa\u015fa&#8217;da 11.nci Hamsi Festivali&#8217;nde bir araya geldi. Antalya Trabzonlular K\u00fclt\u00fcr ve Dayan\u0131\u015fma Derne\u011finin d\u00fczenlemi\u015f oldu\u011fu 11. Hamsi Festivali\u2019nde festivale kat\u0131lanlara bir tonun <a href=\"https:\/\/akdenizhaber.com.tr\/index.php\/2024\/02\/06\/antalyada-yasayan-trabzonlular-hamsi-festivalinde-bulustu\/\" class=\"read-more-link\">[more&#8230;]<\/a><\/p>\n","protected":false},"author":2,"featured_media":20226,"comment_status":"open","ping_status":"open","sticky":false,"template":"","format":"standard","meta":{"footnotes":""},"categories":[2],"tags":[],"class_list":["post-20225","post","type-post","status-publish","format-standard","has-post-thumbnail","hentry","category-gundem"],"_links":{"self":[{"href":"https:\/\/akdenizhaber.com.tr\/index.php\/wp-json\/wp\/v2\/posts\/20225","targetHints":{"allow":["GET"]}}],"collection":[{"href":"https:\/\/akdenizhaber.com.tr\/index.php\/wp-json\/wp\/v2\/posts"}],"about":[{"href":"https:\/\/akdenizhaber.com.tr\/index.php\/wp-json\/wp\/v2\/types\/post"}],"author":[{"embeddable":true,"href":"https:\/\/akdenizhaber.com.tr\/index.php\/wp-json\/wp\/v2\/users\/2"}],"replies":[{"embeddable":true,"href":"https:\/\/akdenizhaber.com.tr\/index.php\/wp-json\/wp\/v2\/comments?post=20225"}],"version-history":[{"count":0,"href":"https:\/\/akdenizhaber.com.tr\/index.php\/wp-json\/wp\/v2\/posts\/20225\/revisions"}],"wp:featuredmedia":[{"embeddable":true,"href":"https:\/\/akdenizhaber.com.tr\/index.php\/wp-json\/wp\/v2\/media\/20226"}],"wp:attachment":[{"href":"https:\/\/akdenizhaber.com.tr\/index.php\/wp-json\/wp\/v2\/media?parent=20225"}],"wp:term":[{"taxonomy":"category","embeddable":true,"href":"https:\/\/akdenizhaber.com.tr\/index.php\/wp-json\/wp\/v2\/categories?post=20225"},{"taxonomy":"post_tag","embeddable":true,"href":"https:\/\/akdenizhaber.com.tr\/index.php\/wp-json\/wp\/v2\/tags?post=20225"}],"curies":[{"name":"wp","href":"https:\/\/api.w.org\/{rel}","templated":true}]}}