{"id":20222,"date":"2024-02-06T14:40:36","date_gmt":"2024-02-06T11:40:36","guid":{"rendered":"https:\/\/akdenizhaber.com.tr\/?p=20222"},"modified":"2024-02-06T14:40:36","modified_gmt":"2024-02-06T11:40:36","slug":"prof-dr-alper-demirbas-ismi-parka-verilecek","status":"publish","type":"post","link":"https:\/\/akdenizhaber.com.tr\/index.php\/2024\/02\/06\/prof-dr-alper-demirbas-ismi-parka-verilecek\/","title":{"rendered":"Prof. Dr. Alper Demirba\u015f ismi parka verilecek"},"content":{"rendered":"\n<p><\/p>\n\n\n\n<p>Antalya\u2019da Muratpa\u015fa Belediyesi, organ naklinde rekorlara imza at\u0131p ad\u0131n\u0131 t\u0131p tarihine yazd\u0131ran ve tedavi g\u00f6rd\u00fc\u011f\u00fc hastanede ya\u015fam\u0131n\u0131 yitiren Prof. Dr. Alper Demirba\u015f\u2019\u0131n ad\u0131n\u0131 il\u00e7ede bir parka verecek.<\/p>\n\n\n\n<p>T\u00fcrkiye\u2019de ilk doku uyumsuz b\u00f6brek nakli, ilk kan grubu uyumsuz b\u00f6brek nakli, ayn\u0131 anda baypas ve b\u00f6brek nakli, ilk b\u00f6brek-pankreas nakli program\u0131 ve Antalya\u2019da ilk kadavra vericili ve canl\u0131 vericili karaci\u011fer naklini ger\u00e7ekle\u015ftiren Demirba\u015f, ge\u00e7en y\u0131l a\u011fustos ay\u0131nda akci\u011fer kanserine yakaland\u0131. \u0130stanbul&#8217;daki bir hastanede ameliyat edilen Prof. Dr. Demirba\u015f, enfeksiyon geli\u015fmesi \u00fczerine Akdeniz \u00dcniversitesi Hastanesi&#8217;ne nakledildi. Yakla\u015f\u0131k 3 haftad\u0131r yo\u011fun bak\u0131m \u00fcnitesinde tedavisi s\u00fcren Prof. Dr. Demirba\u015f, ge\u00e7en hafta hayat\u0131n\u0131 kaybetti.<br><br>Prof. Dr. Demirba\u015f, vasiyeti \u00fczerine sade bir t\u00f6renle son yolculu\u011funa u\u011furlan\u0131rken Muratpa\u015fa Belediye Ba\u015fkan\u0131 \u00dcmit Uysal, aileye taziye ziyaretinde bulundu. Ba\u015fkan Uysal, Prof. Dr. Demirba\u015f\u2019\u0131n e\u015fi Nil\u00fcfer, k\u0131z\u0131 Alara, o\u011flu Ya\u011f\u0131z, karde\u015fi Prof. Dr. Murat Demirba\u015f, annesi \u0130nci ve babas\u0131 Secaattin Demirba\u015f\u2019a ba\u015fsa\u011fl\u0131\u011f\u0131 dile\u011finde bulundu. Uysal, Prof. Dr. Demirba\u015f ismini il\u00e7ede bir parka vermek istediklerini de dile getirdi.<\/p>\n\n\n\n<p>Muratpa\u015fa Belediyesi \/ B\u00fclten<\/p>\n","protected":false},"excerpt":{"rendered":"<p>Antalya\u2019da Muratpa\u015fa Belediyesi, organ naklinde rekorlara imza at\u0131p ad\u0131n\u0131 t\u0131p tarihine yazd\u0131ran ve tedavi g\u00f6rd\u00fc\u011f\u00fc hastanede ya\u015fam\u0131n\u0131 yitiren Prof. Dr. Alper Demirba\u015f\u2019\u0131n ad\u0131n\u0131 il\u00e7ede bir <a href=\"https:\/\/akdenizhaber.com.tr\/index.php\/2024\/02\/06\/prof-dr-alper-demirbas-ismi-parka-verilecek\/\" class=\"read-more-link\">[more&#8230;]<\/a><\/p>\n","protected":false},"author":2,"featured_media":20223,"comment_status":"open","ping_status":"open","sticky":false,"template":"","format":"standard","meta":{"footnotes":""},"categories":[2],"tags":[],"class_list":["post-20222","post","type-post","status-publish","format-standard","has-post-thumbnail","hentry","category-gundem"],"_links":{"self":[{"href":"https:\/\/akdenizhaber.com.tr\/index.php\/wp-json\/wp\/v2\/posts\/20222","targetHints":{"allow":["GET"]}}],"collection":[{"href":"https:\/\/akdenizhaber.com.tr\/index.php\/wp-json\/wp\/v2\/posts"}],"about":[{"href":"https:\/\/akdenizhaber.com.tr\/index.php\/wp-json\/wp\/v2\/types\/post"}],"author":[{"embeddable":true,"href":"https:\/\/akdenizhaber.com.tr\/index.php\/wp-json\/wp\/v2\/users\/2"}],"replies":[{"embeddable":true,"href":"https:\/\/akdenizhaber.com.tr\/index.php\/wp-json\/wp\/v2\/comments?post=20222"}],"version-history":[{"count":0,"href":"https:\/\/akdenizhaber.com.tr\/index.php\/wp-json\/wp\/v2\/posts\/20222\/revisions"}],"wp:featuredmedia":[{"embeddable":true,"href":"https:\/\/akdenizhaber.com.tr\/index.php\/wp-json\/wp\/v2\/media\/20223"}],"wp:attachment":[{"href":"https:\/\/akdenizhaber.com.tr\/index.php\/wp-json\/wp\/v2\/media?parent=20222"}],"wp:term":[{"taxonomy":"category","embeddable":true,"href":"https:\/\/akdenizhaber.com.tr\/index.php\/wp-json\/wp\/v2\/categories?post=20222"},{"taxonomy":"post_tag","embeddable":true,"href":"https:\/\/akdenizhaber.com.tr\/index.php\/wp-json\/wp\/v2\/tags?post=20222"}],"curies":[{"name":"wp","href":"https:\/\/api.w.org\/{rel}","templated":true}]}}