{"id":20219,"date":"2024-02-06T14:40:12","date_gmt":"2024-02-06T11:40:12","guid":{"rendered":"https:\/\/akdenizhaber.com.tr\/?p=20219"},"modified":"2024-02-06T14:40:12","modified_gmt":"2024-02-06T11:40:12","slug":"tutuncuye-demrede-coskulu-karsilama","status":"publish","type":"post","link":"https:\/\/akdenizhaber.com.tr\/index.php\/2024\/02\/06\/tutuncuye-demrede-coskulu-karsilama\/","title":{"rendered":"T\u00fct\u00fcnc\u00fc\u2019ye Demre\u2019de co\u015fkulu kar\u015f\u0131lama"},"content":{"rendered":"\n<p><\/p>\n\n\n\n<p>Antalya\u2019y\u0131 Alt\u0131n \u00c7a\u011f\u0131\u2019na ta\u015f\u0131yacak se\u00e7im \u00e7al\u0131\u015fmalar\u0131n\u0131 Demre\u2019de s\u00fcrd\u00fcren Cumhur \u0130ttifak\u0131\u2019n\u0131n Antalya B\u00fcy\u00fck\u015fehir Belediye Ba\u015fkan aday\u0131 Hakan T\u00fct\u00fcnc\u00fc, il\u00e7e sakinleri taraf\u0131ndan co\u015fkuyla kar\u015f\u0131land\u0131. T\u00fct\u00fcnc\u00fc, \u201cT\u00fcrkiye\u2019nin 2. Y\u00fczy\u0131l\u0131nda Demre\u2019yi gelecek hayalleriyle bulu\u015fturaca\u011f\u0131z\u201d dedi.<\/p>\n\n\n\n<p>Antalya\u2019n\u0131n 19 il\u00e7esindeki se\u00e7im \u00e7al\u0131\u015fmalar\u0131n\u0131 b\u00fcy\u00fck bir enerjiyle s\u00fcrd\u00fcren Cumhur \u0130ttifak\u0131\u2019n\u0131n Antalya B\u00fcy\u00fck\u015fehir Belediye Ba\u015fkan aday\u0131 Hakan T\u00fct\u00fcnc\u00fc, Korkuteli, Gazipa\u015fa ve Alanya\u2019dan sonra Demre \u0130l\u00e7e sakinleriyle kucakla\u015ft\u0131. \u0130lk \u00f6nce AK Parti \u0130l\u00e7e Te\u015fkilat\u0131na giden T\u00fct\u00fcnc\u00fc, burada vatanda\u015flar taraf\u0131ndan co\u015fkuyla kar\u015f\u0131land\u0131. &nbsp;AK Parti Demre \u0130l\u00e7e Ba\u015fkanl\u0131\u011f\u0131ndaki bulu\u015fmaya AK Parti Antalya Milletvekilleri Mustafa K\u00f6se ve Atay Uslu, Milliyet\u00e7i Hareket Partisi Antalya Milletvekili Abdurrahman Ba\u015fkan, il\u00e7e ba\u015fkanlar\u0131, il\u00e7e te\u015fkilatlar\u0131 ve vatanda\u015flar kat\u0131ld\u0131. Co\u015fkulu bulu\u015fmada konu\u015fan Milliyet\u00e7i Hareket Partisi Antalya Milletvekili Abdurrahman Ba\u015fkan,\u201dArt\u0131k Antalya\u2019n\u0131n bir Hakan\u2019\u0131 var\u201d dedi. AK Parti Antalya Milletvekili Atay Uslu da, bu bulu\u015fman\u0131n Antalya ve Demre\u2019nin Alt\u0131n \u00e7a\u011f\u0131n\u0131n ba\u015flang\u0131c\u0131 oldu\u011funu s\u00f6yledi. AK Parti Antalya Milletvekili Mustafa K\u00f6se\u2019de, \u201cBen Antalya B\u00fcy\u00fck\u015fehir Belediye Ba\u015fkan\u0131m\u0131z Hakan T\u00fct\u00fcnc\u00fc ile birlikte geldim. Aday demiyorum. O i\u015f bitti art\u0131k. Antalya tamam in\u015fallah&#8230; Demre tamam in\u015fallah\u2026\u201ddedi. Milliyet\u00e7i Hareket Partisi\u2019nin Cumhur \u0130ttifak\u0131 Demre Belediye Ba\u015fkan aday\u0131 \u0130brahim O\u011fuz\u2019da, \u201c\u00c7\u0131km\u0131\u015f oldu\u011fumuz bu kutlu yolda, gelece\u011fimiz umudumuz hay\u0131rl\u0131 u\u011furlu olsun. Hakan Ba\u015fkan\u0131m\u0131zla, beraber Antalya\u2019ya alt\u0131n \u00e7a\u011f\u0131n\u0131 ya\u015fatmaya geliyoruz.\u201d diye konu\u015ftu.<\/p>\n\n\n\n<p>T\u00dcT\u00dcNC\u00dc\u2019DEN TE\u015eEKK\u00dcR<\/p>\n\n\n\n<p>Cumhur \u0130ttifak\u0131\u2019n\u0131n Antalya B\u00fcy\u00fck\u015fehir Belediye Ba\u015fkan aday\u0131 Hakan T\u00fct\u00fcnc\u00fc de, se\u00e7im \u00e7al\u0131\u015fmalar\u0131na destek veren parti kurucular\u0131na te\u015fekk\u00fcr ederek konu\u015fmas\u0131na ba\u015flad\u0131. T\u00fct\u00fcnc\u00fc, \u201cDemre\u2019de d\u00fcnden bug\u00fcne AK Parti\u2019nin b\u00fct\u00fcn isimleri bizlerle birlikteler. Bu bug\u00fcnk\u00fc heyecan\u0131n ne kadar derin ve y\u00fcksel oldu\u011funu g\u00f6steriyor.&nbsp; Bu se\u00e7imleri \u00e7ok \u00f6nemseyen parti kurucular\u0131m\u0131zda b\u00fcy\u00fck bir heyecanla bizlerle birlikte Antalya\u2019n\u0131n d\u00f6rt bir taraf\u0131ndalar. 31 Mart\u2019ta Cumhur \u0130ttifak\u0131m\u0131z\u0131 Antalya\u2019m\u0131z\u0131n b\u00fct\u00fcn il\u00e7elerinde ba\u015far\u0131l\u0131 k\u0131lmak i\u00e7in gerekli \u00e7al\u0131\u015fmalar\u0131 yap\u0131yorlar. Onlara y\u00fcrekten ve g\u00f6n\u00fclden te\u015fekk\u00fcr ediyoruz. \u201c dedi.<\/p>\n\n\n\n<p>SEVG\u0130N\u0130N ASALET\u0130YLE GELECE\u011eE Y\u00dcR\u00dcMEL\u0130Y\u0130Z<\/p>\n\n\n\n<p>\u201cBizim yolumuz kalpleri ve g\u00f6n\u00fclleri birle\u015ftirmekten ge\u00e7iyor.\u201d diyerek s\u00f6zlerini s\u00fcrd\u00fcren T\u00fct\u00fcnc\u00fc, \u201cKalpleri birle\u015ftirerek, g\u00f6n\u00fclleri birle\u015ftirerek tam bir cumhur ittifak\u0131 ruhunu sahaya en g\u00fczel \u015fekilde yans\u0131tarak kazanaca\u011f\u0131z. Elbette ki d\u00fcnya g\u00f6r\u00fc\u015f\u00fc, hayat felsefesi, bak\u0131\u015f\u0131 ne olursa olsun milletimize ve onun de\u011ferlerine h\u00fcrmet eden herkesin bizim kalbimizde ve g\u00f6nl\u00fcm\u00fczde yeri derindir, b\u00fcy\u00fckt\u00fcr. Ve onlarla birlikte gelece\u011fe y\u00fcr\u00fcme azmimizi, idealimizi her \u015fekilde g\u00fc\u00e7lendirerek bu yolda y\u00fcr\u00fcmeliyiz. Bu yolda daha b\u00fcy\u00fck y\u00fcr\u00fcmeli, daha g\u00fc\u00e7l\u00fc y\u00fcr\u00fcmeliyiz. Mutlaka sevginin asaletiyle gelece\u011fe y\u00fcr\u00fcmeliyiz. T\u00fcrkiye\u2019nin gelecek hedefleri, T\u00fcrk milletinin gelecek hedefleri do\u011frultusunda in\u015fallah sevgi \u00fcreten bir kampanyay\u0131 en g\u00fczel \u015fekilde hayata ge\u00e7irece\u011fiz. Birlik ve beraberli\u011fimizi derinle\u015ftirece\u011fiz. Sevgi \u00fcreten bir kampanyay\u0131 s\u00fcrd\u00fcrece\u011fiz. Sadece partilerimizin birlik ve beraberli\u011fi yeterli de\u011fil. Sadece te\u015fkilatlar\u0131m\u0131z i\u00e7indeki birlik ve beraberli\u011fimiz yeterli de\u011fil. Topyekun milletin birlik ve beraberli\u011fi \u015eeyh Edebali\u2019den ald\u0131\u011f\u0131m\u0131z \u0131\u015f\u0131kla sevginin asaletiyle ortaya koymal\u0131y\u0131z.\u201d diye konu\u015ftu.<\/p>\n\n\n\n<p>PROBLEMLER\u0130 \u00c7\u00d6Z\u00dcLMEM\u0130\u015e \u0130L\u00c7ELER<\/p>\n\n\n\n<p>Hizmete hasret il\u00e7eler oldu\u011funa de\u011finen T\u00fct\u00fcnc\u00fc, \u201cAntalya\u2019da problemleri uzun y\u0131llar \u00e7\u00f6z\u00fclmemi\u015f il\u00e7eler var. B\u00fcy\u00fck\u015fehirle birlikte asl\u0131nda \u015fu 5 y\u0131ll\u0131k zaman\u0131n ciddi bir kay\u0131p zaman\u0131 oldu\u011funu hepimiz birliyoruz. Antalya\u2019m\u0131z\u0131n ve 19 il\u00e7emizin fark\u0131 bir potansiyeli,&nbsp; g\u00fczelli\u011fi ve \u00f6zelli\u011fi var. \u00d6nemli olan o potansiyelin fark\u0131na vararak, kalpleri sevgi etraf\u0131nda birle\u015ftirerek, bir gelecek persfektifi ortaya koyarak, cumhur ittifak\u0131 liderlerimiz Cumhurba\u015fkan\u0131m\u0131z Recep Tayip Erdo\u011fan, Milliyet\u00e7i Hareket Partisi Genel Ba\u015fkan\u0131m\u0131z Devlet Bah\u00e7eli\u2019nin ortaya koymu\u015f oldu\u011fu bu vizyonlar\u0131 takip ederek en g\u00fczel \u015fekilde 31 Mart\u2019ta ba\u015flayacak yeni s\u00fcre\u00e7te ortaya koyaca\u011f\u0131z. Antalya kendi potansiyelini ke\u015ffedecek. Tar\u0131mda, ticarette, turizmde yepyeni ufuklar\u0131 zorlayacak. Antalya mevcut potansiyellerini en g\u00fczel \u015fekilde g\u00fcn y\u00fcz\u00fcne \u00e7\u0131karmak suretiyle in\u015fallah ufuklar\u0131n sultan\u0131 bir \u015fehir haline gelecek. Biz dersimizi en g\u00fczel \u015fekilde \u00e7al\u0131\u015ft\u0131k. 15 y\u0131l\u0131k belediye ba\u015fkanl\u0131\u011f\u0131m\u0131zda bu deneyimleri tecr\u00fcbe ettik ve bu deneyimlerin \u0131\u015f\u0131\u011f\u0131nda da projeksiyonu ortaya koyduk. Demre i\u00e7inde ortaya koydu\u011fumuz vizyonlar\u0131, projeleri, hedefleri, \u00f6n\u00fcm\u00fczdeki s\u00fcre\u00e7te sizler payla\u015faca\u011f\u0131z. Ortak akl\u0131n yol g\u00f6stericili\u011finde, Cumhur \u0130ttifak\u0131 ruhu ile \u015fehirle b\u00fct\u00fcnle\u015fmi\u015f bir y\u00f6netim anlay\u0131\u015f\u0131yla hem B\u00fcy\u00fck\u015fehirde, hem de Antalya da en g\u00fczel \u015fekilde hayata ge\u00e7irece\u011fiz. \u201cdedi.<\/p>\n\n\n\n<p>DEMRE ADAYI O\u011eUZ\u2019A DESTEK \u0130STED\u0130<\/p>\n\n\n\n<p>Milliyet\u00e7i Hareket Partisi\u2019nin Cumhur \u0130ttifak\u0131 aday\u0131 \u0130brahim O\u011fuz\u2019a destek isteyen T\u00fct\u00fcnc\u00fc, \u201cSe\u00e7imlere kadar ele ele omuz omuza \u00e7al\u0131\u015farak, \u0130brahim O\u011fuz karde\u015fimizi Demre Belediye Ba\u015fkanl\u0131\u011f\u0131na ta\u015f\u0131yaca\u011f\u0131z. Antalya B\u00fcy\u00fck\u015fehir Belediyesi\u2019ni de kazanaca\u011f\u0131z. T\u00fcrkiye\u2019nin 2. Y\u00fczy\u0131l\u0131nda, Demre\u2019yi gelecek hayalleriyle bulu\u015fturaca\u011f\u0131z. Birlik ve beraberlik ruhuyla Cumhurba\u015fkan\u0131m\u0131z Recep Tayyip Erdo\u011fan\u2019\u0131n, Milliyet Hareket Partisi Genel Ba\u015fkan\u0131m\u0131z Devlet Bah\u00e7eli\u2019nin emaneti \u0130brahim O\u011fuz karde\u015fimize \u015fimdiden Demre\u2019miz hay\u0131rl\u0131 olsun. 31 Mart\u2019ta kazanan \u00e7al\u0131\u015fmalar\u0131m\u0131zla, eserlerimizle, b\u0131rakt\u0131\u011f\u0131m\u0131z hat\u0131ralarla kalplere g\u00f6n\u00fcllere yerle\u015ftirdi\u011fimiz sevgi tohumlar\u0131 ile milletimiz olacak.\u201d diye konu\u015ftu.<\/p>\n\n\n\n<p>AK Parti Demre \u0130l\u00e7e Ba\u015fkanl\u0131\u011f\u0131ndaki bulu\u015fmadan sonra Cumhur \u0130ttifak\u0131\u2019n\u0131n Antalya B\u00fcy\u00fck\u015fehir Belediye Ba\u015fkan aday\u0131 Hakan T\u00fct\u00fcnc\u00fc ve beraberindeki heyet, Demre Toptanc\u0131 Hali Ya\u015f Sebze ve Meyve Komisyoncular\u0131 Derne\u011fi\u2019ni, hal esnaf\u0131n\u0131 ve il\u00e7edeki bir \u00fcreticinin domates seras\u0131n\u0131 gezdi.<\/p>\n\n\n\n<p>Haber Merkezi<\/p>\n","protected":false},"excerpt":{"rendered":"<p>Antalya\u2019y\u0131 Alt\u0131n \u00c7a\u011f\u0131\u2019na ta\u015f\u0131yacak se\u00e7im \u00e7al\u0131\u015fmalar\u0131n\u0131 Demre\u2019de s\u00fcrd\u00fcren Cumhur \u0130ttifak\u0131\u2019n\u0131n Antalya B\u00fcy\u00fck\u015fehir Belediye Ba\u015fkan aday\u0131 Hakan T\u00fct\u00fcnc\u00fc, il\u00e7e sakinleri taraf\u0131ndan co\u015fkuyla kar\u015f\u0131land\u0131. T\u00fct\u00fcnc\u00fc, \u201cT\u00fcrkiye\u2019nin 2. <a href=\"https:\/\/akdenizhaber.com.tr\/index.php\/2024\/02\/06\/tutuncuye-demrede-coskulu-karsilama\/\" class=\"read-more-link\">[more&#8230;]<\/a><\/p>\n","protected":false},"author":2,"featured_media":20220,"comment_status":"open","ping_status":"open","sticky":false,"template":"","format":"standard","meta":{"footnotes":""},"categories":[2],"tags":[],"class_list":["post-20219","post","type-post","status-publish","format-standard","has-post-thumbnail","hentry","category-gundem"],"_links":{"self":[{"href":"https:\/\/akdenizhaber.com.tr\/index.php\/wp-json\/wp\/v2\/posts\/20219","targetHints":{"allow":["GET"]}}],"collection":[{"href":"https:\/\/akdenizhaber.com.tr\/index.php\/wp-json\/wp\/v2\/posts"}],"about":[{"href":"https:\/\/akdenizhaber.com.tr\/index.php\/wp-json\/wp\/v2\/types\/post"}],"author":[{"embeddable":true,"href":"https:\/\/akdenizhaber.com.tr\/index.php\/wp-json\/wp\/v2\/users\/2"}],"replies":[{"embeddable":true,"href":"https:\/\/akdenizhaber.com.tr\/index.php\/wp-json\/wp\/v2\/comments?post=20219"}],"version-history":[{"count":0,"href":"https:\/\/akdenizhaber.com.tr\/index.php\/wp-json\/wp\/v2\/posts\/20219\/revisions"}],"wp:featuredmedia":[{"embeddable":true,"href":"https:\/\/akdenizhaber.com.tr\/index.php\/wp-json\/wp\/v2\/media\/20220"}],"wp:attachment":[{"href":"https:\/\/akdenizhaber.com.tr\/index.php\/wp-json\/wp\/v2\/media?parent=20219"}],"wp:term":[{"taxonomy":"category","embeddable":true,"href":"https:\/\/akdenizhaber.com.tr\/index.php\/wp-json\/wp\/v2\/categories?post=20219"},{"taxonomy":"post_tag","embeddable":true,"href":"https:\/\/akdenizhaber.com.tr\/index.php\/wp-json\/wp\/v2\/tags?post=20219"}],"curies":[{"name":"wp","href":"https:\/\/api.w.org\/{rel}","templated":true}]}}