{"id":20216,"date":"2024-02-06T14:39:06","date_gmt":"2024-02-06T11:39:06","guid":{"rendered":"https:\/\/akdenizhaber.com.tr\/?p=20216"},"modified":"2024-02-06T14:39:06","modified_gmt":"2024-02-06T11:39:06","slug":"ak-gida-icim-sut-30-anfas-fuarinda-yeme-icme-profesyonelleriyle-bulusacak","status":"publish","type":"post","link":"https:\/\/akdenizhaber.com.tr\/index.php\/2024\/02\/06\/ak-gida-icim-sut-30-anfas-fuarinda-yeme-icme-profesyonelleriyle-bulusacak\/","title":{"rendered":"Ak G\u0131da- \u0130\u00e7im S\u00fct 30. Anfa\u015f Fuar\u0131\u2019nda                          Yeme-\u0130\u00e7me Profesyonelleriyle Bulu\u015facak"},"content":{"rendered":"\n<p><\/p>\n\n\n\n<p>Ak G\u0131da- \u0130\u00e7im S\u00fct, 6-9 \u015eubat tarihleri aras\u0131nda Antalya Anfa\u015f Uluslararas\u0131 Fuar ve Kongre Merkezi&#8217;nde yeme i\u00e7me sekt\u00f6r\u00fc profesyonelleriyle bir araya geliyor. \u015eef Cemil \u00c7engel ve ekibi; \u0130\u00e7im, Pr\u00e9sident ve Masterini \u00fcr\u00fcnleriyle haz\u0131rlayacaklar\u0131 ikramlar ve yemek pi\u015firme at\u00f6lyeleriyle fuar boyunca stantta ziyaret\u00e7ilerini a\u011f\u0131rlayacak.<\/p>\n\n\n\n<p>T\u00fcrkiye\u2019nin en fazla s\u00fct ve s\u00fct \u00fcr\u00fcnleri \u00fcretimini ger\u00e7ekle\u015ftiren ve 6 fabrikas\u0131yla sekt\u00f6r\u00fcn en b\u00fcy\u00fck \u00fcreticisi olan Ak G\u0131da- \u0130\u00e7im S\u00fct, 6-9 \u015eubat tarihleri aras\u0131nda ANFA\u015e taraf\u0131ndan d\u00fczenlenen 30&#8217;uncu Uluslararas\u0131 G\u0131da ve \u0130\u00e7ecek \u0130htisas Fuar\u0131\u2019nda yeme i\u00e7me sekt\u00f6r\u00fc profesyonelleriyle bir araya geliyor. Gastronomi sekt\u00f6r\u00fcn\u00fcn \u00f6nemli organizasyonlar\u0131ndan biri olan ANFA\u015e Fuar\u0131\u2019nda yerini alan Ak G\u0131da \u2013 \u0130\u00e7im- S\u00fct; \u015eef Cemil \u00c7engel ile ekibinin \u0130\u00e7im, Pr\u00e9sident ve Masterini \u00fcr\u00fcnleriyle haz\u0131rlayaca\u011f\u0131 ikramlar ve yemek pi\u015firme at\u00f6lyeleriyle 4 g\u00fcn boyunca ziyaret\u00e7ilerini a\u011f\u0131rlayacak.<\/p>\n\n\n\n<p>T\u00fcrkiye\u2019den ve yurt d\u0131\u015f\u0131ndan 300\u2019\u00fcn \u00fczerinde kat\u0131l\u0131mc\u0131 ile 50 binden fazla profesyonel ziyaret\u00e7inin bir araya gelmesinin beklendi\u011fi fuar kapsam\u0131nda bir de\u011ferlendirme yapan Ak G\u0131da-\u0130\u00e7im S\u00fct \u00dclke Sat\u0131\u015f Direkt\u00f6r\u00fc Ba\u015far Hamamc\u0131, gastronomi sekt\u00f6r\u00fcn\u00fcn temsil edildi\u011fi fuar ve etkinliklerde yer almay\u0131 \u00f6zellikle ev d\u0131\u015f\u0131 t\u00fcketim pazar\u0131n\u0131n ihtiya\u00e7lar\u0131n\u0131 anlamak ve bu alanda geli\u015ftirdikleri \u00e7\u00f6z\u00fcmleri anlatmak konusunda b\u00fcy\u00fck f\u0131rsat olarak g\u00f6rd\u00fcklerini s\u00f6yledi. \u015eirket olarak t\u00fcketicinin de\u011fi\u015fen damak zevkine uygun yeni \u00fcr\u00fcnlerle portf\u00f6ylerini zenginle\u015ftirdiklerini s\u00f6yleyen Ba\u015far Hamamc\u0131, \u201cBu fuarlar, yeni \u00fcr\u00fcnlerimizin kullan\u0131m alanlar\u0131n\u0131 g\u00f6stermek i\u00e7in de \u00f6nem ta\u015f\u0131yor\u201d dedi.<\/p>\n\n\n\n<p>Haber Merkezi<\/p>\n","protected":false},"excerpt":{"rendered":"<p>Ak G\u0131da- \u0130\u00e7im S\u00fct, 6-9 \u015eubat tarihleri aras\u0131nda Antalya Anfa\u015f Uluslararas\u0131 Fuar ve Kongre Merkezi&#8217;nde yeme i\u00e7me sekt\u00f6r\u00fc profesyonelleriyle bir araya geliyor. \u015eef Cemil \u00c7engel <a href=\"https:\/\/akdenizhaber.com.tr\/index.php\/2024\/02\/06\/ak-gida-icim-sut-30-anfas-fuarinda-yeme-icme-profesyonelleriyle-bulusacak\/\" class=\"read-more-link\">[more&#8230;]<\/a><\/p>\n","protected":false},"author":2,"featured_media":20217,"comment_status":"open","ping_status":"open","sticky":false,"template":"","format":"standard","meta":{"footnotes":""},"categories":[2],"tags":[],"class_list":["post-20216","post","type-post","status-publish","format-standard","has-post-thumbnail","hentry","category-gundem"],"_links":{"self":[{"href":"https:\/\/akdenizhaber.com.tr\/index.php\/wp-json\/wp\/v2\/posts\/20216","targetHints":{"allow":["GET"]}}],"collection":[{"href":"https:\/\/akdenizhaber.com.tr\/index.php\/wp-json\/wp\/v2\/posts"}],"about":[{"href":"https:\/\/akdenizhaber.com.tr\/index.php\/wp-json\/wp\/v2\/types\/post"}],"author":[{"embeddable":true,"href":"https:\/\/akdenizhaber.com.tr\/index.php\/wp-json\/wp\/v2\/users\/2"}],"replies":[{"embeddable":true,"href":"https:\/\/akdenizhaber.com.tr\/index.php\/wp-json\/wp\/v2\/comments?post=20216"}],"version-history":[{"count":0,"href":"https:\/\/akdenizhaber.com.tr\/index.php\/wp-json\/wp\/v2\/posts\/20216\/revisions"}],"wp:featuredmedia":[{"embeddable":true,"href":"https:\/\/akdenizhaber.com.tr\/index.php\/wp-json\/wp\/v2\/media\/20217"}],"wp:attachment":[{"href":"https:\/\/akdenizhaber.com.tr\/index.php\/wp-json\/wp\/v2\/media?parent=20216"}],"wp:term":[{"taxonomy":"category","embeddable":true,"href":"https:\/\/akdenizhaber.com.tr\/index.php\/wp-json\/wp\/v2\/categories?post=20216"},{"taxonomy":"post_tag","embeddable":true,"href":"https:\/\/akdenizhaber.com.tr\/index.php\/wp-json\/wp\/v2\/tags?post=20216"}],"curies":[{"name":"wp","href":"https:\/\/api.w.org\/{rel}","templated":true}]}}