{"id":20213,"date":"2024-02-06T14:38:21","date_gmt":"2024-02-06T11:38:21","guid":{"rendered":"https:\/\/akdenizhaber.com.tr\/?p=20213"},"modified":"2024-02-06T14:38:22","modified_gmt":"2024-02-06T11:38:22","slug":"alanyada-bir-ilk-daha-yasandi","status":"publish","type":"post","link":"https:\/\/akdenizhaber.com.tr\/index.php\/2024\/02\/06\/alanyada-bir-ilk-daha-yasandi\/","title":{"rendered":"Alanya\u2019da Bir \u0130lk Daha Ya\u015fand\u0131"},"content":{"rendered":"\n<p><\/p>\n\n\n\n<p>Alanya Belediyesi\u2019nin ev sahipli\u011finde Ba\u015fak Fuarc\u0131l\u0131k\u2019\u0131n d\u00fczenledi\u011fi iki fuar ve bir uluslararas\u0131 yar\u0131\u015fman\u0131n start\u0131 t\u00f6renle verildi. Alanya Belediye Ba\u015fkan\u0131 Adem Murat Y\u00fccel, \u201cKentimizde bir ilki daha ger\u00e7ekle\u015ftirmenin gururunu ya\u015f\u0131yoruz\u201d dedi.<\/p>\n\n\n\n<p>Turizmin ba\u015fkenti Alanya\u2019da d\u00fczenlenen t\u00f6renle iki fuar ve bir uluslararas\u0131 yar\u0131\u015fmas\u0131n\u0131n start\u0131 verildi. Alanya Belediye Ba\u015fkan\u0131 Adem Murat Y\u00fccel, Alanya Ticaret ve Sanayi Odas\u0131 Meclis Ba\u015fkan\u0131 Mehmet Kural, Alt\u0131nkep\u00e7e Turizm ve A\u015f\u00e7\u0131lar Derne\u011fi Ba\u015fkan\u0131 Erg\u00fcl Demiral, Gastronomi Y\u0131ld\u0131zlar\u0131 Derne\u011fi Ba\u015fkan\u0131 Hidayet K\u0131z\u0131lar\u0131, Anadolu Teknik Y\u00f6neticiler ve \u00c7al\u0131\u015fanlar Derne\u011fi Ba\u015fkan\u0131 \u0130lhami Yal\u00e7\u0131nkaya, Alanya Turistik \u0130\u015fletmeciler Derne\u011fi Ba\u015fkan\u0131 Burhan Sili, Akdeniz Yiyecek &amp; \u0130\u00e7ecek Y\u00f6neticileri Derne\u011fi Ba\u015fkan\u0131 Mustafa Gen\u00e7er, Alanya Kent Konseyi Ba\u015fkan\u0131 Nurhan \u00d6zcan, Hotel Kat Hizmetleri E\u011fitimi ve Dekorasyonu Derne\u011fi Ba\u015fkan\u0131 Hakan Hali, Alanya Hotel Kat Hizmetleri E\u011fitimi ve Dekorasyonu Derne\u011fi Ba\u015fkan\u0131 Sevgi Topuzel, AK Parti Alanya \u0130l\u00e7e Ba\u015fkan\u0131 Mehmet \u015earani Tavl\u0131, siyaset ve i\u015f d\u00fcnyas\u0131ndan temsilciler t\u00f6rene ilgi g\u00f6sterdi.<\/p>\n\n\n\n<p>B\u0130R \u0130LK\u0130 DAHA GER\u00c7EKLE\u015eT\u0130RMEN\u0130N GURURU<\/p>\n\n\n\n<p>Bir ilki daha ger\u00e7ekle\u015ftirmenin gururunu ya\u015fad\u0131klar\u0131n\u0131 vurgulayan Alanya Belediye Ba\u015fkan\u0131 Adem Murat Y\u00fccel, \u201cAlanya Belediyesi olarak kentimizde bir ilki daha ger\u00e7ekle\u015ftirmenin gururunu ya\u015f\u0131yoruz. Belediyemiz ev sahipli\u011finde, \u201cOtel, Restaurant, Cafe Ekipmanlar\u0131 ve ev d\u0131\u015f\u0131 t\u00fcketim \u00fcr\u00fcnleri fuar\u0131\u201d bug\u00fcn kap\u0131lar\u0131n\u0131 ziyaret\u00e7ilerine a\u00e7\u0131yor. Kentimizde bir ilk olma \u00f6zelli\u011fi ta\u015f\u0131yan ve \u00fc\u00e7 g\u00fcn s\u00fcrecek fuar\u0131m\u0131zda Alanyal\u0131 esnaflar\u0131m\u0131z ve \u015fehir d\u0131\u015f\u0131ndan gelecek pek \u00e7ok firmay\u0131 fuar alan\u0131m\u0131zda a\u011f\u0131rlayaca\u011f\u0131z. Fuar\u0131m\u0131z\u0131n Alanyam\u0131za ve b\u00f6lgemize hay\u0131rl\u0131 u\u011furlu olmas\u0131n\u0131 diliyorum\u201d dedi.<\/p>\n\n\n\n<p>FUAR KAPSAMINDA 3 VER\u0130ML\u0130 G\u00dcN<\/p>\n\n\n\n<p>E\u015f zamanl\u0131 iki fuar\u0131n kat\u0131l\u0131mc\u0131lar\u0131na ve ziyaret\u00e7ilerine 3 verimli i\u015f g\u00fcn\u00fc ya\u015fataca\u011f\u0131na dikkati \u00e7eken Ba\u015fkan Y\u00fccel, \u201c3 g\u00fcn s\u00fcrecek fuar kapsam\u0131nda, T\u00fcrkiye&#8217;nin say\u0131l\u0131 yemek yar\u0131\u015fmalar\u0131ndan kabul edilen ve Alt\u0131n Kep\u00e7e Turizm ve A\u015f\u00e7\u0131lar Derne\u011fi&nbsp;i\u015fbirli\u011finde d\u00fczenledi\u011fimiz 8.Gastro Alanya Uluslararas\u0131 Yemek Yar\u0131\u015fmas\u0131n\u0131 da ger\u00e7ekle\u015ftiriyoruz. 16 farkl\u0131 \u00fclkeden yar\u0131\u015fmac\u0131 ve j\u00fcrinin kat\u0131laca\u011f\u0131 etkinlikler 3 g\u00fcn boyunca devam edecek. T\u00fcrkiye&#8217;nin en prestijli yemek yar\u0131\u015fmalar\u0131ndan olan 8.Gastro Alanya Uluslararas\u0131 Yemek Yar\u0131\u015fmas\u0131na yurt d\u0131\u015f\u0131ndan da 25 \u015fefle birlikte 480 yar\u0131\u015fmac\u0131 kat\u0131lacak. Alanya Belediyesi ve Alt\u0131nkep\u00e7e Turizm ve A\u015f\u00e7\u0131lar Derne\u011fi i\u015fbirli\u011finde d\u00fczenledi\u011fimiz yar\u0131\u015fmam\u0131za; kat\u0131l\u0131mc\u0131, j\u00fcri ve sponsor olarak destek veren t\u00fcm payda\u015flara ve eme\u011fi ge\u00e7en herkese te\u015fekk\u00fcrlerimi sunar\u0131m.&nbsp; \u00dclkemizin en prestijli yar\u0131\u015fmalar\u0131ndan olan etkinli\u011fimize ilgilerinden dolay\u0131 gastronomi camias\u0131na ayr\u0131ca te\u015fekk\u00fcr eder, yar\u0131\u015fmalarda lezzetleriyle yar\u0131\u015facak herkese ba\u015far\u0131lar dilerim. Alanyam\u0131za kazand\u0131rd\u0131\u011f\u0131m\u0131z Kapal\u0131 Cuma Pazar\u0131 alan\u0131nda ger\u00e7ekle\u015ftirece\u011fimiz, Otel, Restaurant, Cafe Ekipmanlar\u0131 ve ev d\u0131\u015f\u0131 t\u00fcketim \u00fcr\u00fcnleri fuar\u0131na ve 8.Gastro Alanya Uluslararas\u0131 Yemek Yar\u0131\u015fmas\u0131na t\u00fcm Alanya halk\u0131n\u0131 davet ediyorum\u201d ifadelerini kulland\u0131.<\/p>\n\n\n\n<p>\u0130LK YILIMIZDA HEDEF\u0130M\u0130Z\u0130 A\u015eTIK<\/p>\n\n\n\n<p>Organizasyonun daha ilk y\u0131l\u0131nda hedeflerini a\u015ft\u0131klar\u0131n\u0131 vurgulayan Ba\u015fak Fuarc\u0131l\u0131k Genel M\u00fcd\u00fcr\u00fc Sedat Bozkurt, \u201cDeneyimli ekibimiz, uzman oldu\u011fu sekt\u00f6rlerde iki fuar\u0131 e\u015f zamanl\u0131 olarak d\u00fczenliyor. K\u0131sa zamanda kat\u0131l\u0131mc\u0131 say\u0131s\u0131na ula\u015ft\u0131k. Ayn\u0131 \u015fekilde ziyaret\u00e7i hedefine de ula\u015faca\u011f\u0131m\u0131zdan eminiz. Konaklama Sekt\u00f6r\u00fc Profesyonelleri, Restaurant, Pastane, Bar, E\u011flence Mekan\u0131 \u0130\u015fletmeleri, Kamu Kurumlar\u0131n\u0131n Sat\u0131n Alma Yetkilileri, Kamu ve \u00d6zel Hastane Y\u00f6neticileri ve Sat\u0131n Alma Yetkilileri, Askeri Birlikler Sat\u0131n Alma Yetkilileri, Kamu ve \u00d6zel \u00dcniversitelerin Sat\u0131n Alma Yetkilileri, Fabrikalar\u0131n Sat\u0131n Alma Yetkilileri, End\u00fcstriyel Yemek \u00dcreticileri, Toptanc\u0131lar, \u015eefler, F&amp;B Y\u00f6neticileri, Proje Taahh\u00fct Firma Y\u00f6neticileri etkinli\u011fimize ilgi g\u00f6sterecek\u201d dedi.&nbsp;<\/p>\n\n\n\n<p>T\u00dcM PAYDA\u015eLAR BURADA<\/p>\n\n\n\n<p>\u0130ki fuar\u0131n sinerji yarataca\u011f\u0131n\u0131 belirten Bozkurt, \u201c\u00c7ifte fuar\u0131m\u0131z yeni g\u00fc\u00e7l\u00fc i\u015fbirliklerinin kap\u0131lar\u0131n\u0131 aralayacak. Birinci ba\u015fl\u0131ktaki etkinli\u011fimizde Otel Tekstili, Mobilya, Yatak, Dekorasyon Malzemeleri, End\u00fcstriyel Mutfak ve \u00c7ama\u015f\u0131rhane Ekipmanlar\u0131, Mutfak, Banyo Malzemeleri ve Ekipmanlar\u0131, G\u00fcvenlik ve Ayd\u0131nlatma Sistemleri, Buklet ve Sarf Malzeme, Bili\u015fim Sistemleri, K\u0131rtasiye \u00dcr\u00fcnleri, Personel K\u0131yafetleri, Spa, Havuz Ekipmanlar\u0131, Park, Bah\u00e7e, Plaj Ekipman ve Malzemeleri, A\u015f\u00e7\u0131l\u0131k Malzemeleri ve Ekipmanlar\u0131, Sekt\u00f6rel Yay\u0131nlar g\u00f6r\u00fcc\u00fcye \u00e7\u0131kt\u0131. \u0130kinci ba\u015fl\u0131ktaki organizasyonumuzda ise Bili\u015fim Sistemleri Firmalar\u0131, Toplu T\u00fcketime Y\u00f6nelik G\u0131da ve \u0130\u00e7ecek \u00dcr\u00fcnleri Tedarik\u00e7ileri, Pastac\u0131l\u0131k ve \u00c7ikolata \u00dcr\u00fcnleri \u0130malat ve Tedarik\u00e7ileri, Tamamlay\u0131c\u0131 G\u0131da D\u0131\u015f\u0131 \u00dcr\u00fcnler \u0130malat ve Tedarik\u00e7ileri, Sarf Malzeme Tedarik\u00e7ileri, Temizlik Malzemeleri ve Kimyasallar\u0131 \u0130malat ve Tedarik\u00e7ileri tan\u0131t\u0131mlar\u0131n\u0131 ger\u00e7ekle\u015ftiriyor\u201d ifadelerini kulland\u0131.<\/p>\n\n\n\n<p>A\u00e7\u0131l\u0131\u015f konu\u015fmalar\u0131n\u0131n ard\u0131ndan organizasyona katk\u0131 sa\u011flayan kurumlar\u0131n temsilcilerine Ba\u015fak Fuarc\u0131l\u0131k Genel M\u00fcd\u00fcr\u00fc Sedat Bozkurt birer te\u015fekk\u00fcr plaketi takdim etti. Davetliler iyi dileklerle a\u00e7\u0131l\u0131\u015f kurdelesini kesti. Daha sonra protokol \u00fcyeleri organizasyon kapsam\u0131nda a\u00e7\u0131lan standlar\u0131 ziyaret etti.<\/p>\n\n\n\n<p>Alanya Otel, Kafe, Restorant ekipmanlar\u0131 Fuar\u0131 ile Alanya Ev D\u0131\u015f\u0131 T\u00fcketim \u00dcr\u00fcnleri, Yiyecek ve \u0130\u00e7ecek Fuar\u0131 ile 8.Gastro Alanya Uluslararas\u0131 Yemek Yar\u0131\u015fmas\u0131 Cuma Pazar\u0131 \u00c7ok Ama\u00e7l\u0131 Fuar ve Etkinlik Merkezi&#8217;nde 05-07 \u015eubat 2024 tarihlerinde ziyaret edilebilecek.<\/p>\n\n\n\n<p>Haber Merkezi<\/p>\n","protected":false},"excerpt":{"rendered":"<p>Alanya Belediyesi\u2019nin ev sahipli\u011finde Ba\u015fak Fuarc\u0131l\u0131k\u2019\u0131n d\u00fczenledi\u011fi iki fuar ve bir uluslararas\u0131 yar\u0131\u015fman\u0131n start\u0131 t\u00f6renle verildi. Alanya Belediye Ba\u015fkan\u0131 Adem Murat Y\u00fccel, \u201cKentimizde bir ilki <a href=\"https:\/\/akdenizhaber.com.tr\/index.php\/2024\/02\/06\/alanyada-bir-ilk-daha-yasandi\/\" class=\"read-more-link\">[more&#8230;]<\/a><\/p>\n","protected":false},"author":2,"featured_media":20214,"comment_status":"open","ping_status":"open","sticky":false,"template":"","format":"standard","meta":{"footnotes":""},"categories":[2],"tags":[],"class_list":["post-20213","post","type-post","status-publish","format-standard","has-post-thumbnail","hentry","category-gundem"],"_links":{"self":[{"href":"https:\/\/akdenizhaber.com.tr\/index.php\/wp-json\/wp\/v2\/posts\/20213","targetHints":{"allow":["GET"]}}],"collection":[{"href":"https:\/\/akdenizhaber.com.tr\/index.php\/wp-json\/wp\/v2\/posts"}],"about":[{"href":"https:\/\/akdenizhaber.com.tr\/index.php\/wp-json\/wp\/v2\/types\/post"}],"author":[{"embeddable":true,"href":"https:\/\/akdenizhaber.com.tr\/index.php\/wp-json\/wp\/v2\/users\/2"}],"replies":[{"embeddable":true,"href":"https:\/\/akdenizhaber.com.tr\/index.php\/wp-json\/wp\/v2\/comments?post=20213"}],"version-history":[{"count":0,"href":"https:\/\/akdenizhaber.com.tr\/index.php\/wp-json\/wp\/v2\/posts\/20213\/revisions"}],"wp:featuredmedia":[{"embeddable":true,"href":"https:\/\/akdenizhaber.com.tr\/index.php\/wp-json\/wp\/v2\/media\/20214"}],"wp:attachment":[{"href":"https:\/\/akdenizhaber.com.tr\/index.php\/wp-json\/wp\/v2\/media?parent=20213"}],"wp:term":[{"taxonomy":"category","embeddable":true,"href":"https:\/\/akdenizhaber.com.tr\/index.php\/wp-json\/wp\/v2\/categories?post=20213"},{"taxonomy":"post_tag","embeddable":true,"href":"https:\/\/akdenizhaber.com.tr\/index.php\/wp-json\/wp\/v2\/tags?post=20213"}],"curies":[{"name":"wp","href":"https:\/\/api.w.org\/{rel}","templated":true}]}}