{"id":20207,"date":"2024-02-05T14:07:10","date_gmt":"2024-02-05T11:07:10","guid":{"rendered":"https:\/\/akdenizhaber.com.tr\/?p=20207"},"modified":"2024-02-05T14:07:11","modified_gmt":"2024-02-05T11:07:11","slug":"ak-partide-beklenen-gun-geldi-catti","status":"publish","type":"post","link":"https:\/\/akdenizhaber.com.tr\/index.php\/2024\/02\/05\/ak-partide-beklenen-gun-geldi-catti\/","title":{"rendered":"Ak Parti\u2019de Beklenen G\u00fcn Geldi \u00c7att\u0131!"},"content":{"rendered":"\n<p>\u0130l\u00e7e Belediye Ba\u015fkan Adaylar\u0131 Yar\u0131n Belli Oluyor<\/p>\n\n\n\n<p>Ak Parti Antalya \u0130l\u00e7e Belediye Ba\u015fkan Adaylar\u0131 7 \u015eubat \u00c7ar\u015famba G\u00fcn\u00fc A\u00e7\u0131klan\u0131yor.<\/p>\n\n\n\n<p>Uzun S\u00fcredir \u0130lgili Kamuoylar\u0131nda Merakla Beklenen Ak Parti Antalya Belediye Ba\u015fkan Adaylar\u0131 Nihayet Yar\u0131n Yap\u0131lacak Antalya Cumhur \u0130ttifak\u0131 Aday Tan\u0131t\u0131m Toplant\u0131s\u0131 \u0130le A\u00e7\u0131klanacak.<\/p>\n\n\n\n<p>Antalya Mimar Sinan Kongre Merkezinde Yap\u0131lacak Aday Tan\u0131t\u0131m Toplant\u0131s\u0131 Saat 15.30\u2019da Ba\u015flayacak Ve Genel Ba\u015fkan Vekili Mustafa Elita\u015f\u2019\u0131n Kat\u0131l\u0131mlar\u0131yla Ger\u00e7ekle\u015ftirilecek. Toplant\u0131 Sonras\u0131nda Antalya Manavgat Ve Di\u011fer \u0130l\u00e7e Belediye Ba\u015fkan Adaylar\u0131 Da \u0130smen A\u00e7\u0131klanacak Ve Uzun S\u00fcredir Merakla Takip Edilen S\u00fcre\u00e7 Ve Heyecan Sona Erecek.<br>Haber Merkezi<\/p>\n","protected":false},"excerpt":{"rendered":"<p>\u0130l\u00e7e Belediye Ba\u015fkan Adaylar\u0131 Yar\u0131n Belli Oluyor Ak Parti Antalya \u0130l\u00e7e Belediye Ba\u015fkan Adaylar\u0131 7 \u015eubat \u00c7ar\u015famba G\u00fcn\u00fc A\u00e7\u0131klan\u0131yor. Uzun S\u00fcredir \u0130lgili Kamuoylar\u0131nda Merakla Beklenen <a href=\"https:\/\/akdenizhaber.com.tr\/index.php\/2024\/02\/05\/ak-partide-beklenen-gun-geldi-catti\/\" class=\"read-more-link\">[more&#8230;]<\/a><\/p>\n","protected":false},"author":2,"featured_media":20208,"comment_status":"open","ping_status":"open","sticky":false,"template":"","format":"standard","meta":{"footnotes":""},"categories":[2],"tags":[],"class_list":["post-20207","post","type-post","status-publish","format-standard","has-post-thumbnail","hentry","category-gundem"],"_links":{"self":[{"href":"https:\/\/akdenizhaber.com.tr\/index.php\/wp-json\/wp\/v2\/posts\/20207","targetHints":{"allow":["GET"]}}],"collection":[{"href":"https:\/\/akdenizhaber.com.tr\/index.php\/wp-json\/wp\/v2\/posts"}],"about":[{"href":"https:\/\/akdenizhaber.com.tr\/index.php\/wp-json\/wp\/v2\/types\/post"}],"author":[{"embeddable":true,"href":"https:\/\/akdenizhaber.com.tr\/index.php\/wp-json\/wp\/v2\/users\/2"}],"replies":[{"embeddable":true,"href":"https:\/\/akdenizhaber.com.tr\/index.php\/wp-json\/wp\/v2\/comments?post=20207"}],"version-history":[{"count":0,"href":"https:\/\/akdenizhaber.com.tr\/index.php\/wp-json\/wp\/v2\/posts\/20207\/revisions"}],"wp:featuredmedia":[{"embeddable":true,"href":"https:\/\/akdenizhaber.com.tr\/index.php\/wp-json\/wp\/v2\/media\/20208"}],"wp:attachment":[{"href":"https:\/\/akdenizhaber.com.tr\/index.php\/wp-json\/wp\/v2\/media?parent=20207"}],"wp:term":[{"taxonomy":"category","embeddable":true,"href":"https:\/\/akdenizhaber.com.tr\/index.php\/wp-json\/wp\/v2\/categories?post=20207"},{"taxonomy":"post_tag","embeddable":true,"href":"https:\/\/akdenizhaber.com.tr\/index.php\/wp-json\/wp\/v2\/tags?post=20207"}],"curies":[{"name":"wp","href":"https:\/\/api.w.org\/{rel}","templated":true}]}}