{"id":20177,"date":"2024-02-05T13:58:52","date_gmt":"2024-02-05T10:58:52","guid":{"rendered":"https:\/\/akdenizhaber.com.tr\/?p=20177"},"modified":"2024-02-05T13:58:52","modified_gmt":"2024-02-05T10:58:52","slug":"kepez-hentbola-4-kupa","status":"publish","type":"post","link":"https:\/\/akdenizhaber.com.tr\/index.php\/2024\/02\/05\/kepez-hentbola-4-kupa\/","title":{"rendered":"Kepez hentbola 4 kupa"},"content":{"rendered":"\n<p>Kepez Belediyesi Spor Kul\u00fcb\u00fc\u2019n\u00fcn K\u0131z Hentbol Y\u0131ld\u0131zlar Tak\u0131m\u0131 A ve B tak\u0131mlar\u0131 ilk 2 s\u0131rada yer al\u0131rken, K\u00fc\u00e7\u00fck K\u0131zlar tak\u0131mlar\u0131 ise 3 ve 4\u2019\u00fcnc\u00fcl\u00fck kupalar\u0131 kald\u0131rd\u0131.<\/p>\n\n\n\n<p>T\u00fcrkiye Hentbol Federasyonu Y\u0131ld\u0131z K\u0131zlar ve K\u00fc\u00e7\u00fck K\u0131zlar Antalya \u015eampiyonas\u0131nda Kepez Belediyesi Spor Kul\u00fcb\u00fc tak\u0131mlar\u0131 4 kupa kazanarak damga vurdu. D\u00f6\u015femealt\u0131 Spor Salonu\u2019nda oynanan ma\u00e7lar sonunda Kepez Belediyesi\u2019nin A ile B Tak\u0131mlar\u0131 Y\u0131ld\u0131z K\u0131zlar kategorisinde birincilik ve ikincilik kupas\u0131 kazand\u0131. K\u00fc\u00e7\u00fck K\u0131zlar tak\u0131mlar\u0131 ise 3\u2019\u00fcnc\u00fc ve 4\u2019\u00fcnc\u00fcl\u00fck kupalar\u0131n\u0131 D\u00f6\u015femealt\u0131 Gen\u00e7lik ve Spor M\u00fcd\u00fcr\u00fc Ahmet Karsavurdan\u2019\u0131n elinden ald\u0131.<\/p>\n\n\n\n<p>KUPALARI BA\u015eKAN \u00c7ATAL\u2019A G\u00d6T\u00dcRD\u00dcLER<\/p>\n\n\n\n<p>Tak\u0131mlar\u0131yla gururlanan Hentbol Ba\u015fantren\u00f6r\u00fc Sertan Sarpa\u015f, kupa ve madalyalar\u0131 ile birlikte oyuncular\u0131n\u0131 Kepez Belediyesi Spor Kul\u00fcb\u00fc Ba\u015fkan\u0131 Hakan \u00c7atal\u2019a g\u00f6t\u00fcrd\u00fc. Hentbolcular\u0131 mutlulukla kar\u015f\u0131layan Ba\u015fkan \u00c7atal, tebriklerini sundu. Sarpa\u015f antren\u00f6r\u00fcn 15 y\u0131ll\u0131k ba\u015far\u0131 ser\u00fcveni s\u00f6z\u00fcn\u00fc 2 y\u0131ld\u0131r yerine getirdi\u011fini belirten \u00c7atal, \u201cAntren\u00f6r\u00fcn\u00fcz sizlerin ba\u015far\u0131 azminize ve \u00e7al\u0131\u015fkanl\u0131\u011f\u0131n\u0131za g\u00fcvenerek bu s\u00f6z\u00fc vermi\u015fti. Onun y\u00fcz\u00fcn\u00fc kara \u00e7\u0131karmad\u0131n\u0131z\u201d dedi.<\/p>\n\n\n\n<p>BA\u015eARI \u0130VMES\u0130<\/p>\n\n\n\n<p>Sporcular\u0131n ba\u015far\u0131lar\u0131yla paralel kul\u00fcp imkanlar\u0131n\u0131n da artt\u0131\u011f\u0131na de\u011finen \u00c7atal, ba\u015fta Kepez Belediyesi\u2019nin sa\u011flad\u0131\u011f\u0131 her t\u00fcrl\u00fc ara\u00e7-gere\u00e7 ve manevi katk\u0131y\u0131 sporculara aktar\u0131ld\u0131\u011f\u0131n\u0131 s\u00f6yledi. Sporcular\u0131ndan ba\u015far\u0131 ivmesini kaybetmemesini isteyen \u00c7atal, te\u015fekk\u00fcr etti. Altyap\u0131dan yeti\u015ftirdi\u011fi \u00f6\u011frencileriyle \u00fcst liglere y\u00fckseleceklerine inand\u0131\u011f\u0131n\u0131 belirten Sarpa\u015f ise, \u201cKad\u0131nlar hentbol kategorisinde uzun y\u0131llar Kepez\u2019in formas\u0131n\u0131 terletece\u011fimize g\u00fcveniyorum\u201d dedi.&nbsp;<\/p>\n\n\n\n<p>Kepez Belediyesi \/ B\u00fclten<\/p>\n","protected":false},"excerpt":{"rendered":"<p>Kepez Belediyesi Spor Kul\u00fcb\u00fc\u2019n\u00fcn K\u0131z Hentbol Y\u0131ld\u0131zlar Tak\u0131m\u0131 A ve B tak\u0131mlar\u0131 ilk 2 s\u0131rada yer al\u0131rken, K\u00fc\u00e7\u00fck K\u0131zlar tak\u0131mlar\u0131 ise 3 ve 4\u2019\u00fcnc\u00fcl\u00fck kupalar\u0131 <a href=\"https:\/\/akdenizhaber.com.tr\/index.php\/2024\/02\/05\/kepez-hentbola-4-kupa\/\" class=\"read-more-link\">[more&#8230;]<\/a><\/p>\n","protected":false},"author":2,"featured_media":20179,"comment_status":"open","ping_status":"open","sticky":false,"template":"","format":"standard","meta":{"footnotes":""},"categories":[2],"tags":[],"class_list":["post-20177","post","type-post","status-publish","format-standard","has-post-thumbnail","hentry","category-gundem"],"_links":{"self":[{"href":"https:\/\/akdenizhaber.com.tr\/index.php\/wp-json\/wp\/v2\/posts\/20177","targetHints":{"allow":["GET"]}}],"collection":[{"href":"https:\/\/akdenizhaber.com.tr\/index.php\/wp-json\/wp\/v2\/posts"}],"about":[{"href":"https:\/\/akdenizhaber.com.tr\/index.php\/wp-json\/wp\/v2\/types\/post"}],"author":[{"embeddable":true,"href":"https:\/\/akdenizhaber.com.tr\/index.php\/wp-json\/wp\/v2\/users\/2"}],"replies":[{"embeddable":true,"href":"https:\/\/akdenizhaber.com.tr\/index.php\/wp-json\/wp\/v2\/comments?post=20177"}],"version-history":[{"count":0,"href":"https:\/\/akdenizhaber.com.tr\/index.php\/wp-json\/wp\/v2\/posts\/20177\/revisions"}],"wp:featuredmedia":[{"embeddable":true,"href":"https:\/\/akdenizhaber.com.tr\/index.php\/wp-json\/wp\/v2\/media\/20179"}],"wp:attachment":[{"href":"https:\/\/akdenizhaber.com.tr\/index.php\/wp-json\/wp\/v2\/media?parent=20177"}],"wp:term":[{"taxonomy":"category","embeddable":true,"href":"https:\/\/akdenizhaber.com.tr\/index.php\/wp-json\/wp\/v2\/categories?post=20177"},{"taxonomy":"post_tag","embeddable":true,"href":"https:\/\/akdenizhaber.com.tr\/index.php\/wp-json\/wp\/v2\/tags?post=20177"}],"curies":[{"name":"wp","href":"https:\/\/api.w.org\/{rel}","templated":true}]}}