{"id":20165,"date":"2024-02-05T13:55:23","date_gmt":"2024-02-05T10:55:23","guid":{"rendered":"https:\/\/akdenizhaber.com.tr\/?p=20165"},"modified":"2024-02-05T13:55:24","modified_gmt":"2024-02-05T10:55:24","slug":"bucak-esnafin-beli-bukulmus-durumda","status":"publish","type":"post","link":"https:\/\/akdenizhaber.com.tr\/index.php\/2024\/02\/05\/bucak-esnafin-beli-bukulmus-durumda\/","title":{"rendered":"Bucak: Esnaf\u0131n beli b\u00fck\u00fclm\u00fc\u015f durumda"},"content":{"rendered":"\n<p>\u0130Y\u0130 Parti Muratpa\u015fa Belediye Ba\u015fkan Aday\u0131 Turgut Bucak, 31 Mart 2024\u2019taki se\u00e7im \u00f6ncesi \u00e7al\u0131\u015fmalar\u0131na ara vermeden devam ediyor. Cuma Pazar\u0131\u2019ndaki esnaflar\u0131 ziyaret eden Bucak, pazarc\u0131lar\u0131n sorunlar\u0131n\u0131 dinledi.<\/p>\n\n\n\n<p>\u0130Y\u0130 Parti Muratpa\u015fa Belediye Ba\u015fkan Aday\u0131 Turgut Bucak, 31 yerel se\u00e7im \u00e7al\u0131\u015fmalar\u0131n\u0131 s\u00fcrd\u00fcr\u00fcyor. Bucak, \u0130yi Parti Muratpa\u015fa \u0130l\u00e7e Ba\u015fkan\u0131 Erdal \u00d6z\u00e7ivi, Belediye Meclis \u00dcyesi Adaylar\u0131 ve il\u00e7e y\u00f6neticileriyle birlikte Cuma Pazar\u0131 esnaf\u0131n\u0131 ziyaret etti.<\/p>\n\n\n\n<p>\u2018\u2019PAHALILIKTAN PAZARCIDA VATANDA\u015e DA \u015e\u0130KAYET\u00c7\u0130\u201d<\/p>\n\n\n\n<p>\u201cMuratpa\u015fa\u2019da Bu Kez \u0130Y\u0130ler kazanacak&#8221; slogan\u0131 ile se\u00e7im \u00e7al\u0131\u015fmalar\u0131na ba\u015flayan \u0130Y\u0130 Parti Muratpa\u015fa Belediye Ba\u015fkan Aday\u0131 Turgut Bucak, pazarc\u0131 esnaf\u0131n\u0131n sorunlar\u0131n\u0131 ve taleplerini tek tek dinledi.<\/p>\n\n\n\n<p>Maliyetlerin artmas\u0131 ile i\u015flerinin iyi olmad\u0131\u011f\u0131n\u0131 ifade eden pazarc\u0131 esnaf\u0131, Bucak\u2019a sat\u0131\u015f yapamamaktan, fiyatlar\u0131n yerinde durmamas\u0131ndan, bu g\u00fcn satt\u0131klar\u0131 \u00fcr\u00fcn\u00fc yar\u0131n daha fazla fiyata almaktan ve ekonomik olarak vatanda\u015f\u0131n al\u0131m g\u00fcc\u00fcn\u00fcn azalmas\u0131ndan yak\u0131nd\u0131lar.<\/p>\n\n\n\n<p>Esnaf\u0131n yo\u011fun ilgisiyle kar\u015f\u0131la\u015fan Bucak\u2019\u0131n ziyaretinde esnaflar, \u201cNakliye maliyeti ba\u015fta olmak \u00fczere artan maliyetler, y\u00fcksek enflasyon i\u015flerimizi durma noktas\u0131na getirdi. Sebze ve meyve fiyatlar\u0131n\u0131n y\u00fcksek olmas\u0131 ile bizler sat\u0131\u015f yapmakta, vatanda\u015flarda almakta zorlan\u0131yor, vatanda\u015flar\u0131n al\u0131m g\u00fcc\u00fc her ge\u00e7en g\u00fcn azal\u0131yor\u201d diye serzeni\u015fte bulundular.<\/p>\n\n\n\n<p>Pazar esnaf\u0131n\u0131n her zaman yan\u0131nda olaca\u011f\u0131n\u0131, sorunlar\u0131n\u0131n \u00e7\u00f6z\u00fclece\u011fini belirten \u0130Y\u0130 Parti Muratpa\u015fa Belediye Ba\u015fkan Aday\u0131 Bucak ise, \u201cKonular ayn\u0131, dertler ayn\u0131. Milletimizin \u00e7ekti\u011fi, g\u00fcndeme getirdi\u011fi meseleler hep ayn\u0131. Pazarda \u00f6zellikle ekonomi ile ilgili, ge\u00e7im s\u0131k\u0131nt\u0131s\u0131 ile ilgili \u00e7ok ciddi \u015fikayetler ald\u0131k. Vatanda\u015f\u0131n ciddi \u015fekilde beli b\u00fck\u00fclm\u00fc\u015f durumda.<\/p>\n\n\n\n<p>Vatanda\u015flar\u0131m\u0131z\u0131n daha uygun alanlarda sebze ve meyve al\u0131\u015fveri\u015fi yapabilmeleri i\u00e7in yeni ve modern pazar alanlar\u0131 ve imkanlar\u0131 ile her zaman pazarc\u0131 esnaflar\u0131m\u0131z\u0131n yan\u0131nda olaca\u011f\u0131z. \u0130l\u00e7e Ba\u015fkan\u0131m\u0131z ve ekiplerimizle birlikte Muratpa\u015fa\u2019n\u0131n hak etti\u011fi hizmeti ger\u00e7ekle\u015ftirece\u011fiz\u201d dedi.<\/p>\n\n\n\n<p>Haber Merkezi<\/p>\n","protected":false},"excerpt":{"rendered":"<p>\u0130Y\u0130 Parti Muratpa\u015fa Belediye Ba\u015fkan Aday\u0131 Turgut Bucak, 31 Mart 2024\u2019taki se\u00e7im \u00f6ncesi \u00e7al\u0131\u015fmalar\u0131na ara vermeden devam ediyor. Cuma Pazar\u0131\u2019ndaki esnaflar\u0131 ziyaret eden Bucak, pazarc\u0131lar\u0131n <a href=\"https:\/\/akdenizhaber.com.tr\/index.php\/2024\/02\/05\/bucak-esnafin-beli-bukulmus-durumda\/\" class=\"read-more-link\">[more&#8230;]<\/a><\/p>\n","protected":false},"author":2,"featured_media":20166,"comment_status":"open","ping_status":"open","sticky":false,"template":"","format":"standard","meta":{"footnotes":""},"categories":[2],"tags":[],"class_list":["post-20165","post","type-post","status-publish","format-standard","has-post-thumbnail","hentry","category-gundem"],"_links":{"self":[{"href":"https:\/\/akdenizhaber.com.tr\/index.php\/wp-json\/wp\/v2\/posts\/20165","targetHints":{"allow":["GET"]}}],"collection":[{"href":"https:\/\/akdenizhaber.com.tr\/index.php\/wp-json\/wp\/v2\/posts"}],"about":[{"href":"https:\/\/akdenizhaber.com.tr\/index.php\/wp-json\/wp\/v2\/types\/post"}],"author":[{"embeddable":true,"href":"https:\/\/akdenizhaber.com.tr\/index.php\/wp-json\/wp\/v2\/users\/2"}],"replies":[{"embeddable":true,"href":"https:\/\/akdenizhaber.com.tr\/index.php\/wp-json\/wp\/v2\/comments?post=20165"}],"version-history":[{"count":0,"href":"https:\/\/akdenizhaber.com.tr\/index.php\/wp-json\/wp\/v2\/posts\/20165\/revisions"}],"wp:featuredmedia":[{"embeddable":true,"href":"https:\/\/akdenizhaber.com.tr\/index.php\/wp-json\/wp\/v2\/media\/20166"}],"wp:attachment":[{"href":"https:\/\/akdenizhaber.com.tr\/index.php\/wp-json\/wp\/v2\/media?parent=20165"}],"wp:term":[{"taxonomy":"category","embeddable":true,"href":"https:\/\/akdenizhaber.com.tr\/index.php\/wp-json\/wp\/v2\/categories?post=20165"},{"taxonomy":"post_tag","embeddable":true,"href":"https:\/\/akdenizhaber.com.tr\/index.php\/wp-json\/wp\/v2\/tags?post=20165"}],"curies":[{"name":"wp","href":"https:\/\/api.w.org\/{rel}","templated":true}]}}