{"id":20162,"date":"2024-02-05T13:54:15","date_gmt":"2024-02-05T10:54:15","guid":{"rendered":"https:\/\/akdenizhaber.com.tr\/?p=20162"},"modified":"2024-02-05T13:54:15","modified_gmt":"2024-02-05T10:54:15","slug":"tutuncu-esnafin-sofrasinda","status":"publish","type":"post","link":"https:\/\/akdenizhaber.com.tr\/index.php\/2024\/02\/05\/tutuncu-esnafin-sofrasinda\/","title":{"rendered":"T\u00fct\u00fcnc\u00fc, esnaf\u0131n sofras\u0131nda \u00a0"},"content":{"rendered":"\n<p>Cumhur \u0130ttifak\u0131n\u0131n Antalya B\u00fcy\u00fck\u015fehir Belediye Ba\u015fkan aday\u0131 Hakan T\u00fct\u00fcnc\u00fc, Alanya Belediye Ba\u015fkan aday\u0131 Adem Murat Y\u00fccel ile beraber gezdi\u011fi Cuma pazar\u0131nda esnaf\u0131n davet etti\u011fi sofrada meyve sebze&nbsp; kasas\u0131 \u00fczerine oturarak menemen yedi.&nbsp; T\u00fct\u00fcnc\u00fc, \u201cAllah\u2019\u0131m sofran\u0131z\u0131n bereketini art\u0131rs\u0131n, bol kazan\u00e7lar nasip etsin.\u201d dedi.<\/p>\n\n\n\n<p>Kepez Belediyesi ve Cumhur \u0130ttifak\u0131n\u0131n Antalya B\u00fcy\u00fck\u015fehir Belediye Ba\u015fkan aday\u0131 Hakan T\u00fct\u00fcnc\u00fc, \u201cAntalya\u2019y\u0131 alt\u0131n \u00e7a\u011f\u0131na ta\u015f\u0131yacak se\u00e7im \u00e7al\u0131\u015fmalar\u0131n\u0131 b\u00fcy\u00fck bir h\u0131zla s\u00fcrd\u00fcr\u00fcyor. Korkuteli ve Gazipa\u015fa\u2019dan sonra Alanya\u2019da da se\u00e7im sahalar\u0131na inen T\u00fct\u00fcnc\u00fc, il\u00e7eyi kar\u0131\u015f kar\u0131\u015f gezdi. Cumhur \u0130ttifak\u0131n\u0131n Alanya Belediye Ba\u015fkan aday\u0131 Adem Murat Y\u00fccel ile beraber, il\u00e7enin d\u00f6rt bir taraf\u0131n\u0131 gezerek, g\u00f6n\u00fcl kap\u0131lar\u0131n\u0131 \u00e7alan T\u00fct\u00fcnc\u00fc, pazarc\u0131 esnaf\u0131n\u0131 da ziyaret etti. T\u00fct\u00fcnc\u00fc, pazarc\u0131 esnaf\u0131na kolayl\u0131klar ve hay\u0131rl\u0131 kazan\u00e7lar diledi. Pazar ziyareti s\u0131ras\u0131nda sebze meyve kasas\u0131 \u00fczerine kurulan sofraya davet edildi. T\u00fct\u00fcnc\u00fc, oturdu\u011fu sandalyeyi kendisine vermek isteyen pazarc\u0131 esnaf\u0131na \u201cOlur mu \u00f6yle \u015fey, biz buraya oturmak istiyoruz.\u201d diyerek, Alanya\u2019n\u0131n ba\u015fkan aday\u0131 Y\u00fccel ile beraber meyve sebze kasas\u0131n\u0131n \u00fczerine oturdu. Pazarc\u0131 esnaf\u0131n\u0131n pi\u015firdi\u011fi menemeni yiyen T\u00fct\u00fcnc\u00fc, \u201cMenemen de \u00e7ok g\u00fczel olmu\u015f. Ellerinize sa\u011fl\u0131k. Allah\u2019\u0131m sofran\u0131z\u0131n bereketini art\u0131rs\u0131n.\u201d dedi.<\/p>\n\n\n\n<p>Haber Merkezi<\/p>\n","protected":false},"excerpt":{"rendered":"<p>Cumhur \u0130ttifak\u0131n\u0131n Antalya B\u00fcy\u00fck\u015fehir Belediye Ba\u015fkan aday\u0131 Hakan T\u00fct\u00fcnc\u00fc, Alanya Belediye Ba\u015fkan aday\u0131 Adem Murat Y\u00fccel ile beraber gezdi\u011fi Cuma pazar\u0131nda esnaf\u0131n davet etti\u011fi sofrada <a href=\"https:\/\/akdenizhaber.com.tr\/index.php\/2024\/02\/05\/tutuncu-esnafin-sofrasinda\/\" class=\"read-more-link\">[more&#8230;]<\/a><\/p>\n","protected":false},"author":2,"featured_media":20163,"comment_status":"open","ping_status":"open","sticky":false,"template":"","format":"standard","meta":{"footnotes":""},"categories":[2],"tags":[],"class_list":["post-20162","post","type-post","status-publish","format-standard","has-post-thumbnail","hentry","category-gundem"],"_links":{"self":[{"href":"https:\/\/akdenizhaber.com.tr\/index.php\/wp-json\/wp\/v2\/posts\/20162","targetHints":{"allow":["GET"]}}],"collection":[{"href":"https:\/\/akdenizhaber.com.tr\/index.php\/wp-json\/wp\/v2\/posts"}],"about":[{"href":"https:\/\/akdenizhaber.com.tr\/index.php\/wp-json\/wp\/v2\/types\/post"}],"author":[{"embeddable":true,"href":"https:\/\/akdenizhaber.com.tr\/index.php\/wp-json\/wp\/v2\/users\/2"}],"replies":[{"embeddable":true,"href":"https:\/\/akdenizhaber.com.tr\/index.php\/wp-json\/wp\/v2\/comments?post=20162"}],"version-history":[{"count":0,"href":"https:\/\/akdenizhaber.com.tr\/index.php\/wp-json\/wp\/v2\/posts\/20162\/revisions"}],"wp:featuredmedia":[{"embeddable":true,"href":"https:\/\/akdenizhaber.com.tr\/index.php\/wp-json\/wp\/v2\/media\/20163"}],"wp:attachment":[{"href":"https:\/\/akdenizhaber.com.tr\/index.php\/wp-json\/wp\/v2\/media?parent=20162"}],"wp:term":[{"taxonomy":"category","embeddable":true,"href":"https:\/\/akdenizhaber.com.tr\/index.php\/wp-json\/wp\/v2\/categories?post=20162"},{"taxonomy":"post_tag","embeddable":true,"href":"https:\/\/akdenizhaber.com.tr\/index.php\/wp-json\/wp\/v2\/tags?post=20162"}],"curies":[{"name":"wp","href":"https:\/\/api.w.org\/{rel}","templated":true}]}}