{"id":20146,"date":"2024-02-03T14:43:09","date_gmt":"2024-02-03T11:43:09","guid":{"rendered":"https:\/\/akdenizhaber.com.tr\/?p=20146"},"modified":"2024-02-03T14:43:10","modified_gmt":"2024-02-03T11:43:10","slug":"baskan-adayi-nefi-kara-bulusmalara-devam-ediyor","status":"publish","type":"post","link":"https:\/\/akdenizhaber.com.tr\/index.php\/2024\/02\/03\/baskan-adayi-nefi-kara-bulusmalara-devam-ediyor\/","title":{"rendered":"Ba\u015fkan Aday\u0131 Nefi Kara Bulu\u015fmalara Devam Ediyor"},"content":{"rendered":"\n<p><\/p>\n\n\n\n<p>CHP Manavgat Belediye Ba\u015fkan Aday\u0131 Niyazi Nefi Kara, kent merkezi ve k\u0131rsal mahallelerde ba\u015flatt\u0131\u011f\u0131 halk bulu\u015fmalar\u0131n\u0131 t\u00fcm h\u0131z\u0131yla s\u00fcrd\u00fcr\u00fcyor.<\/p>\n\n\n\n<p>Ba\u015fkan Aday\u0131 Nefi Kara, her sabah erken saatlerde ba\u015flatt\u0131\u011f\u0131 \u00e7al\u0131\u015fma program\u0131 kapsam\u0131nda, Manavgat halk\u0131yla bir araya gelerek, kentin gelece\u011fi ile ilgili yapaca\u011f\u0131 hizmetleri anlat\u0131yor. Gece g\u00fcnd\u00fcz demeden saat mefhumu g\u00f6zetilmeden yap\u0131lan \u00e7al\u0131\u015fmalarda \u201cHalk\u0131n Doktoru\u201d Nefi Kara\u2019ya, e\u015fi Hacer Kara, Manavgat Belediye Ba\u015fkan\u0131 \u015e\u00fckr\u00fc S\u00f6zen, CHP Manavgat \u0130l\u00e7e Ba\u015fkan\u0131 Oykun Ba\u015far, CHP Antalya Milletvekili Aliye Co\u015far, Se\u00e7im Komitesi \u00fcyeleri, gen\u00e7ler ve kad\u0131nlar da e\u015flik ediyor. Ba\u015fkan Aday\u0131 Nefi Kara, son olarak Mithatpa\u015fa, Orhangazi, Antalya, Kordon Caddesi\u2019ndeki esnaf ve vatanda\u015flar\u0131 ziyaret etti.<\/p>\n\n\n\n<p>Halk bulu\u015fmalar\u0131 ve ziyaretlerinde son derece s\u0131cak bir \u015fekilde kar\u015f\u0131lanan Ba\u015fkan Aday\u0131 Niyazi Nefi Kara, al\u0131\u015fveri\u015f yapan vatanda\u015flarla da sohbetler etti. Esnaflar ve vatanda\u015flar, ekonomik zorluklarla bo\u011fu\u015ftuklar\u0131n\u0131 ve g\u00fcn\u00fcn\u00fc ge\u00e7irmekte olduk\u00e7a zorland\u0131klar\u0131n\u0131 dile getirdi. Sosyal Belediyecilik anlay\u0131\u015f\u0131n\u0131n 31 Mart\u2019tan sonra kald\u0131\u011f\u0131 yerden devam edece\u011fini belirten CHP Manavgat Belediye Ba\u015fkan Aday\u0131 Niyazi Nefi Kara, kent halk\u0131n\u0131n sosyal ve ekonomik hayat\u0131na katk\u0131 yapacak projeleri hayata ge\u00e7irece\u011fini s\u00f6yledi. Ba\u015fkan Aday\u0131 Kara, \u201cHalk bulu\u015fmalar\u0131m\u0131z olduk\u00e7a iyi ge\u00e7iyor. Bizleri b\u00fcy\u00fck bir samimiyetle kar\u015f\u0131layan t\u00fcm halk\u0131m\u0131za te\u015fekk\u00fcr ediyorum. Vatanda\u015flar\u0131m\u0131z ve esnaflar\u0131m\u0131z maalesef g\u00fcn\u00fcn\u00fc ge\u00e7irmekte zorlan\u0131yor. Bu ekonomik ko\u015fullara dayanmak hi\u00e7te kolay de\u011fil. Bizler de halk\u0131m\u0131za, g\u00f6reve gelmemiz durumunda yapaca\u011f\u0131m\u0131z ekonomik ve sosyal projeleri anlatmaya devam ediyoruz. Halk\u0131m\u0131z her \u015feyin en iyisini hak ediyor. Yapaca\u011f\u0131m\u0131z hizmetlerle kentimizi ileri ta\u015f\u0131yaca\u011f\u0131z. Biz biriz ve birlikteyiz\u201d dedi.<\/p>\n\n\n\n<p>(Haber Merkezi)<\/p>\n","protected":false},"excerpt":{"rendered":"<p>CHP Manavgat Belediye Ba\u015fkan Aday\u0131 Niyazi Nefi Kara, kent merkezi ve k\u0131rsal mahallelerde ba\u015flatt\u0131\u011f\u0131 halk bulu\u015fmalar\u0131n\u0131 t\u00fcm h\u0131z\u0131yla s\u00fcrd\u00fcr\u00fcyor. Ba\u015fkan Aday\u0131 Nefi Kara, her sabah <a href=\"https:\/\/akdenizhaber.com.tr\/index.php\/2024\/02\/03\/baskan-adayi-nefi-kara-bulusmalara-devam-ediyor\/\" class=\"read-more-link\">[more&#8230;]<\/a><\/p>\n","protected":false},"author":2,"featured_media":20147,"comment_status":"open","ping_status":"open","sticky":false,"template":"","format":"standard","meta":{"footnotes":""},"categories":[2],"tags":[],"class_list":["post-20146","post","type-post","status-publish","format-standard","has-post-thumbnail","hentry","category-gundem"],"_links":{"self":[{"href":"https:\/\/akdenizhaber.com.tr\/index.php\/wp-json\/wp\/v2\/posts\/20146","targetHints":{"allow":["GET"]}}],"collection":[{"href":"https:\/\/akdenizhaber.com.tr\/index.php\/wp-json\/wp\/v2\/posts"}],"about":[{"href":"https:\/\/akdenizhaber.com.tr\/index.php\/wp-json\/wp\/v2\/types\/post"}],"author":[{"embeddable":true,"href":"https:\/\/akdenizhaber.com.tr\/index.php\/wp-json\/wp\/v2\/users\/2"}],"replies":[{"embeddable":true,"href":"https:\/\/akdenizhaber.com.tr\/index.php\/wp-json\/wp\/v2\/comments?post=20146"}],"version-history":[{"count":0,"href":"https:\/\/akdenizhaber.com.tr\/index.php\/wp-json\/wp\/v2\/posts\/20146\/revisions"}],"wp:featuredmedia":[{"embeddable":true,"href":"https:\/\/akdenizhaber.com.tr\/index.php\/wp-json\/wp\/v2\/media\/20147"}],"wp:attachment":[{"href":"https:\/\/akdenizhaber.com.tr\/index.php\/wp-json\/wp\/v2\/media?parent=20146"}],"wp:term":[{"taxonomy":"category","embeddable":true,"href":"https:\/\/akdenizhaber.com.tr\/index.php\/wp-json\/wp\/v2\/categories?post=20146"},{"taxonomy":"post_tag","embeddable":true,"href":"https:\/\/akdenizhaber.com.tr\/index.php\/wp-json\/wp\/v2\/tags?post=20146"}],"curies":[{"name":"wp","href":"https:\/\/api.w.org\/{rel}","templated":true}]}}