{"id":20125,"date":"2024-02-03T14:36:28","date_gmt":"2024-02-03T11:36:28","guid":{"rendered":"https:\/\/akdenizhaber.com.tr\/?p=20125"},"modified":"2024-02-03T14:36:28","modified_gmt":"2024-02-03T11:36:28","slug":"2023-yili-sektorlerin-toparlanma-yili-oldu","status":"publish","type":"post","link":"https:\/\/akdenizhaber.com.tr\/index.php\/2024\/02\/03\/2023-yili-sektorlerin-toparlanma-yili-oldu\/","title":{"rendered":"2023 Y\u0131l\u0131 Sekt\u00f6rlerin Toparlanma Y\u0131l\u0131 Oldu"},"content":{"rendered":"\n<p><\/p>\n\n\n\n<p>2023 turizm verilerini de\u011ferlendiren ATSO Ba\u015fkan\u0131 Ali Bahar, \u201cPandemi etkisi t\u00fcm\u00fcyle geride kald\u0131, 2023 y\u0131l\u0131nda hem gelen ziyaret\u00e7i say\u0131s\u0131 hem de turizm gelirleri a\u00e7\u0131s\u0131ndan t\u00fcm zamanlar\u0131n rekoru k\u0131r\u0131ld\u0131\u201d dedi.<\/p>\n\n\n\n<p>Antalya Ticaret ve Sanayi Odas\u0131 (ATSO) Y\u00f6netim Kurulu Ba\u015fkan\u0131 Ali Bahar, turizmde duraklama d\u00f6neminin geride kald\u0131\u011f\u0131n\u0131, 2024 y\u0131l\u0131nda yeni rekorlar\u0131n ve hedeflerin pe\u015finde olmak i\u00e7in sekt\u00f6r\u00fcn \u00e7al\u0131\u015ft\u0131\u011f\u0131na dikkat \u00e7ekti. T\u00fcrkiye \u0130statistik Kurumu\u2019nun (T\u00dc\u0130K) a\u00e7\u0131klad\u0131\u011f\u0131 turizm istatistikleri ile ilgili de\u011ferlendirmede bulunan Ba\u015fkan Bahar, \u201cPandemi etkisinin t\u00fcm\u00fcyle geride kald\u0131\u011f\u0131n\u0131 2023 y\u0131l\u0131nda ziyaret\u00e7i say\u0131s\u0131 ve turizm gelirleri a\u00e7\u0131s\u0131ndan t\u00fcm zamanlar\u0131n rekoru k\u0131r\u0131ld\u0131. 2024 sezonunda sekt\u00f6r\u00fcn ivmesinin y\u00fckseltmek i\u00e7in turizmcilerimiz gecesiyle g\u00fcnd\u00fcz\u00fcyle planlamalar yap\u0131yor\u201d dedi.T\u00dc\u0130K taraf\u0131ndan a\u00e7\u0131klanan verilerek g\u00f6re, 2023 y\u0131l\u0131n da \u00fclkemizi ziyaret eden turist say\u0131s\u0131y\u00fczde 11.1 art\u0131\u015fla 57 milyon 77 bin 440 ki\u015fi oldu, turizm geliri de ayn\u0131 y\u0131l i\u00e7inde bir \u00f6nceki y\u0131la g\u00f6re y\u00fczde 16.9 artarak 54 milyar 315 milyon 542 bin dolar olarak ger\u00e7ekle\u015fti.<\/p>\n\n\n\n<p>2023 YILI SEKT\u00d6RLER\u0130N TOPARLANMA YILI OLDU<\/p>\n\n\n\n<p>Turizmde y\u00fckseli\u015f ivmesi yakaland\u0131\u011f\u0131n\u0131 kaydeden Ba\u015fkan Bahar, \u201c2023 y\u0131l\u0131 \u00fclke ve Antalya i\u00e7in turizm ve ba\u011fl\u0131 sekt\u00f6rler a\u00e7\u0131s\u0131ndan yeniden toparlanma ve yeni rekorlar k\u0131r\u0131lan bir y\u0131l oldu. 2022 y\u0131l\u0131, 44.5 milyon yabanc\u0131 ziyaret\u00e7i ile tamamlanm\u0131\u015f, 2023 y\u0131l\u0131nda ise 57 milyon yabanc\u0131 ziyaret\u00e7i say\u0131s\u0131na ula\u015f\u0131ld\u0131.Ayn\u0131 \u015fekilde 2023 y\u0131l\u0131nda Antalya\u2019m\u0131z\u0131 ziyaret eden yabanc\u0131 ziyaret\u00e7i say\u0131s\u0131nda da bir \u00f6nceki y\u0131la g\u00f6re y\u00fczde 16.8 art\u0131\u015f ger\u00e7ekle\u015ferek 15 milyon 689 bin 258 ki\u015fiye ula\u015ft\u0131\u201d diye konu\u015ftu.<\/p>\n\n\n\n<p>T\u00dc\u0130K verilerine g\u00f6re 2022 y\u0131l\u0131nda 10.3 olan ortalama geceleme say\u0131s\u0131, 2023 y\u0131l\u0131nda 9.8\u2019e gerilemesine ra\u011fmen, \u00fclkemizi ziyaret eden yabanc\u0131 misafirlerin ki\u015fi ba\u015f\u0131na d\u00fc\u015fen ortalama harcama d\u00fczeyleri y\u00fczde 5.1 art\u0131\u015f g\u00f6sterdi. 2022 y\u0131l\u0131nda 905 dolar olan ortalama ki\u015fi ba\u015f\u0131na harcaman\u0131n 2023 y\u0131l\u0131nda 952 dolara y\u00fckseldi\u011fini dile getiren Ba\u015fkan Ali Bahar, \u201cBu verileri yorumlad\u0131\u011f\u0131m\u0131zda \u00fclkemizi ziyaret eden yabanc\u0131 misafirlerimizin bir \u00f6nceki y\u0131la g\u00f6re \u00fclkemizde daha k\u0131sa s\u00fcre ge\u00e7irmelerine ra\u011fmen, daha y\u00fcksek tutarda harcama yapt\u0131klar\u0131n\u0131 s\u00f6ylemek m\u00fcmk\u00fcn. Her ne kadar turizm gelirlerimizin artt\u0131\u011f\u0131n\u0131 g\u00f6r\u00fcyor olsak da ortalama geceleme say\u0131s\u0131ndaki azal\u0131\u015f defalarca kez dile getirdi\u011fimiz g\u00fcn\u00fcbirlik kiralama sorununu akl\u0131m\u0131za getiriyor\u201d dedi.<\/p>\n\n\n\n<p>G\u00dcN\u00dcB\u0130RL\u0130K K\u0130RALAMA YASASI \u0130LE YEN\u0130 REKORLARA<\/p>\n\n\n\n<p>2023 y\u0131l\u0131nda \u00fclkemizi ziyaret eden yabanc\u0131 say\u0131s\u0131 bir \u00f6nceki y\u0131la g\u00f6re y\u00fczde 11.1 oran\u0131nda artmas\u0131na ra\u011fmen, Antalya\u2019daki art\u0131\u015f oran\u0131 T\u00fcrkiye\u2019nin \u00fczerinde bir y\u00fczdeyle 16.8\u2019e ula\u015ft\u0131\u011f\u0131n\u0131 kaydeden Ba\u015fkan Ali Bahar, s\u00f6zlerini \u015f\u00f6yle s\u00fcrd\u00fcrd\u00fc; \u201cAntalya\u2019m\u0131z \u00fclke turizminin dinamosu olmaya devam etmektedir. Kentimizi ziyaret eden yabanc\u0131 say\u0131s\u0131 T\u00fcrkiye ortalamas\u0131n\u0131n olduk\u00e7a \u00fczerinde artmas\u0131na ve bu say\u0131 bizleri olduk\u00e7a memnun etmesine ra\u011fmen, otellerimizin doluluk oranlar\u0131 i\u00e7in ayn\u0131 memnuniyeti ya\u015fayamad\u0131k. Biz biliyoruz ki bir\u00e7ok kentimizde konut sahibi olan \u00fclke vatanda\u015flar\u0131, kendi konutlar\u0131n\u0131 kiraya vermek suretiyle konaklama sekt\u00f6r\u00fcm\u00fcz ile haks\u0131z bir rekabet yaratm\u0131\u015f ve yasad\u0131\u015f\u0131 bir kazan\u00e7 elde etmi\u015ftir. Ancak biz yine de t\u00fcm bunlara ra\u011fmen turizm gelirlerimizi art\u0131rm\u0131\u015f bulunuyoruz.\u201d<\/p>\n\n\n\n<p>Y\u00fcr\u00fcrl\u00fc\u011fe giren g\u00fcn\u00fc birlik kiralamalar ile ilgili y\u00f6netmeli\u011fin 2024 sezonu i\u00e7in \u00f6nemine i\u015faret eden Ba\u015fkan Ali Bahar, \u201cK\u00fclt\u00fcr ve Turizm Bakanl\u0131\u011f\u0131m\u0131zca kamuoyunun, turizmcilerimizin ve i\u015f d\u00fcnyam\u0131z\u0131n taleplerini dikkate alarak hayat ge\u00e7irilen g\u00fcn\u00fc birlik kiralamalara ili\u015fkin yasal d\u00fczenleme yo\u011fun bir mesai harcanarak hayata ge\u00e7irildi. \u0130nan\u0131yorum ki yasada yer alan cayd\u0131r\u0131c\u0131 cezalar, y\u00fck\u00fcml\u00fcl\u00fckler ve denetimlerle haks\u0131z rekabete ve yasad\u0131\u015f\u0131 kazanca b\u00fcy\u00fck oranda engel olacak. Devletimizin bu soruna ili\u015fkin att\u0131\u011f\u0131 somut ad\u0131m, 2024 y\u0131l\u0131 turizmi i\u00e7in \u00e7ok \u00f6nemli. Bu yasa; ba\u015fta konaklama sekt\u00f6r\u00fcm\u00fcz\u00fcn ve beraberinde ili\u015fkili di\u011fer t\u00fcm sekt\u00f6rlerimizin daha y\u00fcksek bir katma de\u011fer yaratmas\u0131na ve \u00fclke ekonomisine daha y\u00fcksek katk\u0131 sunmas\u0131na destek olacakt\u0131r. Biz Antalya olarak her y\u0131l oldu\u011fu gibi 2024 y\u0131l\u0131na da son derece haz\u0131r\u0131z, yeni rekorlar k\u0131raca\u011f\u0131m\u0131za inanc\u0131m\u0131z tamd\u0131r\u201d ifadelerini kulland\u0131.<\/p>\n\n\n\n<p>Antalya Ticaret ve Sanayi Odas\u0131 \/ B\u00fclten<\/p>\n","protected":false},"excerpt":{"rendered":"<p>2023 turizm verilerini de\u011ferlendiren ATSO Ba\u015fkan\u0131 Ali Bahar, \u201cPandemi etkisi t\u00fcm\u00fcyle geride kald\u0131, 2023 y\u0131l\u0131nda hem gelen ziyaret\u00e7i say\u0131s\u0131 hem de turizm gelirleri a\u00e7\u0131s\u0131ndan t\u00fcm <a href=\"https:\/\/akdenizhaber.com.tr\/index.php\/2024\/02\/03\/2023-yili-sektorlerin-toparlanma-yili-oldu\/\" class=\"read-more-link\">[more&#8230;]<\/a><\/p>\n","protected":false},"author":2,"featured_media":20126,"comment_status":"open","ping_status":"open","sticky":false,"template":"","format":"standard","meta":{"footnotes":""},"categories":[2],"tags":[],"class_list":["post-20125","post","type-post","status-publish","format-standard","has-post-thumbnail","hentry","category-gundem"],"_links":{"self":[{"href":"https:\/\/akdenizhaber.com.tr\/index.php\/wp-json\/wp\/v2\/posts\/20125","targetHints":{"allow":["GET"]}}],"collection":[{"href":"https:\/\/akdenizhaber.com.tr\/index.php\/wp-json\/wp\/v2\/posts"}],"about":[{"href":"https:\/\/akdenizhaber.com.tr\/index.php\/wp-json\/wp\/v2\/types\/post"}],"author":[{"embeddable":true,"href":"https:\/\/akdenizhaber.com.tr\/index.php\/wp-json\/wp\/v2\/users\/2"}],"replies":[{"embeddable":true,"href":"https:\/\/akdenizhaber.com.tr\/index.php\/wp-json\/wp\/v2\/comments?post=20125"}],"version-history":[{"count":0,"href":"https:\/\/akdenizhaber.com.tr\/index.php\/wp-json\/wp\/v2\/posts\/20125\/revisions"}],"wp:featuredmedia":[{"embeddable":true,"href":"https:\/\/akdenizhaber.com.tr\/index.php\/wp-json\/wp\/v2\/media\/20126"}],"wp:attachment":[{"href":"https:\/\/akdenizhaber.com.tr\/index.php\/wp-json\/wp\/v2\/media?parent=20125"}],"wp:term":[{"taxonomy":"category","embeddable":true,"href":"https:\/\/akdenizhaber.com.tr\/index.php\/wp-json\/wp\/v2\/categories?post=20125"},{"taxonomy":"post_tag","embeddable":true,"href":"https:\/\/akdenizhaber.com.tr\/index.php\/wp-json\/wp\/v2\/tags?post=20125"}],"curies":[{"name":"wp","href":"https:\/\/api.w.org\/{rel}","templated":true}]}}