{"id":20121,"date":"2024-01-27T14:36:56","date_gmt":"2024-01-27T11:36:56","guid":{"rendered":"https:\/\/akdenizhaber.com.tr\/?p=20121"},"modified":"2024-01-27T14:37:22","modified_gmt":"2024-01-27T11:37:22","slug":"ak-partili-secmen-adayini-bekliyor-ak-partide-ibre-turgay-akardan-yana","status":"publish","type":"post","link":"https:\/\/akdenizhaber.com.tr\/index.php\/2024\/01\/27\/ak-partili-secmen-adayini-bekliyor-ak-partide-ibre-turgay-akardan-yana\/","title":{"rendered":"AK PART\u0130\u2019L\u0130 SE\u00c7MEN ADAYINI BEKL\u0130YOR                            AK PART\u0130\u2019DE \u0130BRE TURGAY AKAR\u2019DAN YANA"},"content":{"rendered":"\n<p><\/p>\n\n\n\n<p><\/p>\n\n\n\n<p><\/p>\n\n\n\n<p>31 Mart\u2019ta yap\u0131lacak yerel se\u00e7imlerde&nbsp; aday belirlemeleri i\u00e7in Manavgat\u2019ta t\u00fcm g\u00f6zler AK Parti Genel Merkezine \u00e7evrildi. \u00d6zellikle CHP Manavgat Belediye Ba\u015fkan Aday\u0131n\u0131n Dr. Niyazi Nefi Kara olarak belirlenmesinin ard\u0131ndan AK Parti\u2019nin 10 aday aday\u0131 aras\u0131ndan kimi aday g\u00f6sterece\u011fi merakla bekleniyor.<\/p>\n\n\n\n<p>\u0130ktidar partisinin aday tercihinde kamuoyuna da kulak vermesi gerekti\u011fini s\u00f6yleyen partililer,&nbsp; Genel Merkezden birle\u015ftirici, toparlay\u0131c\u0131 ve her kesimden oy alabilecek ve k\u00fcsk\u00fcnler yaratmayacak adaletli bir tercih beklentisinde. AK Partili se\u00e7menler 3 d\u00f6nemdir kaybedilen se\u00e7imin bu kez y\u0131pranmam\u0131\u015f azimli ve kararl\u0131 \u00e7al\u0131\u015fkan bir isimle kazan\u0131labilece\u011fi g\u00f6r\u00fc\u015f\u00fcnde. Bu anlamda kulislerde de Turgay Akar ismi \u00f6ne \u00e7\u0131k\u0131yor. Ad\u0131 ge\u00e7enlerden&nbsp; ve \u00f6ne \u00e7\u0131kanlardan &nbsp;Hasan \u00d6z\u2019\u00fcn \u00f6nceki d\u00f6nem se\u00e7im kaybetmesi ve uzun s\u00fcre kamuoyundan uzak kalmas\u0131&nbsp; dezavantaj olarak de\u011ferlendirilirken Turgay Akar; ismi, &nbsp;ki\u015fili\u011fi ve \u00e7al\u0131\u015fkanl\u0131\u011f\u0131yla vatanda\u015flardan da yo\u011fun ilgi g\u00f6r\u00fcyor.<\/p>\n\n\n\n<p>&nbsp;Aday isminin&nbsp; \u00f6n\u00fcm\u00fczdeki birka\u00e7 g\u00fcn i\u00e7erisinde a\u00e7\u0131klanmas\u0131 bekleniyor.<\/p>\n\n\n\n<p>haber merkezi<\/p>\n","protected":false},"excerpt":{"rendered":"<p>31 Mart\u2019ta yap\u0131lacak yerel se\u00e7imlerde&nbsp; aday belirlemeleri i\u00e7in Manavgat\u2019ta t\u00fcm g\u00f6zler AK Parti Genel Merkezine \u00e7evrildi. \u00d6zellikle CHP Manavgat Belediye Ba\u015fkan Aday\u0131n\u0131n Dr. Niyazi Nefi <a href=\"https:\/\/akdenizhaber.com.tr\/index.php\/2024\/01\/27\/ak-partili-secmen-adayini-bekliyor-ak-partide-ibre-turgay-akardan-yana\/\" class=\"read-more-link\">[more&#8230;]<\/a><\/p>\n","protected":false},"author":2,"featured_media":20122,"comment_status":"open","ping_status":"open","sticky":false,"template":"","format":"standard","meta":{"footnotes":""},"categories":[2],"tags":[],"class_list":["post-20121","post","type-post","status-publish","format-standard","has-post-thumbnail","hentry","category-gundem"],"_links":{"self":[{"href":"https:\/\/akdenizhaber.com.tr\/index.php\/wp-json\/wp\/v2\/posts\/20121","targetHints":{"allow":["GET"]}}],"collection":[{"href":"https:\/\/akdenizhaber.com.tr\/index.php\/wp-json\/wp\/v2\/posts"}],"about":[{"href":"https:\/\/akdenizhaber.com.tr\/index.php\/wp-json\/wp\/v2\/types\/post"}],"author":[{"embeddable":true,"href":"https:\/\/akdenizhaber.com.tr\/index.php\/wp-json\/wp\/v2\/users\/2"}],"replies":[{"embeddable":true,"href":"https:\/\/akdenizhaber.com.tr\/index.php\/wp-json\/wp\/v2\/comments?post=20121"}],"version-history":[{"count":0,"href":"https:\/\/akdenizhaber.com.tr\/index.php\/wp-json\/wp\/v2\/posts\/20121\/revisions"}],"wp:featuredmedia":[{"embeddable":true,"href":"https:\/\/akdenizhaber.com.tr\/index.php\/wp-json\/wp\/v2\/media\/20122"}],"wp:attachment":[{"href":"https:\/\/akdenizhaber.com.tr\/index.php\/wp-json\/wp\/v2\/media?parent=20121"}],"wp:term":[{"taxonomy":"category","embeddable":true,"href":"https:\/\/akdenizhaber.com.tr\/index.php\/wp-json\/wp\/v2\/categories?post=20121"},{"taxonomy":"post_tag","embeddable":true,"href":"https:\/\/akdenizhaber.com.tr\/index.php\/wp-json\/wp\/v2\/tags?post=20121"}],"curies":[{"name":"wp","href":"https:\/\/api.w.org\/{rel}","templated":true}]}}