{"id":20102,"date":"2024-01-27T11:57:57","date_gmt":"2024-01-27T08:57:57","guid":{"rendered":"https:\/\/akdenizhaber.com.tr\/?p=20102"},"modified":"2024-01-27T11:57:57","modified_gmt":"2024-01-27T08:57:57","slug":"bati-antalyada-mesafeler-kisalacak","status":"publish","type":"post","link":"https:\/\/akdenizhaber.com.tr\/index.php\/2024\/01\/27\/bati-antalyada-mesafeler-kisalacak\/","title":{"rendered":"Bat\u0131 Antalya\u2019da Mesafeler K\u0131salacak"},"content":{"rendered":"\n<p><br><\/p>\n\n\n\n<p><br>2024 y\u0131l\u0131n\u0131n ilk \u0130l Koordinasyon Kurulu Toplant\u0131s\u0131, Vali Hulusi \u015eahin ba\u015fkanl\u0131\u011f\u0131nda ger\u00e7ekle\u015ftirildi. 2023 y\u0131l\u0131nda Antalya genelinde, 850 projeden 404\u2019\u00fcn\u00fcn tamamland\u0131\u011f\u0131, 317\u2019sinin ise halen devam etti\u011fi a\u00e7\u0131kland\u0131.<br>Antalya\u2019daki yat\u0131r\u0131mlar\u0131n de\u011ferlendirilmesi ve kurumlar aras\u0131 i\u015fbirli\u011finin sa\u011flanmas\u0131 \u00fczere ger\u00e7ekle\u015ftirilen 2024 y\u0131l\u0131n\u0131n ilk \u0130l Koordinasyon Kurulu Toplant\u0131s\u0131, Vali Hulusi \u015eahin ba\u015fkanl\u0131\u011f\u0131nda ger\u00e7ekle\u015fti. Mimar Sinan Kongre Merkezi\u2019nde ger\u00e7ekle\u015fen toplant\u0131ya Vali Hulusi \u015eahin, Vali Yard\u0131mc\u0131lar\u0131, Kaymakamlar, Belediye Ba\u015fkanlar\u0131 ve kurum m\u00fcd\u00fcrleri kat\u0131ld\u0131.<br>\u0130ller Bankas\u0131 A.\u015e Antalya B\u00f6lge M\u00fcd\u00fcrl\u00fc\u011f\u00fc ve Karayollar\u0131 11. B\u00f6lge M\u00fcd\u00fcrl\u00fc\u011f\u00fc\u2019n\u00fcn birer sunum ger\u00e7ekle\u015ftirdi\u011fi toplant\u0131da Vali Hulusi \u015eahin, kurumlar\u0131n 2023 y\u0131l\u0131ndaki yat\u0131r\u0131m faaliyetlerini de\u011ferlendirdi. \u0130l genelinde ge\u00e7en y\u0131l 850 projenin de\u011ferlendirildi\u011fini, bunlar\u0131n 404\u2019\u00fcn\u00fcn tamamland\u0131\u011f\u0131n\u0131 ve 317\u2019sinin ise halen devam etti\u011fini belirtti.<br>Turizmde Hedef Yeni Rekorlar<br>2024 y\u0131l\u0131n\u0131n T\u00fcrkiye ve Antalya\u2019ya yat\u0131r\u0131m anlam\u0131nda hay\u0131rlar getirmesi temennisinde bulunan Vali Hulusi \u015eahin, \u201c\u00dclkemiz dinamik bir \u00fclke. \u0130hracat rakamlar\u0131m\u0131z \u00e7ok iyi. \u0130malat sekt\u00f6r\u00fc de \u00e7ok iyi bir \u015fekilde devam ediyor. Bunun yan\u0131nda turizmde de rekorlar k\u0131r\u0131ld\u0131\u011f\u0131n\u0131 unutmayal\u0131m. Turizmde, 2024 y\u0131l\u0131nda da bu rakamlar\u0131n \u00e7ok daha \u00fczerine \u00e7\u0131kaca\u011f\u0131m\u0131za inan\u0131yorum. Bu manada, \u00fczerimize d\u00fc\u015fen g\u00f6revleri tam ve lay\u0131k\u0131yla yerine getirmeliyiz.\u201d dedi.<br>Yeni Kav\u015faklar Yap\u0131lacak<br>Yat\u0131r\u0131mlar \u00e7er\u00e7evesinde Antalya\u2019da ya\u015fanan trafik konusuna dikkat \u00e7eken Vali \u015eahin, \u201cUncal\u0131, Duraliler ve Sanayi kav\u015fa\u011f\u0131n\u0131n imar problemlerini h\u0131zla \u00e7\u00f6z\u00fcp vatanda\u015flar\u0131m\u0131z\u0131n hizmetine sunmak istiyoruz. Kepez\u00fcst\u00fc b\u00f6lgesinde yak\u0131n zamanda a\u00e7\u0131lacak olan \u015fehir hastanesinin olu\u015fturaca\u011f\u0131 trafik yo\u011funlu\u011funu da g\u00f6z \u00f6n\u00fcnde bulundurarak bir an \u00f6nce farkl\u0131 seviyeli kav\u015fak yap\u0131lmal\u0131.\u201d \u015feklinde konu\u015ftu.<br>Bat\u0131 Antalya\u2019da Mesafeler K\u0131salacak<br>Karayollar\u0131 11. B\u00f6lge M\u00fcd\u00fcrl\u00fc\u011f\u00fc\u2019nce Antalya\u2019da hayata ge\u00e7irilecek olan otoyol projeleri hakk\u0131nda da de\u011ferlendirmelerde bulunan Vali \u015eahin, \u201cFinike-Demre-Ka\u015f-Kalkan otoyolunun tamamlanmas\u0131 halinde, g\u00fczerg\u00e2hta 26 kilometrelik bir k\u0131salma sa\u011flanacak. Mesafeyle beraber s\u00fcre de son derece k\u0131salacak, virajlar ortadan kalkacak. Dolay\u0131s\u0131yla, mevcut yolun olu\u015fturdu\u011fu trafik g\u00fcvenli\u011fini tehdit eden olgu, yeni yolla birlikte ortadan kalkacak. Ve bu \u015fekilde Finike\u2019den Ka\u015f Kalkan\u2019a kadar Kemer hatt\u0131yla da birle\u015fince Antalya\u2019n\u0131n bat\u0131 hatt\u0131 tamamen kaliteli bir ula\u015f\u0131m hizmetine kavu\u015facak. Elbette, yap\u0131lacak \u00e7al\u0131\u015fmalar ile hem turizmde hem de tar\u0131mda ciddi mesafeler kat edilecek.\u201d diye ifade etti.<br>2024 y\u0131l\u0131n\u0131n ilk \u0130l Koordinasyon Kurulu Toplant\u0131s\u0131 soru cevaplar\u0131n ard\u0131ndan sona erdi.<\/p>\n\n\n\n<p>Antalya Valili\u011fi \/ B\u00fclten<\/p>\n","protected":false},"excerpt":{"rendered":"<p>2024 y\u0131l\u0131n\u0131n ilk \u0130l Koordinasyon Kurulu Toplant\u0131s\u0131, Vali Hulusi \u015eahin ba\u015fkanl\u0131\u011f\u0131nda ger\u00e7ekle\u015ftirildi. 2023 y\u0131l\u0131nda Antalya genelinde, 850 projeden 404\u2019\u00fcn\u00fcn tamamland\u0131\u011f\u0131, 317\u2019sinin ise halen devam etti\u011fi <a href=\"https:\/\/akdenizhaber.com.tr\/index.php\/2024\/01\/27\/bati-antalyada-mesafeler-kisalacak\/\" class=\"read-more-link\">[more&#8230;]<\/a><\/p>\n","protected":false},"author":2,"featured_media":20103,"comment_status":"open","ping_status":"open","sticky":false,"template":"","format":"standard","meta":{"footnotes":""},"categories":[2],"tags":[],"class_list":["post-20102","post","type-post","status-publish","format-standard","has-post-thumbnail","hentry","category-gundem"],"_links":{"self":[{"href":"https:\/\/akdenizhaber.com.tr\/index.php\/wp-json\/wp\/v2\/posts\/20102","targetHints":{"allow":["GET"]}}],"collection":[{"href":"https:\/\/akdenizhaber.com.tr\/index.php\/wp-json\/wp\/v2\/posts"}],"about":[{"href":"https:\/\/akdenizhaber.com.tr\/index.php\/wp-json\/wp\/v2\/types\/post"}],"author":[{"embeddable":true,"href":"https:\/\/akdenizhaber.com.tr\/index.php\/wp-json\/wp\/v2\/users\/2"}],"replies":[{"embeddable":true,"href":"https:\/\/akdenizhaber.com.tr\/index.php\/wp-json\/wp\/v2\/comments?post=20102"}],"version-history":[{"count":0,"href":"https:\/\/akdenizhaber.com.tr\/index.php\/wp-json\/wp\/v2\/posts\/20102\/revisions"}],"wp:featuredmedia":[{"embeddable":true,"href":"https:\/\/akdenizhaber.com.tr\/index.php\/wp-json\/wp\/v2\/media\/20103"}],"wp:attachment":[{"href":"https:\/\/akdenizhaber.com.tr\/index.php\/wp-json\/wp\/v2\/media?parent=20102"}],"wp:term":[{"taxonomy":"category","embeddable":true,"href":"https:\/\/akdenizhaber.com.tr\/index.php\/wp-json\/wp\/v2\/categories?post=20102"},{"taxonomy":"post_tag","embeddable":true,"href":"https:\/\/akdenizhaber.com.tr\/index.php\/wp-json\/wp\/v2\/tags?post=20102"}],"curies":[{"name":"wp","href":"https:\/\/api.w.org\/{rel}","templated":true}]}}