{"id":20099,"date":"2024-01-27T11:57:34","date_gmt":"2024-01-27T08:57:34","guid":{"rendered":"https:\/\/akdenizhaber.com.tr\/?p=20099"},"modified":"2024-01-27T11:57:34","modified_gmt":"2024-01-27T08:57:34","slug":"ureticilere-sut-yemleri-teslim-edildi","status":"publish","type":"post","link":"https:\/\/akdenizhaber.com.tr\/index.php\/2024\/01\/27\/ureticilere-sut-yemleri-teslim-edildi\/","title":{"rendered":"\u00dcreticilere s\u00fct yemleri teslim edildi"},"content":{"rendered":"\n<p><\/p>\n\n\n\n<p>Antalya B\u00fcy\u00fck\u015fehir Belediyesi\u2019nin \u00fcreticilere y\u00f6nelik y\u00fczde 15 hibeli s\u00fct yemi deste\u011fi s\u00fcr\u00fcyor. Elmal\u0131\u2019n\u0131n 8 mahallesindeki \u00fcreticilere 240 \u00e7uval s\u00fct yemi deste\u011fi sa\u011fland\u0131.<\/p>\n\n\n\n<p>Antalya B\u00fcy\u00fck\u015fehir Belediyesi\u2019nin artan \u00fcretim girdi maliyetlerine yeti\u015femeyen b\u00fcy\u00fckba\u015f hayvan yeti\u015ftiricilerine y\u00fczde 15 hibeli s\u00fct yemi deste\u011fi devam ediyor. Antalya B\u00fcy\u00fck\u015fehir Belediye Ba\u015fkan\u0131 Muhittin B\u00f6cek\u2019in se\u00e7im vaatleri aras\u0131nda yer alan yem deste\u011fi projesi kapsam\u0131nda Elmal\u0131\u2019n\u0131n \u0130lya\u011f\u0131, Bayralar, Tekke, Z\u00fcmr\u00fctova, Hac\u0131musalar, Tavullar, Yaprakl\u0131 ve \u00c7ukurelma mahallelerindeki 8 \u00fcreticiye y\u00fczde 15\u2019i hibeli toplam 240 \u00e7uval s\u00fct yemi deste\u011finde bulunuldu.<\/p>\n\n\n\n<p>8 MAHALLEDE DA\u011eITIM YAPILDI<\/p>\n\n\n\n<p>S\u00fct yemlerinin \u00fcreticilere tesliminin ger\u00e7ekle\u015ftirildi\u011fini s\u00f6yleyen Elmal\u0131 \u0130l\u00e7e Hizmet \u015eube M\u00fcd\u00fcr\u00fc Bilal Kasap, \u201cB\u00fcy\u00fck\u015fehir Belediye Ba\u015fkanl\u0131\u011f\u0131m\u0131z\u0131n g\u00f6ndermi\u015f oldu\u011fu yem deste\u011fi da\u011f\u0131t\u0131mlar\u0131n\u0131 ger\u00e7ekle\u015ftirdik. 8 mahallemize 240 \u00e7uval yem deste\u011fimizde bulunduk. B\u00f6lgemiz k\u0131rsal kesim oldu\u011fundan dolay\u0131 vatanda\u015f\u0131m\u0131z\u0131n ge\u00e7im kayna\u011f\u0131 hayvanc\u0131l\u0131k \u00fczerine. Ba\u015fvurular\u0131n de\u011ferlendirmelerini yaparak yemlerini teslim ettik. \u00c7ift\u00e7ilerimizin bug\u00fcn de yar\u0131n da yanlar\u0131nda olmaya devam edece\u011fiz\u201d dedi.<\/p>\n\n\n\n<p>\u00dcRET\u0130C\u0130LER DESTEKTEN MEMNUN<\/p>\n\n\n\n<p>S\u00fct yemi deste\u011finden son derece memnun olduklar\u0131n\u0131 ifade eden \u00fcreticiler de B\u00fcy\u00fck\u015fehir Belediyesi\u2019ne te\u015fekk\u00fcr etti. \u00dcretici Abdullah \u00d6zkan, \u201c\u0130neklerim var. Yem maliyetleri \u00e7ok fazla. B\u00fcy\u00fck\u015fehir Belediyesi\u2019nin s\u00fct yemi deste\u011finden faydaland\u0131m. Bug\u00fcn de yemlerimi ald\u0131m. \u00c7ok te\u015fekk\u00fcr ederim\u201d dedi.<\/p>\n\n\n\n<p>Bayralar Mahallesi\u2019nden \u00fcretici Mehmet Atl\u0131 da yem deste\u011finin daha da yayg\u0131nla\u015fmas\u0131n\u0131 istediklerini belirterek, \u201cMuhittin Ba\u015fkan\u0131m\u0131za te\u015fekk\u00fcr ederiz. \u00dcreticiler olarak tebrik etmek laz\u0131m b\u00f6yle bir yard\u0131m oldu\u011fu i\u00e7in. Ba\u015fkan\u0131m\u0131za te\u015fekk\u00fcr ederiz\u201d diye konu\u015ftu.<\/p>\n\n\n\n<p>Kemal Do\u011fan isimli \u00fcretici de, \u201cDestek \u00e7ok iyi ve \u00e7ok uygun. Gen\u00e7 bir \u00fcretici olarak bu destekleri \u00e7ok yerinde buluyorum. Bu s\u00fct yemi hayvanlar\u0131n s\u00fct oran\u0131n\u0131 artt\u0131r\u0131yor\u201d diyerek, Ba\u015fkan Muhittin B\u00f6cek\u2019e te\u015fekk\u00fcr etti.<\/p>\n\n\n\n<p>Antalya B\u00fcy\u00fck\u015fehir Belediyesi \/ B\u00fclten<\/p>\n","protected":false},"excerpt":{"rendered":"<p>Antalya B\u00fcy\u00fck\u015fehir Belediyesi\u2019nin \u00fcreticilere y\u00f6nelik y\u00fczde 15 hibeli s\u00fct yemi deste\u011fi s\u00fcr\u00fcyor. Elmal\u0131\u2019n\u0131n 8 mahallesindeki \u00fcreticilere 240 \u00e7uval s\u00fct yemi deste\u011fi sa\u011fland\u0131. Antalya B\u00fcy\u00fck\u015fehir Belediyesi\u2019nin <a href=\"https:\/\/akdenizhaber.com.tr\/index.php\/2024\/01\/27\/ureticilere-sut-yemleri-teslim-edildi\/\" class=\"read-more-link\">[more&#8230;]<\/a><\/p>\n","protected":false},"author":2,"featured_media":20100,"comment_status":"open","ping_status":"open","sticky":false,"template":"","format":"standard","meta":{"footnotes":""},"categories":[2],"tags":[],"class_list":["post-20099","post","type-post","status-publish","format-standard","has-post-thumbnail","hentry","category-gundem"],"_links":{"self":[{"href":"https:\/\/akdenizhaber.com.tr\/index.php\/wp-json\/wp\/v2\/posts\/20099","targetHints":{"allow":["GET"]}}],"collection":[{"href":"https:\/\/akdenizhaber.com.tr\/index.php\/wp-json\/wp\/v2\/posts"}],"about":[{"href":"https:\/\/akdenizhaber.com.tr\/index.php\/wp-json\/wp\/v2\/types\/post"}],"author":[{"embeddable":true,"href":"https:\/\/akdenizhaber.com.tr\/index.php\/wp-json\/wp\/v2\/users\/2"}],"replies":[{"embeddable":true,"href":"https:\/\/akdenizhaber.com.tr\/index.php\/wp-json\/wp\/v2\/comments?post=20099"}],"version-history":[{"count":0,"href":"https:\/\/akdenizhaber.com.tr\/index.php\/wp-json\/wp\/v2\/posts\/20099\/revisions"}],"wp:featuredmedia":[{"embeddable":true,"href":"https:\/\/akdenizhaber.com.tr\/index.php\/wp-json\/wp\/v2\/media\/20100"}],"wp:attachment":[{"href":"https:\/\/akdenizhaber.com.tr\/index.php\/wp-json\/wp\/v2\/media?parent=20099"}],"wp:term":[{"taxonomy":"category","embeddable":true,"href":"https:\/\/akdenizhaber.com.tr\/index.php\/wp-json\/wp\/v2\/categories?post=20099"},{"taxonomy":"post_tag","embeddable":true,"href":"https:\/\/akdenizhaber.com.tr\/index.php\/wp-json\/wp\/v2\/tags?post=20099"}],"curies":[{"name":"wp","href":"https:\/\/api.w.org\/{rel}","templated":true}]}}