{"id":20055,"date":"2024-01-26T13:11:49","date_gmt":"2024-01-26T10:11:49","guid":{"rendered":"https:\/\/akdenizhaber.com.tr\/?p=20055"},"modified":"2024-01-26T13:11:49","modified_gmt":"2024-01-26T10:11:49","slug":"baskan-geyikciden-cocuklara-karne-hediyesi","status":"publish","type":"post","link":"https:\/\/akdenizhaber.com.tr\/index.php\/2024\/01\/26\/baskan-geyikciden-cocuklara-karne-hediyesi\/","title":{"rendered":"Ba\u015fkan Geyik\u00e7i\u2019den \u00e7ocuklara karne hediyesi"},"content":{"rendered":"\n<p><\/p>\n\n\n\n<p>Finike Belediyesi taraf\u0131ndan kent meydan\u0131 sahil taraf\u0131na yap\u0131lan Macera Park, hizmete a\u00e7\u0131ld\u0131. \u0130\u00e7inde \u00e7ocuklar\u0131n keyifli zaman ge\u00e7irirken ailelerinde sosyalle\u015febilece\u011fi bir park olu\u015fturduklar\u0131n\u0131 s\u00f6yleyen Finike Belediye Ba\u015fkan\u0131 Mustafa Geyik\u00e7i, \u201cYar\u0131y\u0131l tatili boyunca da bu alan i\u00e7erisine \u00e7ocuklar\u0131m\u0131za karne hediyesi olarak balon park \u00fccretsiz olarak hizmet verecek\u201d dedi.<\/p>\n\n\n\n<p>Hayal kuran g\u00fcl\u00fcmseyen \u00e7ocuklar i\u00e7in \u00e7al\u0131\u015f\u0131yoruz<\/p>\n\n\n\n<p>Finike Belediyesi taraf\u0131ndan son 5 y\u0131lda yap\u0131lan 17\u2019nci park olan Macera Park hizmete a\u00e7\u0131ld\u0131. \u0130\u00e7erisinde oyun alanlar\u0131, spor, aktivite ve yeni oturma alanlar\u0131 olan parkta okullar\u0131n yar\u0131y\u0131l tatili boyunca da balon park hizmet verecek. \u0130l\u00e7enin sosyo-k\u00fclt\u00fcrel geli\u015fimine katk\u0131 koyacak yeni bir sosyal alan olu\u015fturduklar\u0131n\u0131 dile getiren Ba\u015fkan Mustafa Geyik\u00e7i, \u201c\u00c7ocuklar\u0131m\u0131z bizim ve \u00fclkemizin gelece\u011fi. Bizler il\u00e7emize bu yat\u0131r\u0131mlar\u0131 yaparken \u00fclkemizin gelece\u011fine de yat\u0131r\u0131m yapt\u0131\u011f\u0131m\u0131z\u0131 hissediyoruz. Hayal kuran, mutlu olan, y\u00fczlerindeki g\u00fcl\u00fcmsemeyi ve tebess\u00fcm\u00fc daimi k\u0131labilece\u011fimiz \u00e7ocuklar\u0131m\u0131z i\u00e7in \u00e7al\u0131\u015fmalar\u0131m\u0131z\u0131 s\u00fcrd\u00fcr\u00fcyoruz\u201d dedi.<\/p>\n\n\n\n<p>Macera Park\u2019ta her ya\u015f grubuna yer var<\/p>\n\n\n\n<p>Macera Park\u2019\u0131n sadece \u00e7ocuklar i\u00e7in de olmad\u0131\u011f\u0131n\u0131 ifade eden Ba\u015fkan Mustafa Geyik\u00e7i, alan\u0131n aileler ve gen\u00e7ler i\u00e7in de \u00e7ok \u00f6zel bir sosyal alan oldu\u011funu dile getirdi. Alan i\u00e7erisinde voleybol, badminton gibi spor alanlar\u0131n\u0131n oldu\u011funu s\u00f6yleyen Ba\u015fkan Geyik\u00e7i, \u201cSpor alanlar\u0131n\u0131n yan\u0131 s\u0131ra otob\u00fcs kafemiz bu alanda hizmet veriyor. Ormanc\u0131 oturma gruplar\u0131 ve ak\u015famlar\u0131 yakaca\u011f\u0131m\u0131z kamp ate\u015fi ile burada yeni bir sosyal ya\u015fam alan\u0131 olu\u015fturduk. Ak\u015famlar\u0131 ate\u015f etraf\u0131nda m\u00fczik yaparak birlikte \u015fark\u0131lar s\u00f6yleyece\u011fiz. Macera Park\u2019\u0131m\u0131z Finike\u2019mize, \u00e7ocuklar\u0131m\u0131za, gen\u00e7lerimize ve ailelerimize hay\u0131rl\u0131 olsun\u201d diye konu\u015ftu.<\/p>\n\n\n\n<p>Finike Belediyesi \/ B\u00fclten<\/p>\n","protected":false},"excerpt":{"rendered":"<p>Finike Belediyesi taraf\u0131ndan kent meydan\u0131 sahil taraf\u0131na yap\u0131lan Macera Park, hizmete a\u00e7\u0131ld\u0131. \u0130\u00e7inde \u00e7ocuklar\u0131n keyifli zaman ge\u00e7irirken ailelerinde sosyalle\u015febilece\u011fi bir park olu\u015fturduklar\u0131n\u0131 s\u00f6yleyen Finike Belediye <a href=\"https:\/\/akdenizhaber.com.tr\/index.php\/2024\/01\/26\/baskan-geyikciden-cocuklara-karne-hediyesi\/\" class=\"read-more-link\">[more&#8230;]<\/a><\/p>\n","protected":false},"author":2,"featured_media":20056,"comment_status":"open","ping_status":"open","sticky":false,"template":"","format":"standard","meta":{"footnotes":""},"categories":[2],"tags":[],"class_list":["post-20055","post","type-post","status-publish","format-standard","has-post-thumbnail","hentry","category-gundem"],"_links":{"self":[{"href":"https:\/\/akdenizhaber.com.tr\/index.php\/wp-json\/wp\/v2\/posts\/20055","targetHints":{"allow":["GET"]}}],"collection":[{"href":"https:\/\/akdenizhaber.com.tr\/index.php\/wp-json\/wp\/v2\/posts"}],"about":[{"href":"https:\/\/akdenizhaber.com.tr\/index.php\/wp-json\/wp\/v2\/types\/post"}],"author":[{"embeddable":true,"href":"https:\/\/akdenizhaber.com.tr\/index.php\/wp-json\/wp\/v2\/users\/2"}],"replies":[{"embeddable":true,"href":"https:\/\/akdenizhaber.com.tr\/index.php\/wp-json\/wp\/v2\/comments?post=20055"}],"version-history":[{"count":0,"href":"https:\/\/akdenizhaber.com.tr\/index.php\/wp-json\/wp\/v2\/posts\/20055\/revisions"}],"wp:featuredmedia":[{"embeddable":true,"href":"https:\/\/akdenizhaber.com.tr\/index.php\/wp-json\/wp\/v2\/media\/20056"}],"wp:attachment":[{"href":"https:\/\/akdenizhaber.com.tr\/index.php\/wp-json\/wp\/v2\/media?parent=20055"}],"wp:term":[{"taxonomy":"category","embeddable":true,"href":"https:\/\/akdenizhaber.com.tr\/index.php\/wp-json\/wp\/v2\/categories?post=20055"},{"taxonomy":"post_tag","embeddable":true,"href":"https:\/\/akdenizhaber.com.tr\/index.php\/wp-json\/wp\/v2\/tags?post=20055"}],"curies":[{"name":"wp","href":"https:\/\/api.w.org\/{rel}","templated":true}]}}