{"id":20049,"date":"2024-01-26T13:10:40","date_gmt":"2024-01-26T10:10:40","guid":{"rendered":"https:\/\/akdenizhaber.com.tr\/?p=20049"},"modified":"2024-01-26T13:10:41","modified_gmt":"2024-01-26T10:10:41","slug":"konyaalti-kulucka-merkezi-egitimleri-devam-ediyor","status":"publish","type":"post","link":"https:\/\/akdenizhaber.com.tr\/index.php\/2024\/01\/26\/konyaalti-kulucka-merkezi-egitimleri-devam-ediyor\/","title":{"rendered":"Konyaalt\u0131 Kulu\u00e7ka Merkezi e\u011fitimleri devam ediyor"},"content":{"rendered":"\n<p><\/p>\n\n\n\n<p>Konyaalt\u0131 Belediyesi Kulu\u00e7ka Merkezi y\u00f6neticileri ve Antalya \u00c7al\u0131\u015fma ve \u0130\u015f Kurumu \u0130l M\u00fcd\u00fcrl\u00fc\u011f\u00fc \u0130\u015f Kul\u00fcb\u00fc Liderleri taraf\u0131ndan i\u015fverenler i\u00e7in i\u015fe al\u0131m s\u00fcre\u00e7leri, CV inceleme, m\u00fclakat teknikleri hakk\u0131nda bilgilendirme ve at\u00f6lye \u00e7al\u0131\u015fmas\u0131 yap\u0131ld\u0131<\/p>\n\n\n\n<p>Bat\u0131 Akdeniz Kalk\u0131nma Ajans\u0131 (BAKA), \u201cGiri\u015fimcilik Ekosisteminin Geli\u015ftirilmesi Mali Destek Program\u0131\u201d kapsam\u0131nda desteklenen Konyaalt\u0131 Kulu\u00e7ka Merkezi, b\u00fcnyesinde yer alan giri\u015fimcilerin i\u015flerini geli\u015ftirmelerine katk\u0131 sa\u011flayacak e\u011fitimler d\u00fczenlemeye devam ediyor.<\/p>\n\n\n\n<p>AT\u00d6LYE \u00c7ALI\u015eMASI<\/p>\n\n\n\n<p>Bu kapsamda Naz\u0131m Hikmet Kongre ve Fuar Merkezi\u2019nde Konyaalt\u0131 Kulu\u00e7ka Merkezi giri\u015fimcilerine Antalya \u00c7al\u0131\u015fma ve \u0130\u015f Kurumu \u0130l M\u00fcd\u00fcrl\u00fc\u011f\u00fc \u0130\u015f Kul\u00fcb\u00fc liderleri Cemile \u015eeng\u00fcl Zeybek, Zeynep Kutlu Gebe\u015f, Zeynep G\u00fcl ile i\u015f ve meslek dan\u0131\u015fman\u0131 Seval \u00d6zt\u00fcrk taraf\u0131ndan i\u015fe al\u0131m s\u00fcre\u00e7leri, CV inceleme, m\u00fclakat teknikleri hakk\u0131nda bilgilendirme ve at\u00f6lye \u00e7al\u0131\u015fmas\u0131 yap\u0131ld\u0131. Giri\u015fimcilerle soru cevap \u015feklinde ilerleyen e\u011fitim sayesinde giri\u015fimcilerin i\u015f faaliyetleri hakk\u0131nda bilgi sahibi olmas\u0131 sa\u011fland\u0131. E\u011fitim sonunda giri\u015fimcilere \u0130\u015eKUR taraf\u0131ndan kat\u0131l\u0131m sertifikalar\u0131 da\u011f\u0131t\u0131ld\u0131.<\/p>\n\n\n\n<p>KULU\u00c7KA MERKEZ\u0130NDE NELER VAR?<\/p>\n\n\n\n<p>Konyaalt\u0131 Belediyesi\u2019nin Bat\u0131 Akdeniz Kalk\u0131nma Ajans\u0131 (BAKA) deste\u011fi ile hayata ge\u00e7irdi\u011fi Konyaalt\u0131 Kulu\u00e7ka Merkezi, giri\u015fimci ve giri\u015fimci adaylar\u0131n\u0131 destekleyerek i\u015f fikirlerini geli\u015ftirmelerine yard\u0131mc\u0131 olmak ve kentin giri\u015fimcilik ekosisteminin geli\u015fimine katk\u0131 sunmak amac\u0131yla kurulmu\u015ftur. Yenilik\u00e7i, teknoloji odakl\u0131, inovatif fikirlere sahip t\u00fcm giri\u015fimciler ve start-uplar\u0131 desteklemeyi ama\u00e7layan merkezde giri\u015fimcilere \u00e7al\u0131\u015fma alanlar\u0131, toplant\u0131 odalar\u0131, e\u011fitimler ve at\u00f6lye \u00e7al\u0131\u015fmalar\u0131, mentor destekleri, i\u015f d\u00fcnyas\u0131 ve ekosistem akt\u00f6rleri ile bulu\u015fma imk\u00e2n\u0131 sa\u011flanmaktad\u0131r.<\/p>\n\n\n\n<p>Konyaalt\u0131 Belediyesi \/ B\u00fclten<\/p>\n","protected":false},"excerpt":{"rendered":"<p>Konyaalt\u0131 Belediyesi Kulu\u00e7ka Merkezi y\u00f6neticileri ve Antalya \u00c7al\u0131\u015fma ve \u0130\u015f Kurumu \u0130l M\u00fcd\u00fcrl\u00fc\u011f\u00fc \u0130\u015f Kul\u00fcb\u00fc Liderleri taraf\u0131ndan i\u015fverenler i\u00e7in i\u015fe al\u0131m s\u00fcre\u00e7leri, CV inceleme, m\u00fclakat <a href=\"https:\/\/akdenizhaber.com.tr\/index.php\/2024\/01\/26\/konyaalti-kulucka-merkezi-egitimleri-devam-ediyor\/\" class=\"read-more-link\">[more&#8230;]<\/a><\/p>\n","protected":false},"author":2,"featured_media":20050,"comment_status":"open","ping_status":"open","sticky":false,"template":"","format":"standard","meta":{"footnotes":""},"categories":[2],"tags":[],"class_list":["post-20049","post","type-post","status-publish","format-standard","has-post-thumbnail","hentry","category-gundem"],"_links":{"self":[{"href":"https:\/\/akdenizhaber.com.tr\/index.php\/wp-json\/wp\/v2\/posts\/20049","targetHints":{"allow":["GET"]}}],"collection":[{"href":"https:\/\/akdenizhaber.com.tr\/index.php\/wp-json\/wp\/v2\/posts"}],"about":[{"href":"https:\/\/akdenizhaber.com.tr\/index.php\/wp-json\/wp\/v2\/types\/post"}],"author":[{"embeddable":true,"href":"https:\/\/akdenizhaber.com.tr\/index.php\/wp-json\/wp\/v2\/users\/2"}],"replies":[{"embeddable":true,"href":"https:\/\/akdenizhaber.com.tr\/index.php\/wp-json\/wp\/v2\/comments?post=20049"}],"version-history":[{"count":0,"href":"https:\/\/akdenizhaber.com.tr\/index.php\/wp-json\/wp\/v2\/posts\/20049\/revisions"}],"wp:featuredmedia":[{"embeddable":true,"href":"https:\/\/akdenizhaber.com.tr\/index.php\/wp-json\/wp\/v2\/media\/20050"}],"wp:attachment":[{"href":"https:\/\/akdenizhaber.com.tr\/index.php\/wp-json\/wp\/v2\/media?parent=20049"}],"wp:term":[{"taxonomy":"category","embeddable":true,"href":"https:\/\/akdenizhaber.com.tr\/index.php\/wp-json\/wp\/v2\/categories?post=20049"},{"taxonomy":"post_tag","embeddable":true,"href":"https:\/\/akdenizhaber.com.tr\/index.php\/wp-json\/wp\/v2\/tags?post=20049"}],"curies":[{"name":"wp","href":"https:\/\/api.w.org\/{rel}","templated":true}]}}