{"id":20043,"date":"2024-01-26T13:09:33","date_gmt":"2024-01-26T10:09:33","guid":{"rendered":"https:\/\/akdenizhaber.com.tr\/?p=20043"},"modified":"2024-01-26T13:09:33","modified_gmt":"2024-01-26T10:09:33","slug":"nurcan-simsekin-eserleri-antalya-sanat-fuarinda-ilgi-odagi-oldu","status":"publish","type":"post","link":"https:\/\/akdenizhaber.com.tr\/index.php\/2024\/01\/26\/nurcan-simsekin-eserleri-antalya-sanat-fuarinda-ilgi-odagi-oldu\/","title":{"rendered":"Nurcan \u015eim\u015fek&#8217;in eserleri, Antalya sanat Fuar\u0131nda ilgi oda\u011f\u0131 oldu"},"content":{"rendered":"\n<p><\/p>\n\n\n\n<p>\u0130lk kez Antalya \u00c7a\u011fda\u015f Sanatlar Fuar\u0131&#8217; 18-21 Ocak tarihleri aras\u0131nda Cam Piramit Fuar ve Kongre Merkezi&#8217;nde d\u00fczenlendi.<\/p>\n\n\n\n<p>Fuar\u0131, sanatseverlerin yan\u0131 s\u0131ra koleksiyonerler, turizm i\u015fletmecileri, kamu kurum ve kurulu\u015flar\u0131n\u0131n temsilcileri, \u00fcniversitelerin ilgili b\u00f6l\u00fcmlerinin yetkilileri ve yabanc\u0131 \u00fclke temsilcileri&nbsp;ziyaret etti.<\/p>\n\n\n\n<p>Antalyal\u0131lar\u0131n yo\u011fun ilgi g\u00f6sterdi\u011fi Antalya \u00c7a\u011fda\u015f Sanat Fuar\u0131, Cam Piramit\u2019te binlerce ziyaret\u00e7iyi a\u011f\u0131rlad\u0131. Sanat\u00e7\u0131lar birbirleriyle tan\u0131\u015fma, sanatseverler y\u00fczlerce eseri bir arada g\u00f6r\u00fcp sanat\u00e7\u0131s\u0131yla tan\u0131\u015fma f\u0131rsat\u0131 buldu.<\/p>\n\n\n\n<p>Manavgat&#8217;ta G\u00f6rsel sanatlar \u00f6\u011fretmenli\u011fi yapan, sanat\u00e7\u0131 Nurcan \u015eim\u015fek &#8220;Vis Sanat Galeri&#8221; ile \u00fc\u00e7 \u00f6zg\u00fcn bask\u0131 ve Antalya yivli minare ve saat kulesi, cam piramit mikro minyat\u00fcr eserleri ile kat\u0131ld\u0131. 7 cm&#8217; kim Minyat\u00fcr resim \u00e7al\u0131\u015fmas\u0131n\u0131n ayr\u0131nt\u0131lar\u0131n\u0131 b\u00fcy\u00fcte\u00e7 yard\u0131m\u0131yla, \u00f6zel ince k\u0131l f\u0131r\u00e7a kullanarak yap\u0131lan \u00e7al\u0131\u015fmaya bak\u0131ld\u0131\u011f\u0131nda detaylarda saat \u00fczerindeki akrep ve yelkovan dahi cizimlenmi\u015f oldu\u011funu g\u00f6ren ziyaret\u00e7iler hayran kald\u0131lar. Cumhuriyetin 100.y\u0131l\u0131 dolay\u0131s\u0131yla100 eser aras\u0131nda se\u00e7ilen linol bask\u0131 \u00e7al\u0131\u015fmas\u0131 da bu eserler aras\u0131nda yer ald\u0131. Nurcan \u015eim\u015fek, sanatseverlerin ve ziyaret\u00e7ilerin yo\u011fun ilgi oda\u011f\u0131 oldu.<\/p>\n\n\n\n<p>(Haber Merkezi)<\/p>\n","protected":false},"excerpt":{"rendered":"<p>\u0130lk kez Antalya \u00c7a\u011fda\u015f Sanatlar Fuar\u0131&#8217; 18-21 Ocak tarihleri aras\u0131nda Cam Piramit Fuar ve Kongre Merkezi&#8217;nde d\u00fczenlendi. Fuar\u0131, sanatseverlerin yan\u0131 s\u0131ra koleksiyonerler, turizm i\u015fletmecileri, kamu <a href=\"https:\/\/akdenizhaber.com.tr\/index.php\/2024\/01\/26\/nurcan-simsekin-eserleri-antalya-sanat-fuarinda-ilgi-odagi-oldu\/\" class=\"read-more-link\">[more&#8230;]<\/a><\/p>\n","protected":false},"author":2,"featured_media":20044,"comment_status":"open","ping_status":"open","sticky":false,"template":"","format":"standard","meta":{"footnotes":""},"categories":[2],"tags":[],"class_list":["post-20043","post","type-post","status-publish","format-standard","has-post-thumbnail","hentry","category-gundem"],"_links":{"self":[{"href":"https:\/\/akdenizhaber.com.tr\/index.php\/wp-json\/wp\/v2\/posts\/20043","targetHints":{"allow":["GET"]}}],"collection":[{"href":"https:\/\/akdenizhaber.com.tr\/index.php\/wp-json\/wp\/v2\/posts"}],"about":[{"href":"https:\/\/akdenizhaber.com.tr\/index.php\/wp-json\/wp\/v2\/types\/post"}],"author":[{"embeddable":true,"href":"https:\/\/akdenizhaber.com.tr\/index.php\/wp-json\/wp\/v2\/users\/2"}],"replies":[{"embeddable":true,"href":"https:\/\/akdenizhaber.com.tr\/index.php\/wp-json\/wp\/v2\/comments?post=20043"}],"version-history":[{"count":0,"href":"https:\/\/akdenizhaber.com.tr\/index.php\/wp-json\/wp\/v2\/posts\/20043\/revisions"}],"wp:featuredmedia":[{"embeddable":true,"href":"https:\/\/akdenizhaber.com.tr\/index.php\/wp-json\/wp\/v2\/media\/20044"}],"wp:attachment":[{"href":"https:\/\/akdenizhaber.com.tr\/index.php\/wp-json\/wp\/v2\/media?parent=20043"}],"wp:term":[{"taxonomy":"category","embeddable":true,"href":"https:\/\/akdenizhaber.com.tr\/index.php\/wp-json\/wp\/v2\/categories?post=20043"},{"taxonomy":"post_tag","embeddable":true,"href":"https:\/\/akdenizhaber.com.tr\/index.php\/wp-json\/wp\/v2\/tags?post=20043"}],"curies":[{"name":"wp","href":"https:\/\/api.w.org\/{rel}","templated":true}]}}