{"id":20027,"date":"2024-01-25T13:45:03","date_gmt":"2024-01-25T10:45:03","guid":{"rendered":"https:\/\/akdenizhaber.com.tr\/?p=20027"},"modified":"2024-01-25T13:46:10","modified_gmt":"2024-01-25T10:46:10","slug":"20027","status":"publish","type":"post","link":"https:\/\/akdenizhaber.com.tr\/index.php\/2024\/01\/25\/20027\/","title":{"rendered":"Hakan T\u00fct\u00fcnc\u00fc; &#8216;Esnaf Toplumun Temelidir&#8217;"},"content":{"rendered":"\n<p><\/p>\n\n\n\n<p>Kepez\u2019in esnaf dostu Belediye Ba\u015fkan\u0131 Hakan T\u00fct\u00fcnc\u00fc, Antalya B\u00fcy\u00fck\u015fehir Belediye Ba\u015fkan adayl\u0131\u011f\u0131n\u0131n se\u00e7im start\u0131n\u0131 esnaf\u0131n oca\u011f\u0131ndan AESOB\u2019dan verdi. Esnaf\u0131n toplumun temeli oldu\u011funu vurgulayan T\u00fct\u00fcnc\u00fc, \u201c1 Nisan 2024 tarihinden itibaren Antalya Belediyesi esnaf\u0131n belediyesi olacak. Hepimizin belediyesi olacak. Bu g\u00fczel \u015fehrin g\u00fczel insanlar\u0131n\u0131n belediyesi olacak\u201d dedi.<\/p>\n\n\n\n<p>Cumhur \u0130ttifak\u0131\u2019n\u0131n Antalya B\u00fcy\u00fck\u015fehir Belediye Ba\u015fkan aday\u0131 Hakan T\u00fct\u00fcnc\u00fc, se\u00e7im \u00e7al\u0131\u015fmalar\u0131na b\u00fcy\u00fck bir h\u0131zla ba\u015flad\u0131. T\u00fct\u00fcnc\u00fc, Antalya Esnaf ve Sanatkarlar Odalar\u0131 Birli\u011fi Ba\u015fkan\u0131 Adl\u0131han Dere\u2019yi ziyaret ederek, se\u00e7im start\u0131n\u0131 esnaflar\u0131n oca\u011f\u0131ndan AESOB\u2019dan verdi. T\u00fct\u00fcnc\u00fc\u2019ye ziyaretinde AK Parti \u0130l Ba\u015fkan\u0131 Ali \u00c7etin, il ve il\u00e7e te\u015fkilatlar\u0131 e\u015flik etti. Ziyaretten duydu\u011fu memnuniyeti dile getiren AESOB Ba\u015fkan\u0131 Adl\u0131han Dere, 2009 y\u0131l\u0131nda birlikte yola \u00e7\u0131kt\u0131klar\u0131 Hakan T\u00fct\u00fcnc\u00fc\u2019n\u00fcn, her zaman esnaf\u0131n yan\u0131nda oldu\u011funu, esnaf dostu bir belediye ba\u015fkan\u0131 oldu\u011funu s\u00f6yledi. T\u00fct\u00fcnc\u00fc\u2019ye ba\u015far\u0131 dileklerini ileten AESOB Ba\u015fkan\u0131 Dere, \u201cBug\u00fcnde s\u00f6zde de\u011fil, \u00f6zde esnaf dostu oldu\u011funuzu B\u00fcy\u00fck\u015fehir Belediye Ba\u015fkan aday\u0131 olarak ilk ziyaretinizi esnaf odalar birli\u011finden ba\u015flatman\u0131zdan dolay\u0131 \u015fahs\u0131m ve esnaf\u0131m\u0131z ad\u0131na \u015f\u00fckranlar\u0131m\u0131z\u0131 sunuyorum. Bug\u00fcne kadar yapm\u0131\u015f oldu\u011funuz \u00e7al\u0131\u015fmalar\u0131 sokak biliyor, saha biliyor, Antalya biliyor. Esnaf\u0131m\u0131z\u0131n ne zaman bir sorunu olsa, beni bizzat \u00e7a\u011f\u0131rarak ilgili odam\u0131z ve esnaf\u0131m\u0131zla ilgili sorunu \u00e7\u00f6zd\u00fcn\u00fcz. Ve bundan sonrada \u00e7\u00f6zece\u011finize inan\u0131yoruz. Yapt\u0131klar\u0131n\u0131z yapacaklar\u0131n\u0131z\u0131n teminat\u0131d\u0131r. Hay\u0131rl\u0131 u\u011furlu olsun \u201d dedi.<\/p>\n\n\n\n<p>ESNAFIN BELED\u0130YES\u0130 OLACA\u011eIZ<\/p>\n\n\n\n<p>Antalya B\u00fcy\u00fck\u015fehir Belediye Ba\u015fkan aday\u0131 Hakan T\u00fct\u00fcnc\u00fc de, ilk start\u0131 esnaf odalar birli\u011finden vermek istediklerini dile getirerek, \u201c\u00c7\u00fcnk\u00fc bunun alt\u0131nda \u00e7ok \u00f6zel bir mesaj var. Antalya tarihinde bir belediye ba\u015fkan\u0131 aday\u0131 se\u00e7im \u00e7al\u0131\u015fmalar\u0131n\u0131 esnaf odalar birli\u011finde esnaf odas\u0131 ba\u015fkanlar\u0131yla birlikte ba\u015flat\u0131yor. Buradaki mesaj a\u00e7\u0131k ve nettir. Esnaf toplumun temeli ve biz her zaman esnaf\u0131m\u0131zla etle t\u0131rnak gibiyiz. Biz nas\u0131l ki Kepez\u2019de, 15 y\u0131lda esnaf\u0131n belediyesi olduysak, b\u00fcy\u00fck\u015fehirde de \u00e7ok b\u00fcy\u00fck projelerle, \u00e7ok b\u00fcy\u00fck ad\u0131mlarla esnaf\u0131n belediyesi olaca\u011f\u0131z. 1 Nisan 2024 tarihinden itibaren Antalya Belediyesi esnaf\u0131n belediyesi olacak. Esnaf odalar\u0131n\u0131n belediyesi olacak, sizlerin belediyesi olacak. Hepimizin belediyesi olacak. Bu g\u00fczel \u015fehrin g\u00fczel insanlar\u0131n\u0131n belediyesi olacak. \u015eehrin her t\u00fcrl\u00fc sorunlar\u0131na birlikte \u00e7\u00f6z\u00fcm arad\u0131\u011f\u0131m\u0131z, esnaf odalar birli\u011finin de esnaf\u0131m\u0131z\u0131n sorunlar\u0131n\u0131n \u00e7\u00f6z\u00fcm\u00fcne katk\u0131lar sundu\u011fu yepyeni bir d\u00f6nem olacak. Yeni d\u00f6nem Antalya\u2019n\u0131n alt\u0131n \u00e7a\u011f\u0131 olacak. Alt\u0131n \u00e7a\u011f\u0131n temelinde de esnaflar olacak. \u201c diye konu\u015ftu.<\/p>\n\n\n\n<p>AESOB \u0130LE \u00c7OK B\u00dcY\u00dcK PROJELER<\/p>\n\n\n\n<p>15 y\u0131l boyunca her zaman esnaf\u0131n yan\u0131 ba\u015f\u0131nda olduklar\u0131n\u0131 vurgulayan T\u00fct\u00fcnc\u00fc, \u201c\u0130l\u00e7e belediyesi imkanlar\u0131 ile il\u00e7e belediyesini a\u015fan esnaf\u0131m\u0131z ad\u0131na \u00e7ok \u00f6nemli \u00e7al\u0131\u015fmalar yapt\u0131k. Taksi duraklar\u0131ndan kapal\u0131 pazar yerlerine kadar bir\u00e7ok \u00e7al\u0131\u015fmalar yapt\u0131k. B\u00fcy\u00fck\u015fehirde esnaf odalar birli\u011fimiz ile beraber \u00e7ok daha b\u00fcy\u00fck projeleri hayata ge\u00e7irece\u011fiz. Ula\u015f\u0131m esnaf\u0131m\u0131z\u0131n, taksici esnaf\u0131m\u0131z\u0131n talep ve beklentileri, esnaf\u0131m\u0131z\u0131n turizmden ald\u0131\u011f\u0131 pay\u0131n artmas\u0131, \u015fehir i\u00e7i esnaf\u0131n\u0131n turistlerle daha \u00e7ok bulu\u015fmas\u0131na y\u00f6nelik \u00e7al\u0131\u015fmalar yeni d\u00f6nemin en \u00f6nemli dinamiklerinden birisi olacak. Biz bunlar\u0131 esnaf\u0131m\u0131zla, AESOB ba\u015fkan\u0131m\u0131zla hep beraber konu\u015farak birlikte ve beraber ortak akl\u0131n yol g\u00f6stericili\u011finde \u00e7al\u0131\u015farak yepyeni bir d\u00f6nemi, esnaf\u0131m\u0131za ya\u015fataca\u011f\u0131z. Yeni d\u00f6nem esnaf\u0131m\u0131zda \u2018Arad\u0131\u011f\u0131m\u0131z bulduk.\u2019 dedi\u011fi bir d\u00f6nem olacak. \u201c diye konu\u015ftu.<\/p>\n\n\n\n<p>ANTALYA ESNAFININ ALTIN \u00c7A\u011eI<\/p>\n\n\n\n<p>T\u00fct\u00fcnc\u00fc, \u201c\u0130l ba\u015fkan\u0131m\u0131z, Antalya milletvekillerimiz bu s\u00fcrecin takip\u00e7isi olacak.&nbsp; Turizm Bakan\u0131m\u0131z\u0131n \u00f6zellikle turizmin 12 aya yay\u0131lmas\u0131 ve turistin \u015fehir merkezine gelmesi ile ilgili \u00f6n\u00fcm\u00fczdeki s\u00fcre\u00e7te yeni projeleri a\u00e7\u0131klayacak olmas\u0131 yeni d\u00f6nemin ne kadar umut dolu bir d\u00f6nem olaca\u011f\u0131na ili\u015fkin ipu\u00e7lar\u0131 veriyor. Bizim kalplerimizdeki umutlar \u00e7ok b\u00fcy\u00fck. Yeni d\u00f6nem Antalya\u2019n\u0131n hem esnaf\u0131n alt\u0131n \u00e7a\u011f\u0131 olacak. Antalyal\u0131 esnaf\u0131m\u0131za herkes g\u0131pta ile bakacak.\u201d dedi.<\/p>\n\n\n\n<p>H\u0130ZMET A\u015eKI \u0130LE DOLU B\u0130R BELED\u0130YE BA\u015eKAN ADAYI<\/p>\n\n\n\n<p>AK Parti Antalya \u0130l Ba\u015fkan\u0131 Ali \u00c7etin de, \u201c\u00d6ncelikle se\u00e7im start\u0131m\u0131z\u0131 esnaf\u0131m\u0131zla verdik. Cumhurba\u015fkan\u0131m\u0131z\u0131n selamlar\u0131 ile Antalya\u2019ya geldik. 31 Mart ak\u015fam\u0131 Cumhur \u0130ttifak\u0131 aday\u0131m\u0131z Hakan T\u00fct\u00fcnc\u00fc\u2019y\u00fc Antalya B\u00fcy\u00fck\u015fehir Belediye Ba\u015fkan\u0131 yapmaya azmettik. 1 Nisan ile Antalya\u2019m\u0131za hizmet etmek istiyoruz. Hizmet a\u015fk\u0131 ile dolu bir belediye ba\u015fkan aday\u0131m\u0131z var. 15 y\u0131ld\u0131r yapt\u0131klar\u0131 ile ortada olan bir belediye ba\u015fkan\u0131m\u0131z var. Ne kadar gurur duysak azd\u0131r. Esnaf\u0131m\u0131zla y\u0131llard\u0131r uyum i\u00e7inde \u00e7al\u0131\u015ft\u0131. 19 il\u00e7emizin de bu uyumunu g\u00f6rmesini istiyoruz. Bende esnaf odalar birli\u011finin \u00fcyesiydim. Esnaf\u0131n\u0131n i\u00e7inden \u00e7\u0131kt\u0131k. Esnaf\u0131 iyi tan\u0131yoruz. Antalya\u2019n\u0131n temel ta\u015f\u0131n\u0131n esnaflar oldu\u011funu biliyoruz.&nbsp; Bizler daha b\u00fcy\u00fck projeler ve daha b\u00fcy\u00fck g\u00fc\u00e7le yan\u0131n\u0131zda olmaya devam edece\u011fiz. \u201c diye konu\u015ftu.<\/p>\n\n\n\n<p>(Haber Merkezi)<\/p>\n","protected":false},"excerpt":{"rendered":"<p>Kepez\u2019in esnaf dostu Belediye Ba\u015fkan\u0131 Hakan T\u00fct\u00fcnc\u00fc, Antalya B\u00fcy\u00fck\u015fehir Belediye Ba\u015fkan adayl\u0131\u011f\u0131n\u0131n se\u00e7im start\u0131n\u0131 esnaf\u0131n oca\u011f\u0131ndan AESOB\u2019dan verdi. Esnaf\u0131n toplumun temeli oldu\u011funu vurgulayan T\u00fct\u00fcnc\u00fc, \u201c1 <a href=\"https:\/\/akdenizhaber.com.tr\/index.php\/2024\/01\/25\/20027\/\" class=\"read-more-link\">[more&#8230;]<\/a><\/p>\n","protected":false},"author":2,"featured_media":20028,"comment_status":"open","ping_status":"open","sticky":false,"template":"","format":"standard","meta":{"footnotes":""},"categories":[2],"tags":[],"class_list":["post-20027","post","type-post","status-publish","format-standard","has-post-thumbnail","hentry","category-gundem"],"_links":{"self":[{"href":"https:\/\/akdenizhaber.com.tr\/index.php\/wp-json\/wp\/v2\/posts\/20027","targetHints":{"allow":["GET"]}}],"collection":[{"href":"https:\/\/akdenizhaber.com.tr\/index.php\/wp-json\/wp\/v2\/posts"}],"about":[{"href":"https:\/\/akdenizhaber.com.tr\/index.php\/wp-json\/wp\/v2\/types\/post"}],"author":[{"embeddable":true,"href":"https:\/\/akdenizhaber.com.tr\/index.php\/wp-json\/wp\/v2\/users\/2"}],"replies":[{"embeddable":true,"href":"https:\/\/akdenizhaber.com.tr\/index.php\/wp-json\/wp\/v2\/comments?post=20027"}],"version-history":[{"count":0,"href":"https:\/\/akdenizhaber.com.tr\/index.php\/wp-json\/wp\/v2\/posts\/20027\/revisions"}],"wp:featuredmedia":[{"embeddable":true,"href":"https:\/\/akdenizhaber.com.tr\/index.php\/wp-json\/wp\/v2\/media\/20028"}],"wp:attachment":[{"href":"https:\/\/akdenizhaber.com.tr\/index.php\/wp-json\/wp\/v2\/media?parent=20027"}],"wp:term":[{"taxonomy":"category","embeddable":true,"href":"https:\/\/akdenizhaber.com.tr\/index.php\/wp-json\/wp\/v2\/categories?post=20027"},{"taxonomy":"post_tag","embeddable":true,"href":"https:\/\/akdenizhaber.com.tr\/index.php\/wp-json\/wp\/v2\/tags?post=20027"}],"curies":[{"name":"wp","href":"https:\/\/api.w.org\/{rel}","templated":true}]}}