{"id":20024,"date":"2024-01-25T13:43:48","date_gmt":"2024-01-25T10:43:48","guid":{"rendered":"https:\/\/akdenizhaber.com.tr\/?p=20024"},"modified":"2024-01-25T13:43:48","modified_gmt":"2024-01-25T10:43:48","slug":"sp-ilce-baskani-ilhami-demiral-israilin-gazze-soykirimina-karsi-55-islam-ulkesinin-hic-biri-ciddi-tepki-gostermedi","status":"publish","type":"post","link":"https:\/\/akdenizhaber.com.tr\/index.php\/2024\/01\/25\/sp-ilce-baskani-ilhami-demiral-israilin-gazze-soykirimina-karsi-55-islam-ulkesinin-hic-biri-ciddi-tepki-gostermedi\/","title":{"rendered":"SP \u0130l\u00e7e Ba\u015fkan\u0131 \u0130lhami Demiral: \u0130srail&#8217;in Gazze Soyk\u0131r\u0131m\u0131na kar\u015f\u0131 55 \u0130slam \u00fclkesinin hi\u00e7 biri ciddi tepki g\u00f6stermedi!"},"content":{"rendered":"\n<p><\/p>\n\n\n\n<p>Saadet Partisi(SP) Manavgat \u0130l\u00e7e Ba\u015fkan\u0131 \u0130lhami Demiral, \u0130srail&#8217;in3,5 ayd\u0131r Filistin Gazze&#8217;de yapt\u0131\u011f\u0131 soyk\u0131r\u0131ma kar\u015f\u0131 Avrupa insan\u0131 ve G\u00fcney Amerika \u00fclkelerinin duyarl\u0131l\u0131\u011f\u0131n\u0131n \u0130slam \u00fclkelerinden daha fazla oldu\u011funu s\u00f6yledi.<\/p>\n\n\n\n<p>\u0130srail Ordusu ve Orduya emir vererek insanl\u0131k su\u00e7u i\u015fleyen Gazze Kasab\u0131 Ba\u015fbakan Binyamin Netenyahu&#8217;nun Gazze&#8217;ye att\u0131\u011f\u0131 bomban\u0131n onda birinin Japonya Hiro\u015fimaya at\u0131lmad\u0131\u011f\u0131n\u0131 belirten SP \u0130l\u00e7e Ba\u015fkan\u0131 \u0130lhami Demirel,&#8221; D\u00fcnya&#8217;da 55 \u0130slam \u00fclkesi var. Maalesef \u0130srail&#8217;in Gazze&#8217;de yapt\u0131\u011f\u0131 soyk\u0131r\u0131m kar\u015f\u0131s\u0131nda \u0130srail ve Binyamin Netenyahu&#8217;nun dilinden anlayacak \u015fekilde tepki koyan bir tek \u0130slam \u00fclkesi yok. Hepsi politik s\u00f6ylem ol pe\u015finde i\u015f icraat olunca hepsi fos ve s\u00fct d\u00f6km\u00fc\u015f \u015fekilde. \u00d6rne\u011fin en b\u00fcy\u00fck tepkiyi \u0130spanya g\u00f6sterdi. Latin Amerika \u00fclkeleri ,Afrika \u00fclkesinin biri Binyamin Letenyahu&#8217;nun i\u015fledi\u011fi sava\u015f su\u00e7unu &#8220;insanl\u0131\u011fa kar\u015f\u0131 i\u015flenen su\u00e7lardan ve sava\u015f su\u00e7unu &#8221; yarg\u0131lanmas\u0131 i\u00e7in konuyu Birle\u015fmi\u015f Milletler(BM) &#8216;e, Avrupa Konseyi(AK)&#8217;ne ve&nbsp; Lahey&#8217;e ta\u015f\u0131d\u0131. Fakat T\u00fcrkiye&#8217;den t\u0131k yok. Sadece kamuoyunun gaz\u0131n\u0131 almaya y\u00f6nelik y\u00fcze piyaz a\u00e7\u0131klama hepsi o kadar. En az\u0131ndan Afrika \u00fclkesinin \u0130srail&#8217;in yapt\u0131\u011f\u0131 soyk\u0131r\u0131m\u0131 su\u00e7 duyurusu ve hukuki M\u00fccadelenin T\u00fcrkiye arkas\u0131nda durmas\u0131 gerekir. Fakat T\u00fcrkiye&#8217;de siyasi iradenin b\u00f6yle bir derdinin olmad\u0131\u011f\u0131 g\u00f6r\u00fcn\u00fcyor. Bizde \u00e7ok g\u00fczel bir s\u00f6z var: Oda &#8216;\u00c7oban istese Teke&#8217;den s\u00fct \u00e7\u0131kar\u0131r&#8217;. Lafa ve demojiye gelince s\u00f6z ve bol keseden konu\u015fma bol bol. Gazze&#8217;de 3,5 i\u00e7inde 26 bin ki\u015fi \u00f6ld\u00fcr\u00fcld\u00fc. Bunun 9 bini kad\u0131n , \u00e7ocuk ,bebek ve ya\u015fl\u0131 ve hasta. Y\u00fcksek bombalamaya ba\u011fl\u0131 olarak 11 bin insan y\u0131k\u0131lan binalar\u0131n enkaz\u0131nda kay\u0131p ve halen cesetlerine ula\u015f\u0131lamad\u0131. Bine yak\u0131n hamile kad\u0131n var Gazze&#8217;de. Maalesef bu insanl\u0131k su\u00e7u ve soyk\u0131r\u0131m\u0131 kar\u015f\u0131s\u0131nda kendini g\u00fcya M\u00fcsl\u00fcman olarak tan\u0131mlayan 55 \u0130slam \u00fclkesi aras\u0131nda T\u00fcrkiye&#8217;de dahil ciddi anlamda \u0130srail&#8217;in anlayaca\u011f\u0131 dilden konu\u015fan bir tek \u0130slam \u00fclkesi yok. Bizde ise milletin gaz\u0131n\u0131 almak ve yanda\u015f yap\u0131mc\u0131ya para kazand\u0131rmak i\u00e7in t\u0131pk\u0131 Dirili\u015f Ertu\u011frul ve Kurulu\u015f Osman&#8217;da oldu\u011fu gibi TRT Kud\u00fcs Fatih&#8217;i Selahattin Eyy\u00fcbi dizisini yay\u0131mlayarak milletin gaz\u0131n\u0131 al\u0131yorlar. Tek ba\u015far\u0131l\u0131 icraatlar\u0131 da bu zaten .31 Mart se\u00e7imleri \u00f6ncesi kamu oyunda alg\u0131 olu\u015fturma gaz\u0131n\u0131 ve olu\u015fan tepkisini almaktan ibaret.&#8221; diye konu\u015ftu.<\/p>\n\n\n\n<p>Haber \/ Abdurrahman B\u00fcy\u00fckkeskin<\/p>\n","protected":false},"excerpt":{"rendered":"<p>Saadet Partisi(SP) Manavgat \u0130l\u00e7e Ba\u015fkan\u0131 \u0130lhami Demiral, \u0130srail&#8217;in3,5 ayd\u0131r Filistin Gazze&#8217;de yapt\u0131\u011f\u0131 soyk\u0131r\u0131ma kar\u015f\u0131 Avrupa insan\u0131 ve G\u00fcney Amerika \u00fclkelerinin duyarl\u0131l\u0131\u011f\u0131n\u0131n \u0130slam \u00fclkelerinden daha fazla <a href=\"https:\/\/akdenizhaber.com.tr\/index.php\/2024\/01\/25\/sp-ilce-baskani-ilhami-demiral-israilin-gazze-soykirimina-karsi-55-islam-ulkesinin-hic-biri-ciddi-tepki-gostermedi\/\" class=\"read-more-link\">[more&#8230;]<\/a><\/p>\n","protected":false},"author":2,"featured_media":20025,"comment_status":"open","ping_status":"open","sticky":false,"template":"","format":"standard","meta":{"footnotes":""},"categories":[2],"tags":[],"class_list":["post-20024","post","type-post","status-publish","format-standard","has-post-thumbnail","hentry","category-gundem"],"_links":{"self":[{"href":"https:\/\/akdenizhaber.com.tr\/index.php\/wp-json\/wp\/v2\/posts\/20024","targetHints":{"allow":["GET"]}}],"collection":[{"href":"https:\/\/akdenizhaber.com.tr\/index.php\/wp-json\/wp\/v2\/posts"}],"about":[{"href":"https:\/\/akdenizhaber.com.tr\/index.php\/wp-json\/wp\/v2\/types\/post"}],"author":[{"embeddable":true,"href":"https:\/\/akdenizhaber.com.tr\/index.php\/wp-json\/wp\/v2\/users\/2"}],"replies":[{"embeddable":true,"href":"https:\/\/akdenizhaber.com.tr\/index.php\/wp-json\/wp\/v2\/comments?post=20024"}],"version-history":[{"count":0,"href":"https:\/\/akdenizhaber.com.tr\/index.php\/wp-json\/wp\/v2\/posts\/20024\/revisions"}],"wp:featuredmedia":[{"embeddable":true,"href":"https:\/\/akdenizhaber.com.tr\/index.php\/wp-json\/wp\/v2\/media\/20025"}],"wp:attachment":[{"href":"https:\/\/akdenizhaber.com.tr\/index.php\/wp-json\/wp\/v2\/media?parent=20024"}],"wp:term":[{"taxonomy":"category","embeddable":true,"href":"https:\/\/akdenizhaber.com.tr\/index.php\/wp-json\/wp\/v2\/categories?post=20024"},{"taxonomy":"post_tag","embeddable":true,"href":"https:\/\/akdenizhaber.com.tr\/index.php\/wp-json\/wp\/v2\/tags?post=20024"}],"curies":[{"name":"wp","href":"https:\/\/api.w.org\/{rel}","templated":true}]}}