{"id":19985,"date":"2024-01-24T14:03:33","date_gmt":"2024-01-24T11:03:33","guid":{"rendered":"https:\/\/akdenizhaber.com.tr\/?p=19985"},"modified":"2024-01-24T14:03:33","modified_gmt":"2024-01-24T11:03:33","slug":"safari-turculari-sezonu-1-mayista-acacak","status":"publish","type":"post","link":"https:\/\/akdenizhaber.com.tr\/index.php\/2024\/01\/24\/safari-turculari-sezonu-1-mayista-acacak\/","title":{"rendered":"Safari turcular\u0131 sezonu 1 May\u0131s&#8217;ta a\u00e7acak!"},"content":{"rendered":"\n<p><\/p>\n\n\n\n<p>300 bin yatak kapasitesi ile konaklamada T\u00fcrkiye ve Antalya turizminin ba\u015fkenti Manavgat -Side destinasyonuna tatile gelen Alman turistler g\u00fcne\u015fli havay\u0131 f\u0131rsat bilerek&nbsp;&nbsp; Sar\u0131larda ATV Quad Buggy safari turu yapt\u0131. Turistler Sar\u0131larda Bal orman\u0131 i\u00e7inde yapt\u0131klar\u0131 safari tur ile do\u011fa ile ba\u015f ba\u015fa kalarak&nbsp; farkl\u0131 bir aktivitede bulunman\u0131n heyecan\u0131 ya\u015fad\u0131.<\/p>\n\n\n\n<p>Manavgat Sar\u0131lar Sonnenklar ATV Quad &amp; Buggy Safari turu koordinat\u00f6r\u00fc Recep Arguvan, safari turlar\u0131n\u0131n 2024 y\u0131l\u0131 sezon a\u00e7\u0131l\u0131\u015f\u0131n\u0131n 1 May\u0131s oldu\u011funu s\u00f6yledi. 2023 y\u0131l\u0131nda nisan, may\u0131s ve haziran ay\u0131 ba\u015f\u0131nda para harcama potansiyeli ve farkl\u0131 turizmi aktivitelerinde bulunan Alman ve \u0130ngiliz turistlerin gelmesine ba\u011fl\u0131 safari turcular\u0131n\u0131n k\u0131smen sezonda umutlu ve beklentilerinin y\u00fcksek olmas\u0131na ba\u011fl\u0131 temmuz, a\u011fustos ve eyl\u00fcl ay\u0131nda gelen tatil s\u00fcresince harcama yapma potansiyeli en d\u00fc\u015f\u00fck seviyede gelen Alman turistlerin gelmesi safari turlar\u0131n\u0131n y\u00fcz\u00fcn\u00fc g\u00fcld\u00fcrmedi\u011fine dikkat \u00e7eken Recep Arguvan,&#8217; Jeep ve ATV ve Buggy safari turlar\u0131na \u00e7\u0131kacak olan turistlerin tatil s\u00fcresince al\u0131\u015fveri\u015f yapma do\u011fa sporlar\u0131 ve farkl\u0131 aktivitelere \u00e7\u0131kmada b\u00fct\u00e7esi olan turist olmal\u0131. Turist tatile zaten paket program\u0131 dahilinde &nbsp;&nbsp;Antalya&#8217;ya tatile geliyor. Paket program\u0131 dahilinde gelen bir turist ortalama 7 ile 10 g\u00fcn s\u00fcresince kolay kolay otel d\u0131\u015f\u0131na \u00e7\u0131km\u0131yor. B\u00f6lgemizde safari turlar\u0131na ilgi ve tatil b\u00fct\u00e7esi ay\u0131rmay\u0131 Alman, Avusturya, Bel\u00e7ika, \u0130ngiliz ve \u0130skandinavyal\u0131 turistler yap\u0131yor.2024 turizm sezonunu 1 May\u0131s&#8217;ta a\u00e7aca\u011f\u0131z. Hava g\u00fcne\u015fli olunca jeep ve ATV Quad &amp; Buggy safari turuna \u00e7\u0131kan Alman ve Avrupal\u0131 turistler oluyor.&#8221; dedi.<\/p>\n\n\n\n<p>Haber \/ Abdurrahman B\u00fcy\u00fckkeskin<\/p>\n","protected":false},"excerpt":{"rendered":"<p>300 bin yatak kapasitesi ile konaklamada T\u00fcrkiye ve Antalya turizminin ba\u015fkenti Manavgat -Side destinasyonuna tatile gelen Alman turistler g\u00fcne\u015fli havay\u0131 f\u0131rsat bilerek&nbsp;&nbsp; Sar\u0131larda ATV Quad <a href=\"https:\/\/akdenizhaber.com.tr\/index.php\/2024\/01\/24\/safari-turculari-sezonu-1-mayista-acacak\/\" class=\"read-more-link\">[more&#8230;]<\/a><\/p>\n","protected":false},"author":2,"featured_media":19986,"comment_status":"open","ping_status":"open","sticky":false,"template":"","format":"standard","meta":{"footnotes":""},"categories":[2],"tags":[],"class_list":["post-19985","post","type-post","status-publish","format-standard","has-post-thumbnail","hentry","category-gundem"],"_links":{"self":[{"href":"https:\/\/akdenizhaber.com.tr\/index.php\/wp-json\/wp\/v2\/posts\/19985","targetHints":{"allow":["GET"]}}],"collection":[{"href":"https:\/\/akdenizhaber.com.tr\/index.php\/wp-json\/wp\/v2\/posts"}],"about":[{"href":"https:\/\/akdenizhaber.com.tr\/index.php\/wp-json\/wp\/v2\/types\/post"}],"author":[{"embeddable":true,"href":"https:\/\/akdenizhaber.com.tr\/index.php\/wp-json\/wp\/v2\/users\/2"}],"replies":[{"embeddable":true,"href":"https:\/\/akdenizhaber.com.tr\/index.php\/wp-json\/wp\/v2\/comments?post=19985"}],"version-history":[{"count":0,"href":"https:\/\/akdenizhaber.com.tr\/index.php\/wp-json\/wp\/v2\/posts\/19985\/revisions"}],"wp:featuredmedia":[{"embeddable":true,"href":"https:\/\/akdenizhaber.com.tr\/index.php\/wp-json\/wp\/v2\/media\/19986"}],"wp:attachment":[{"href":"https:\/\/akdenizhaber.com.tr\/index.php\/wp-json\/wp\/v2\/media?parent=19985"}],"wp:term":[{"taxonomy":"category","embeddable":true,"href":"https:\/\/akdenizhaber.com.tr\/index.php\/wp-json\/wp\/v2\/categories?post=19985"},{"taxonomy":"post_tag","embeddable":true,"href":"https:\/\/akdenizhaber.com.tr\/index.php\/wp-json\/wp\/v2\/tags?post=19985"}],"curies":[{"name":"wp","href":"https:\/\/api.w.org\/{rel}","templated":true}]}}