{"id":19973,"date":"2024-01-24T14:01:07","date_gmt":"2024-01-24T11:01:07","guid":{"rendered":"https:\/\/akdenizhaber.com.tr\/?p=19973"},"modified":"2024-01-24T14:01:07","modified_gmt":"2024-01-24T11:01:07","slug":"karavan-park-ziyaretcileri-hizmetten-memnun","status":"publish","type":"post","link":"https:\/\/akdenizhaber.com.tr\/index.php\/2024\/01\/24\/karavan-park-ziyaretcileri-hizmetten-memnun\/","title":{"rendered":"Karavan Park ziyaret\u00e7ileri hizmetten memnun"},"content":{"rendered":"\n<p><\/p>\n\n\n\n<p>Antalya B\u00fcy\u00fck\u015fehir Belediyesi\u2019nin Konyaalt\u0131\u2019nda hizmete a\u00e7t\u0131\u011f\u0131 Karavan Park, k\u0131\u015f d\u00f6neminde de yerli ve yabanc\u0131 tatilciler taraf\u0131ndan b\u00fcy\u00fck ilgi g\u00f6r\u00fcyor.<\/p>\n\n\n\n<p>Antalya B\u00fcy\u00fck\u015fehir Belediyesi\u2019nin, karavan severlerin \u00f6nemli bir sorunu olan park sorununu gidermek ve karavan tatilcilerine g\u00fczel bir alan yaratmak amac\u0131yla, yaz aylar\u0131nda, Konyaalt\u0131 il\u00e7esi Arapsuyu Mahallesi\u2019nde kullan\u0131ma sundu\u011fu Karavan Park, yerli ve yabanc\u0131 tatilcilerin g\u00f6zdesi olmaya devam ediyor.<\/p>\n\n\n\n<p>T\u00dcM \u0130HT\u0130YA\u00c7LARA CEVAP VER\u0130YOR<\/p>\n\n\n\n<p>K\u0131\u015f aylar\u0131na girilmesine ra\u011fmen halen ra\u011fbet g\u00f6ren Karavan Park 50 karavanl\u0131k bir kapasiteye sahip. A\u00e7\u0131ld\u0131\u011f\u0131 g\u00fcnden bu yana 1000\u2019den fazla karavana ve 1000\u2019lerce misafire ev sahipli\u011fi yapan Karavan Park, merkeze ve denize olan yak\u0131nl\u0131\u011f\u0131n\u0131n yan\u0131nda, sa\u011flad\u0131\u011f\u0131 t\u00fcm imkanlar sayesinde, karavan tatilcilerinin g\u00f6nl\u00fcndeki yerini ald\u0131. Karavan Park, denize yak\u0131n olan konumunun yan\u0131nda, elektrik, alt yap\u0131, tuvalet, banyo, \u00e7ama\u015f\u0131rhane ve mutfak gibi imkanlar sunarak, misafirlerin t\u00fcm ihtiya\u00e7lar\u0131na kar\u015f\u0131l\u0131k veriyor. Sunulan imkanlardan duydu\u011fu memnuniyeti dile getiren karavan tatilcileri, bu g\u00fcvenli ve konforlu alanda, tatilin tad\u0131n\u0131 \u00e7\u0131kar\u0131yor.<\/p>\n\n\n\n<p>\u00d6NEML\u0130 B\u0130R \u0130HT\u0130YA\u00c7 G\u0130DER\u0130LD\u0130<\/p>\n\n\n\n<p>T\u00fcrkiye\u2019nin ve D\u00fcnya\u2019n\u0131n bir\u00e7ok farkl\u0131 b\u00f6lgesinden ziyaret\u00e7i a\u011f\u0131rlayan Karavan Park\u2019\u0131n misafirlerinden \u0130lhan Ba\u011fc\u0131, daha \u00f6nce 25 y\u0131l boyunca ya\u015fad\u0131klar\u0131 \u015fehir olan Antalya\u2019y\u0131 tekrar g\u00f6r\u00fcp vakit ge\u00e7irmek i\u00e7in, e\u015fiyle birlikte Ankara\u2019dan geldiklerini, buradaki hizmetten dolay\u0131 \u00e7ok memnun olduklar\u0131n\u0131 belirtti. Ba\u011fc\u0131, \u201c Karavan Park, Antalya gibi turizmin ba\u015fkenti olan bir \u015fehir i\u00e7in \u00e7ok \u00f6nemli bir ihtiya\u00e7t\u0131. Antalya B\u00fcy\u00fck\u015fehir Belediyesi bu ihtiyac\u0131 g\u00f6r\u00fcp buraya \u00e7ok g\u00fczel bir ya\u015fam alan yapm\u0131\u015f. Burada biz karavanc\u0131lar\u0131n t\u00fcm ihtiyac\u0131 d\u00fc\u015f\u00fcn\u00fclm\u00fc\u015f. \u00c7ama\u015f\u0131rhane, tuvalet, banyo, mutfak, kurutma hizmeti ve elektrik, su bulabilme imkan\u0131 var. \u00c7ok g\u00fczel bir sistem kurulmu\u015f. Bir karavanc\u0131n\u0131n isteyebilece\u011fi her \u015fey burada var. Bu durum bizim i\u00e7in \u00e7ok \u00f6nemli. Ayr\u0131ca buradaki g\u00f6revli arkada\u015flar da bizimle \u00e7ok s\u0131cakkanl\u0131 ve \u00f6zenli \u015fekilde ilgileniyorlar. Bu yap\u0131lanlar b\u00fcy\u00fck bir te\u015fekk\u00fcr\u00fc hak ediyor. Olu\u015fturulan bu alandan dolay\u0131 Antalya B\u00fcy\u00fck\u015fehir Belediyesi\u2019ne te\u015fekk\u00fcr ederim\u201d dedi.<\/p>\n\n\n\n<p>HERKESE TAVS\u0130YE EDER\u0130M<\/p>\n\n\n\n<p>Antalya\u2019y\u0131 ziyaret etmek i\u00e7in \u00dcrg\u00fcp\u2019ten e\u015fi ve \u00e7ocu\u011fuyla birlikte gelen ve konaklamak i\u00e7in Karavan Park\u2019\u0131 tercih eden Mert Cant\u00fcrk ise memnuniyetini \u015fu s\u00f6zlerle ifade etti: \u201cBuraya \u00dcrg\u00fcp\u2019ten geldik. Karavan Park\u2019\u0131 yak\u0131n zamanda ke\u015ffettik. Daha \u00f6nce geldi\u011fimizde fazla kalamam\u0131\u015ft\u0131k. \u015eimdi buran\u0131n tad\u0131n\u0131 tam anlam\u0131yla \u00e7\u0131karabilmek i\u00e7in tekrar geldik. Bizim yakla\u015f\u0131k 4 senelik bir karavanc\u0131l\u0131k ge\u00e7mi\u015fimiz var. Bir\u00e7ok farkl\u0131 \u015fehirde ve bir\u00e7ok farkl\u0131 tesiste konaklad\u0131k ama \u015fimdiye kadar konaklad\u0131\u011f\u0131m\u0131z yerler i\u00e7erisinde en \u00e7ok be\u011fendi\u011fimiz yer buras\u0131 oldu. Burada sa\u011flanan imkanlar ve merkezde olmas\u0131 ger\u00e7ekten \u00e7ok g\u00fczel. Her \u015feyden fazlas\u0131yla memnunuz. \u00d6zellikle temiz olmas\u0131 bizi \u00e7ok cezbetti. F\u0131rsat bulduk\u00e7a buraya gelmeye devam edece\u011fiz. Herkese de buraya gelmesini tavsiye ederim. Bizim bu g\u00fczel \u015fehirde, g\u00fczel vakit ge\u00e7irmemizi sa\u011flayan Karavan Park\u2019\u0131 \u015fehre kazand\u0131rd\u0131\u011f\u0131 i\u00e7in, Antalya B\u00fcy\u00fck\u015fehir Belediyesi\u2019ne te\u015fekk\u00fcr ediyorum.\u201d<\/p>\n\n\n\n<p>Antalya B\u00fcy\u00fck\u015fehir Belediyesi \/ B\u00fclten<\/p>\n","protected":false},"excerpt":{"rendered":"<p>Antalya B\u00fcy\u00fck\u015fehir Belediyesi\u2019nin Konyaalt\u0131\u2019nda hizmete a\u00e7t\u0131\u011f\u0131 Karavan Park, k\u0131\u015f d\u00f6neminde de yerli ve yabanc\u0131 tatilciler taraf\u0131ndan b\u00fcy\u00fck ilgi g\u00f6r\u00fcyor. Antalya B\u00fcy\u00fck\u015fehir Belediyesi\u2019nin, karavan severlerin \u00f6nemli <a href=\"https:\/\/akdenizhaber.com.tr\/index.php\/2024\/01\/24\/karavan-park-ziyaretcileri-hizmetten-memnun\/\" class=\"read-more-link\">[more&#8230;]<\/a><\/p>\n","protected":false},"author":2,"featured_media":19974,"comment_status":"open","ping_status":"open","sticky":false,"template":"","format":"standard","meta":{"footnotes":""},"categories":[2],"tags":[],"class_list":["post-19973","post","type-post","status-publish","format-standard","has-post-thumbnail","hentry","category-gundem"],"_links":{"self":[{"href":"https:\/\/akdenizhaber.com.tr\/index.php\/wp-json\/wp\/v2\/posts\/19973","targetHints":{"allow":["GET"]}}],"collection":[{"href":"https:\/\/akdenizhaber.com.tr\/index.php\/wp-json\/wp\/v2\/posts"}],"about":[{"href":"https:\/\/akdenizhaber.com.tr\/index.php\/wp-json\/wp\/v2\/types\/post"}],"author":[{"embeddable":true,"href":"https:\/\/akdenizhaber.com.tr\/index.php\/wp-json\/wp\/v2\/users\/2"}],"replies":[{"embeddable":true,"href":"https:\/\/akdenizhaber.com.tr\/index.php\/wp-json\/wp\/v2\/comments?post=19973"}],"version-history":[{"count":0,"href":"https:\/\/akdenizhaber.com.tr\/index.php\/wp-json\/wp\/v2\/posts\/19973\/revisions"}],"wp:featuredmedia":[{"embeddable":true,"href":"https:\/\/akdenizhaber.com.tr\/index.php\/wp-json\/wp\/v2\/media\/19974"}],"wp:attachment":[{"href":"https:\/\/akdenizhaber.com.tr\/index.php\/wp-json\/wp\/v2\/media?parent=19973"}],"wp:term":[{"taxonomy":"category","embeddable":true,"href":"https:\/\/akdenizhaber.com.tr\/index.php\/wp-json\/wp\/v2\/categories?post=19973"},{"taxonomy":"post_tag","embeddable":true,"href":"https:\/\/akdenizhaber.com.tr\/index.php\/wp-json\/wp\/v2\/tags?post=19973"}],"curies":[{"name":"wp","href":"https:\/\/api.w.org\/{rel}","templated":true}]}}