{"id":19946,"date":"2024-01-23T12:51:02","date_gmt":"2024-01-23T09:51:02","guid":{"rendered":"https:\/\/akdenizhaber.com.tr\/?p=19946"},"modified":"2024-01-23T12:51:03","modified_gmt":"2024-01-23T09:51:03","slug":"kepezli-guresciye-bronz-madalya","status":"publish","type":"post","link":"https:\/\/akdenizhaber.com.tr\/index.php\/2024\/01\/23\/kepezli-guresciye-bronz-madalya\/","title":{"rendered":"Kepezli g\u00fcre\u015f\u00e7iye bronz madalya"},"content":{"rendered":"\n<p><\/p>\n\n\n\n<p>Kepez Belediyesi Spor Kul\u00fcb\u00fc altyap\u0131s\u0131ndan yeti\u015fen Osman Ege \u00d6zdemir, Gen\u00e7ler Grekoromen G\u00fcre\u015f T\u00fcrkiye \u015eampiyonas\u0131nda bronz madalya kazand\u0131.<\/p>\n\n\n\n<p>&nbsp;Zonguldak\u2019ta d\u00fczenlenen okullar aras\u0131 \u015fampiyonada Antalya\u2019y\u0131 temsil eden Osman \u00d6zdemir, \u00f6n\u00fcm\u00fczdeki d\u00f6nem U15 ve U17 T\u00fcrkiye milli tak\u0131m se\u00e7melerine haz\u0131rlan\u0131yor. Hedefinin Avrupa \u015eampiyonlu\u011funa kat\u0131lmak oldu\u011funu belirten gen\u00e7 sporcu, T\u00fcrkiye\u2019yi ve kul\u00fcb\u00fcn\u00fc temsil etmekten gurur duydu\u011funu s\u00f6yledi.<\/p>\n\n\n\n<p>Kepez Belediyesi \/ B\u00fclten<\/p>\n","protected":false},"excerpt":{"rendered":"<p>Kepez Belediyesi Spor Kul\u00fcb\u00fc altyap\u0131s\u0131ndan yeti\u015fen Osman Ege \u00d6zdemir, Gen\u00e7ler Grekoromen G\u00fcre\u015f T\u00fcrkiye \u015eampiyonas\u0131nda bronz madalya kazand\u0131. &nbsp;Zonguldak\u2019ta d\u00fczenlenen okullar aras\u0131 \u015fampiyonada Antalya\u2019y\u0131 temsil eden <a href=\"https:\/\/akdenizhaber.com.tr\/index.php\/2024\/01\/23\/kepezli-guresciye-bronz-madalya\/\" class=\"read-more-link\">[more&#8230;]<\/a><\/p>\n","protected":false},"author":2,"featured_media":19947,"comment_status":"open","ping_status":"open","sticky":false,"template":"","format":"standard","meta":{"footnotes":""},"categories":[2],"tags":[],"class_list":["post-19946","post","type-post","status-publish","format-standard","has-post-thumbnail","hentry","category-gundem"],"_links":{"self":[{"href":"https:\/\/akdenizhaber.com.tr\/index.php\/wp-json\/wp\/v2\/posts\/19946","targetHints":{"allow":["GET"]}}],"collection":[{"href":"https:\/\/akdenizhaber.com.tr\/index.php\/wp-json\/wp\/v2\/posts"}],"about":[{"href":"https:\/\/akdenizhaber.com.tr\/index.php\/wp-json\/wp\/v2\/types\/post"}],"author":[{"embeddable":true,"href":"https:\/\/akdenizhaber.com.tr\/index.php\/wp-json\/wp\/v2\/users\/2"}],"replies":[{"embeddable":true,"href":"https:\/\/akdenizhaber.com.tr\/index.php\/wp-json\/wp\/v2\/comments?post=19946"}],"version-history":[{"count":0,"href":"https:\/\/akdenizhaber.com.tr\/index.php\/wp-json\/wp\/v2\/posts\/19946\/revisions"}],"wp:featuredmedia":[{"embeddable":true,"href":"https:\/\/akdenizhaber.com.tr\/index.php\/wp-json\/wp\/v2\/media\/19947"}],"wp:attachment":[{"href":"https:\/\/akdenizhaber.com.tr\/index.php\/wp-json\/wp\/v2\/media?parent=19946"}],"wp:term":[{"taxonomy":"category","embeddable":true,"href":"https:\/\/akdenizhaber.com.tr\/index.php\/wp-json\/wp\/v2\/categories?post=19946"},{"taxonomy":"post_tag","embeddable":true,"href":"https:\/\/akdenizhaber.com.tr\/index.php\/wp-json\/wp\/v2\/tags?post=19946"}],"curies":[{"name":"wp","href":"https:\/\/api.w.org\/{rel}","templated":true}]}}