{"id":19920,"date":"2024-01-22T13:06:34","date_gmt":"2024-01-22T10:06:34","guid":{"rendered":"https:\/\/akdenizhaber.com.tr\/?p=19920"},"modified":"2024-01-22T13:06:34","modified_gmt":"2024-01-22T10:06:34","slug":"seracilik-sadece-tarimsal-faaliyet-degil-ayni-zamanda-sanayiciliktir","status":"publish","type":"post","link":"https:\/\/akdenizhaber.com.tr\/index.php\/2024\/01\/22\/seracilik-sadece-tarimsal-faaliyet-degil-ayni-zamanda-sanayiciliktir\/","title":{"rendered":"Serac\u0131l\u0131k Sadece Tar\u0131msal Faaliyet De\u011fil Ayn\u0131 Zamanda Sanayiciliktir"},"content":{"rendered":"\n<p><\/p>\n\n\n\n<p>Tar\u0131m ve Orman Bakan\u0131 \u0130brahim Yumakl\u0131, T\u00fcrkiye&#8217;nin \u00f6rt\u00fc alt\u0131 \u00fcretim merkezi Antalya\u2019da d\u00fczenlenen Serac\u0131l\u0131k \u00c7al\u0131\u015ftay\u2019\u0131 a\u00e7\u0131l\u0131\u015f\u0131na kat\u0131ld\u0131.<\/p>\n\n\n\n<p><br>\u00c7al\u0131\u015ftayda T\u00fcrkiye ve d\u00fcnyada serac\u0131l\u0131\u011f\u0131n mevcut durumu, \u00fcretim planlamas\u0131 ve yeni seralar\u0131n kurulaca\u011f\u0131 arazi uygunluk ko\u015fullar\u0131 konular\u0131 ele al\u0131nd\u0131. D\u00fczenlenen \u00e7al\u0131\u015ftaya; Tar\u0131m ve Orman\u0131 Bakan\u0131 \u0130brahim Yumakl\u0131, Vali Hulusi \u015eahin, Antalya Milletvekilleri Kemal \u00c7elik, Tuba Vural \u00c7okal, Abdurrahman Ba\u015fkan, \u0130l Tar\u0131m Orman M\u00fcd\u00fcr\u00fc \u015eakir F\u0131rat Erkal ve ilgili sekt\u00f6r temsilcileri kat\u0131ld\u0131.<\/p>\n\n\n\n<p><br>Antalya 2023 Y\u0131l\u0131nda 1.2 Milyar Dolar Tar\u0131m \u0130hracat\u0131 Yapt\u0131<br>Antalya&#8217;n\u0131n serac\u0131l\u0131k alan\u0131nda d\u00fcnya taraf\u0131ndan kabul g\u00f6rd\u00fc\u011f\u00fcn\u00fc ifade eden Vali Hulusi \u015eahin \u201c Antalya ge\u00e7ti\u011fimiz g\u00fcnlerde bir fuar yap\u0131ld\u0131. Bu fuar d\u00fcnyan\u0131n en b\u00fcy\u00fck serac\u0131l\u0131k fuar\u0131 idi. Serac\u0131l\u0131\u011f\u0131n sadece tar\u0131msal bir faaliyet de\u011fil ayn\u0131 zamanda sanayicilik oldu\u011funu g\u00f6rd\u00fck. Antalya&#8217;da 2023 y\u0131l\u0131nda 1.2 milyar dolar ihracat yap\u0131ld\u0131. Bu Antalya &#8216;n\u0131n \u00fcretiminin %15 ile ger\u00e7ekle\u015fti. \u0130\u00e7 t\u00fcketim ile birlikte Antalya &#8216;n\u0131n tar\u0131msal \u00fcretiminin parasal de\u011feri 7 milyar dolar\u0131 buluyor.&#8221; dedi.<\/p>\n\n\n\n<p><br>Bu \u00c7al\u0131\u015ftay \u00c7ok B\u00fcy\u00fck Katk\u0131 Sa\u011flayacak<br>Tar\u0131msal \u00fcretimin sadece ekonomik bir konu olmad\u0131\u011f\u0131na de\u011finen Vali \u015eahin, \u201cTar\u0131msal \u00fcretim g\u0131da g\u00fcvenli\u011fi sadece bir ekonomik bir konu de\u011fil bir milli g\u00fcvenlik meselesidir. \u00dclkeler aras\u0131nda hayati bir rol oynuyor. Serac\u0131l\u0131k konusunda bu \u00e7al\u0131\u015ftay\u0131n da \u00e7ok b\u00fcy\u00fck katk\u0131 sa\u011flayaca\u011f\u0131na inan\u0131yorum. Tar\u0131m ve Orman Bakanl\u0131\u011f\u0131\u2019m\u0131z\u0131n \u00fczerinde \u00e7al\u0131\u015ft\u0131\u011f\u0131 tar\u0131m planlamas\u0131 ile tar\u0131msal \u00fcretimde hepimizin hayal etti\u011fi yerlere gelece\u011fiz.\u201d \u015feklinde konu\u015ftu.<\/p>\n\n\n\n<p><br>Tar\u0131m ve Orman Bakan\u0131 \u0130brahim Yumakl\u0131 ise T\u00fcrkiye&#8217;nin \u00f6rt\u00fc alt\u0131 tar\u0131m alanlar\u0131 a\u00e7\u0131s\u0131ndan Avrupa&#8217;da ikinci, d\u00fcnyada d\u00f6rd\u00fcnc\u00fc s\u0131rada yer ald\u0131\u011f\u0131n\u0131 s\u00f6yleyerek, &#8220;Son 21 y\u0131lda serac\u0131l\u0131k, y\u00fczde 123 b\u00fcy\u00fcyerek piyasaya 9,4 milyon tonluk sebze ve meyve arz ediyor&#8221; dedi.<\/p>\n\n\n\n<p><br>Sera yat\u0131r\u0131mlar\u0131, T\u00fcrkiye&#8217;deki ve d\u00fcnyadaki \u00fcretim metotlar\u0131, arazi ko\u015fullar\u0131 ve mevzuat alanlar\u0131na ili\u015fkin oturumlar\u0131n yap\u0131laca\u011f\u0131 \u00e7al\u0131\u015ftay, yar\u0131n sona erecek.<\/p>\n\n\n\n<p>Antalya Valili\u011fi \/ B\u00fclten<\/p>\n","protected":false},"excerpt":{"rendered":"<p>Tar\u0131m ve Orman Bakan\u0131 \u0130brahim Yumakl\u0131, T\u00fcrkiye&#8217;nin \u00f6rt\u00fc alt\u0131 \u00fcretim merkezi Antalya\u2019da d\u00fczenlenen Serac\u0131l\u0131k \u00c7al\u0131\u015ftay\u2019\u0131 a\u00e7\u0131l\u0131\u015f\u0131na kat\u0131ld\u0131. \u00c7al\u0131\u015ftayda T\u00fcrkiye ve d\u00fcnyada serac\u0131l\u0131\u011f\u0131n mevcut durumu, \u00fcretim <a href=\"https:\/\/akdenizhaber.com.tr\/index.php\/2024\/01\/22\/seracilik-sadece-tarimsal-faaliyet-degil-ayni-zamanda-sanayiciliktir\/\" class=\"read-more-link\">[more&#8230;]<\/a><\/p>\n","protected":false},"author":2,"featured_media":19921,"comment_status":"open","ping_status":"open","sticky":false,"template":"","format":"standard","meta":{"footnotes":""},"categories":[2],"tags":[],"class_list":["post-19920","post","type-post","status-publish","format-standard","has-post-thumbnail","hentry","category-gundem"],"_links":{"self":[{"href":"https:\/\/akdenizhaber.com.tr\/index.php\/wp-json\/wp\/v2\/posts\/19920","targetHints":{"allow":["GET"]}}],"collection":[{"href":"https:\/\/akdenizhaber.com.tr\/index.php\/wp-json\/wp\/v2\/posts"}],"about":[{"href":"https:\/\/akdenizhaber.com.tr\/index.php\/wp-json\/wp\/v2\/types\/post"}],"author":[{"embeddable":true,"href":"https:\/\/akdenizhaber.com.tr\/index.php\/wp-json\/wp\/v2\/users\/2"}],"replies":[{"embeddable":true,"href":"https:\/\/akdenizhaber.com.tr\/index.php\/wp-json\/wp\/v2\/comments?post=19920"}],"version-history":[{"count":0,"href":"https:\/\/akdenizhaber.com.tr\/index.php\/wp-json\/wp\/v2\/posts\/19920\/revisions"}],"wp:featuredmedia":[{"embeddable":true,"href":"https:\/\/akdenizhaber.com.tr\/index.php\/wp-json\/wp\/v2\/media\/19921"}],"wp:attachment":[{"href":"https:\/\/akdenizhaber.com.tr\/index.php\/wp-json\/wp\/v2\/media?parent=19920"}],"wp:term":[{"taxonomy":"category","embeddable":true,"href":"https:\/\/akdenizhaber.com.tr\/index.php\/wp-json\/wp\/v2\/categories?post=19920"},{"taxonomy":"post_tag","embeddable":true,"href":"https:\/\/akdenizhaber.com.tr\/index.php\/wp-json\/wp\/v2\/tags?post=19920"}],"curies":[{"name":"wp","href":"https:\/\/api.w.org\/{rel}","templated":true}]}}