{"id":19917,"date":"2024-01-22T13:05:57","date_gmt":"2024-01-22T10:05:57","guid":{"rendered":"https:\/\/akdenizhaber.com.tr\/?p=19917"},"modified":"2024-01-22T13:57:20","modified_gmt":"2024-01-22T10:57:20","slug":"eniste-umit-erdogangil","status":"publish","type":"post","link":"https:\/\/akdenizhaber.com.tr\/index.php\/2024\/01\/22\/eniste-umit-erdogangil\/","title":{"rendered":"EN\u0130\u015eTE\u2026                                                                                           \u201c\u00dcM\u0130T ERDO\u011eANG\u0130L\u201d.."},"content":{"rendered":"\n<figure class=\"wp-block-image size-full\"><img loading=\"lazy\" decoding=\"async\" width=\"510\" height=\"510\" src=\"https:\/\/akdenizhaber.com.tr\/wp-content\/uploads\/2024\/01\/UMIT.jpg\" alt=\"\" class=\"wp-image-19924\" srcset=\"https:\/\/akdenizhaber.com.tr\/wp-content\/uploads\/2024\/01\/UMIT.jpg 510w, https:\/\/akdenizhaber.com.tr\/wp-content\/uploads\/2024\/01\/UMIT-300x300.jpg 300w, https:\/\/akdenizhaber.com.tr\/wp-content\/uploads\/2024\/01\/UMIT-150x150.jpg 150w\" sizes=\"auto, (max-width: 510px) 100vw, 510px\" \/><\/figure>\n\n\n\n<p><br><\/p>\n\n\n\n<p>Eni\u015fte kelimesi yabanc\u0131 gibi gelir ilk ba\u015flarda insana..<br>Can\u0131n\u0131z ci\u011feriniz bac\u0131n\u0131z\u0131 emanet etti\u011finiz \u00f6m\u00fcr boyu ayn\u0131 yast\u0131\u011fa ba\u015f koyacak, ac\u0131s\u0131yla tatl\u0131s\u0131yla koskoca bir \u00f6mr\u00fc payla\u015facak ki\u015fidir eni\u015fte..<br>Ba\u015flang\u0131\u00e7ta yabanc\u0131 gibi g\u00f6rd\u00fc\u011f\u00fcn\u00fcz ki\u015fiyle ilerleyen zaman i\u00e7erisinde a\u011fabey, karde\u015f..<br>Can ci\u011fer dostlu\u011funuz ba\u015flar..<br>Eni\u015fte art\u0131k ailenin bir ferdidir..<br>Oda sizin ailenizi sizin kadar yak\u0131n g\u00f6r\u00fcr..<br>Kay\u0131npeder.. Kaynana..<br>Kay\u0131n\u00e7o ve bald\u0131z \u00fc\u00e7geninde koskoca bir ailenin temsilcisi olur eni\u015fte\u2026<br>\u0130\u015fte bunlardan biriydi benim eni\u015ftem..<br>Can\u0131m, ci\u011ferim karde\u015fim..<br>Bac\u0131m\u0131n 45 y\u0131ll\u0131k kocas\u0131, yol arkada\u015f\u0131..<br>Delikanl\u0131 ye\u011fenlerimin \u00e7ileke\u015f ve fedakar babas\u0131..<br>A\u00e7l\u0131kta, toklukta birlikte t\u00fcm zorluklara g\u00f6\u011f\u00fcs gererek 45 y\u0131ll\u0131k bir \u00f6mr\u00fc payla\u015ft\u0131lar bac\u0131mla birlikte..<br>Son y\u0131llar\u0131n\u0131 huzur ve mutlulukla ya\u015famak \u00e7oluk, \u00e7ocuk ve torunlarla ya\u015fanas\u0131 ama kahrolas\u0131 d\u00fcnya&#8217;y\u0131 g\u00fczelden yana tamamlamak istiyordu..<br>Olmad\u0131..<br>Allah ne derse o oluyor.<br>\u00d6l\u00fcm her fani i\u00e7in ka\u00e7\u0131n\u0131lmaz bir ger\u00e7ek, yakaland\u0131\u011f\u0131 hastal\u0131\u011f\u0131n pen\u00e7esinde bir haftaya yak\u0131n bir s\u00fcre yo\u011fun bak\u0131mda Azrail&#8217;e kar\u015f\u0131n direndi..<br>\u00d6lmemek ad\u0131na ya\u015famakt\u0131 amac\u0131.. Olmad\u0131.. \u00d6m\u00fcr denilen ya\u015fam\u0131n sonuna gelmi\u015fti..<br>Giderayak da\u011flad\u0131 y\u00fcreklerimizi.<br>Geride 45 y\u0131ll\u0131k e\u015fi, delikanl\u0131 \u00e7ocuklar\u0131 ve torunlar\u0131 kald\u0131..<br>Allah ne derse o olur..<br>Mekan\u0131n cennet olsun be eni\u015fte..<br>Mekan\u0131n cennet olsun g\u00fczel karde\u015fim..<br>45 y\u0131ll\u0131k eni\u015fte kay\u0131n\u00e7olu\u011fumuza \u00f6ylesine g\u00fczel \u015feyler s\u0131\u011fd\u0131rd\u0131k ki buradan sat\u0131rlarla ifade etmem m\u00fcmk\u00fcn de\u011fil..<br>Ac\u0131y\u0131 bal eyledik seninle..<br>Mutlulu\u011fu \u00e7ay barda\u011f\u0131m\u0131zda \u015feker tad\u0131nda ya\u015fad\u0131k.<br>Olmad\u0131 be eni\u015ftem..<br>Olmad\u0131.<br>Allah rahmet eylesin.. Rabbim bizlere sab\u0131rlar versin.<br>Haydi, kal\u0131n sa\u011fl\u0131cakla.<br>Her \u015fey y\u00fcre\u011finize g\u00f6re olsun..<\/p>\n","protected":false},"excerpt":{"rendered":"<p>Eni\u015fte kelimesi yabanc\u0131 gibi gelir ilk ba\u015flarda insana..Can\u0131n\u0131z ci\u011feriniz bac\u0131n\u0131z\u0131 emanet etti\u011finiz \u00f6m\u00fcr boyu ayn\u0131 yast\u0131\u011fa ba\u015f koyacak, ac\u0131s\u0131yla tatl\u0131s\u0131yla koskoca bir \u00f6mr\u00fc payla\u015facak ki\u015fidir <a href=\"https:\/\/akdenizhaber.com.tr\/index.php\/2024\/01\/22\/eniste-umit-erdogangil\/\" class=\"read-more-link\">[more&#8230;]<\/a><\/p>\n","protected":false},"author":2,"featured_media":19918,"comment_status":"open","ping_status":"open","sticky":false,"template":"","format":"standard","meta":{"footnotes":""},"categories":[2],"tags":[],"class_list":["post-19917","post","type-post","status-publish","format-standard","has-post-thumbnail","hentry","category-gundem"],"_links":{"self":[{"href":"https:\/\/akdenizhaber.com.tr\/index.php\/wp-json\/wp\/v2\/posts\/19917","targetHints":{"allow":["GET"]}}],"collection":[{"href":"https:\/\/akdenizhaber.com.tr\/index.php\/wp-json\/wp\/v2\/posts"}],"about":[{"href":"https:\/\/akdenizhaber.com.tr\/index.php\/wp-json\/wp\/v2\/types\/post"}],"author":[{"embeddable":true,"href":"https:\/\/akdenizhaber.com.tr\/index.php\/wp-json\/wp\/v2\/users\/2"}],"replies":[{"embeddable":true,"href":"https:\/\/akdenizhaber.com.tr\/index.php\/wp-json\/wp\/v2\/comments?post=19917"}],"version-history":[{"count":0,"href":"https:\/\/akdenizhaber.com.tr\/index.php\/wp-json\/wp\/v2\/posts\/19917\/revisions"}],"wp:featuredmedia":[{"embeddable":true,"href":"https:\/\/akdenizhaber.com.tr\/index.php\/wp-json\/wp\/v2\/media\/19918"}],"wp:attachment":[{"href":"https:\/\/akdenizhaber.com.tr\/index.php\/wp-json\/wp\/v2\/media?parent=19917"}],"wp:term":[{"taxonomy":"category","embeddable":true,"href":"https:\/\/akdenizhaber.com.tr\/index.php\/wp-json\/wp\/v2\/categories?post=19917"},{"taxonomy":"post_tag","embeddable":true,"href":"https:\/\/akdenizhaber.com.tr\/index.php\/wp-json\/wp\/v2\/tags?post=19917"}],"curies":[{"name":"wp","href":"https:\/\/api.w.org\/{rel}","templated":true}]}}