{"id":19887,"date":"2024-01-22T12:57:01","date_gmt":"2024-01-22T09:57:01","guid":{"rendered":"https:\/\/akdenizhaber.com.tr\/?p=19887"},"modified":"2024-01-22T12:57:01","modified_gmt":"2024-01-22T09:57:01","slug":"buyuksehir-belediyesinin-sut-yemi-destegi-suruyor","status":"publish","type":"post","link":"https:\/\/akdenizhaber.com.tr\/index.php\/2024\/01\/22\/buyuksehir-belediyesinin-sut-yemi-destegi-suruyor\/","title":{"rendered":"B\u00fcy\u00fck\u015fehir Belediyesi\u2019nin s\u00fct yemi deste\u011fi s\u00fcr\u00fcyor"},"content":{"rendered":"\n<p><\/p>\n\n\n\n<p>Antalya B\u00fcy\u00fck\u015fehir Belediyesi, artan \u00fcretim girdi maliyetlerine yeti\u015femeyen b\u00fcy\u00fckba\u015f hayvan yeti\u015ftiricilerine y\u00fczde 15 hibeli yem deste\u011fi sa\u011fl\u0131yor. B\u00fcy\u00fck\u015fehir Belediye Ba\u015fkan\u0131 Muhittin B\u00f6cek\u2019in se\u00e7im vaatleri aras\u0131nda yer alan proje kapsam\u0131nda Elmal\u0131\u2019n\u0131n \u00c7obanisa ve \u00c7ukurelma Mahallelerinde 7 \u00fcreticiye toplam 210 \u00e7uval s\u00fct yemi deste\u011finde bulunuldu.<\/p>\n\n\n\n<p>Antalya B\u00fcy\u00fck\u015fehir Belediye Ba\u015fkan\u0131 Muhittin B\u00f6cek\u2019in tar\u0131m ve hayvanc\u0131l\u0131\u011f\u0131n her alan\u0131nda \u00fcreticiye destek olan projeleri her ge\u00e7en g\u00fcn artarak devam ediyor. Ba\u015fkan B\u00f6cek\u2019in se\u00e7im vaatleri aras\u0131nda yer alan yem deste\u011fi k\u0131rsalda s\u00fct\u00fcretimi yapan \u00e7ift\u00e7ilere umut oldu. Tar\u0131msal Hizmetler Dairesi K\u0131rsal Kalk\u0131nma ve Kooperatif\u00e7ilik \u015eube M\u00fcd\u00fcrl\u00fc\u011f\u00fc proje kapsam\u0131nda 1 ila 5 tane sa\u011fmal b\u00fcy\u00fckba\u015f hayvan\u0131 olan \u00fcreticilere y\u0131l boyunca hayvan ba\u015f\u0131na iki ayda bir,y\u00fczde 15 hibeli 300 kilo yem deste\u011fi verilmeye devam edilecek.<\/p>\n\n\n\n<p><strong>\u00dcRETMEK, YET\u0130\u015eT\u0130RMEK \u00c7OK MAL\u0130YETL\u0130<\/strong><\/p>\n\n\n\n<p>\u00c7obanisa Mahallesi\u2019nde hayvanc\u0131l\u0131kla u\u011fra\u015fan \u00fcretici Salih \u00d6zdemir, yem fiyatlar\u0131n\u0131n maliyetlerinin \u00e7ok artt\u0131\u011f\u0131n\u0131 s\u00f6yleyerek, &#8220;Biz \u00fcreticiler olarak maliyetlerden dolay\u0131 \u00fcretmeyi b\u0131rakma noktas\u0131na geldik. Ge\u00e7en y\u0131l 1 kilogram saman\u0131 1 ekmek paras\u0131na ald\u0131k. Artan girdi maliyetleri kar\u015f\u0131s\u0131nda \u00e7ok zorlan\u0131yoruz. Bu zamana kadar bizlere hi\u00e7bir Belediye Ba\u015fkan\u0131 \u00fcretim konusunda destek olmad\u0131. B\u00fcy\u00fck\u015fehir Belediyesi\u2019nin s\u00fct yemi deste\u011fi projesini ilk duydu\u011fumda \u015fa\u015f\u0131rd\u0131m, inanamam\u0131\u015ft\u0131m. Ba\u015fvurumuzu yapt\u0131k,&nbsp; gereken evraklar\u0131 teslim ettikten sonra bug\u00fcn yemleri teslim al\u0131yoruz. B\u00fcy\u00fck\u015fehir Belediyemizin desteklerinden \u00e7ok memnunuz. Ba\u015fkan\u0131m\u0131z Muhittin B\u00f6cek\u2019e te\u015fekk\u00fcr ederiz &#8221; diye konu\u015ftu.&nbsp;<\/p>\n\n\n\n<p>DESTEKLER B\u0130Z\u0130M \u0130\u00c7\u0130N \u00c7OK \u00d6NEML\u0130<\/p>\n\n\n\n<p>Elmal\u0131 \u00c7obanisa\u2019daB\u00fcy\u00fck\u015fehir Belediyesi\u2019nin da\u011f\u0131tt\u0131\u011f\u0131 s\u00fct yemleri teslim alan di\u011fer besici Salih Kara &#8220;G\u00fcn\u00fcm\u00fczde \u00fcretmek \u00e7ok maliyetli. Bir\u00e7ok \u00fcreticimiz yeti\u015ftiricili\u011fi b\u0131rakmak zorunda kald\u0131. Bu mahallede her ge\u00e7en g\u00fcn \u00fcretim maalesef azalmakta. Bizlerde ayakta kalmak i\u00e7in direniyoruz. Biz \u00fcreticiler yapt\u0131\u011f\u0131m\u0131z eme\u011fin kar\u015f\u0131l\u0131\u011f\u0131n\u0131 almak istiyoruz. Dengesiz fiyat politikas\u0131 kar\u015f\u0131s\u0131nda eziliyoruz. Bu anlamda da destekler bizim i\u00e7in \u00e7ok de\u011ferli. B\u00fcy\u00fck\u015fehir Belediyesinin bizlere verdi\u011fi yem deste\u011fi maliyetlerimizin d\u00fc\u015fmesine katk\u0131 sa\u011flayacak. Verilen yemler protein de\u011feri a\u00e7\u0131s\u0131ndan olduk\u00e7a yeterli. S\u00fct veriminde art\u0131\u015f olaca\u011f\u0131n\u0131 d\u00fc\u015f\u00fcn\u00fcyorum. Biz \u00fcreticilerden deste\u011fini esirgemeyen B\u00fcy\u00fck\u015fehir Belediye Ba\u015fkan\u0131 Muhittin B\u00f6cek\u2019e \u00e7ok te\u015fekk\u00fcr ederiz&#8221; dedi.&nbsp;<\/p>\n\n\n\n<p>Antalya B\u00fcy\u00fck\u015fehir Belediyesi \/ b\u00fclten<\/p>\n","protected":false},"excerpt":{"rendered":"<p>Antalya B\u00fcy\u00fck\u015fehir Belediyesi, artan \u00fcretim girdi maliyetlerine yeti\u015femeyen b\u00fcy\u00fckba\u015f hayvan yeti\u015ftiricilerine y\u00fczde 15 hibeli yem deste\u011fi sa\u011fl\u0131yor. B\u00fcy\u00fck\u015fehir Belediye Ba\u015fkan\u0131 Muhittin B\u00f6cek\u2019in se\u00e7im vaatleri aras\u0131nda <a href=\"https:\/\/akdenizhaber.com.tr\/index.php\/2024\/01\/22\/buyuksehir-belediyesinin-sut-yemi-destegi-suruyor\/\" class=\"read-more-link\">[more&#8230;]<\/a><\/p>\n","protected":false},"author":2,"featured_media":19888,"comment_status":"open","ping_status":"open","sticky":false,"template":"","format":"standard","meta":{"footnotes":""},"categories":[2],"tags":[],"class_list":["post-19887","post","type-post","status-publish","format-standard","has-post-thumbnail","hentry","category-gundem"],"_links":{"self":[{"href":"https:\/\/akdenizhaber.com.tr\/index.php\/wp-json\/wp\/v2\/posts\/19887","targetHints":{"allow":["GET"]}}],"collection":[{"href":"https:\/\/akdenizhaber.com.tr\/index.php\/wp-json\/wp\/v2\/posts"}],"about":[{"href":"https:\/\/akdenizhaber.com.tr\/index.php\/wp-json\/wp\/v2\/types\/post"}],"author":[{"embeddable":true,"href":"https:\/\/akdenizhaber.com.tr\/index.php\/wp-json\/wp\/v2\/users\/2"}],"replies":[{"embeddable":true,"href":"https:\/\/akdenizhaber.com.tr\/index.php\/wp-json\/wp\/v2\/comments?post=19887"}],"version-history":[{"count":0,"href":"https:\/\/akdenizhaber.com.tr\/index.php\/wp-json\/wp\/v2\/posts\/19887\/revisions"}],"wp:featuredmedia":[{"embeddable":true,"href":"https:\/\/akdenizhaber.com.tr\/index.php\/wp-json\/wp\/v2\/media\/19888"}],"wp:attachment":[{"href":"https:\/\/akdenizhaber.com.tr\/index.php\/wp-json\/wp\/v2\/media?parent=19887"}],"wp:term":[{"taxonomy":"category","embeddable":true,"href":"https:\/\/akdenizhaber.com.tr\/index.php\/wp-json\/wp\/v2\/categories?post=19887"},{"taxonomy":"post_tag","embeddable":true,"href":"https:\/\/akdenizhaber.com.tr\/index.php\/wp-json\/wp\/v2\/tags?post=19887"}],"curies":[{"name":"wp","href":"https:\/\/api.w.org\/{rel}","templated":true}]}}