{"id":19884,"date":"2024-01-22T12:56:23","date_gmt":"2024-01-22T09:56:23","guid":{"rendered":"https:\/\/akdenizhaber.com.tr\/?p=19884"},"modified":"2024-01-22T12:56:23","modified_gmt":"2024-01-22T09:56:23","slug":"nostalji-tramvayi-bakim-nedeniyle-hizmet-veremeyecek","status":"publish","type":"post","link":"https:\/\/akdenizhaber.com.tr\/index.php\/2024\/01\/22\/nostalji-tramvayi-bakim-nedeniyle-hizmet-veremeyecek\/","title":{"rendered":"Nostalji Tramvay\u0131 bak\u0131m nedeniyle hizmet veremeyecek"},"content":{"rendered":"\n<p><\/p>\n\n\n\n<p>Antalya B\u00fcy\u00fck\u015fehri Belediyesi Nostalji Tramvay\u0131 bak\u0131m onar\u0131m \u00e7al\u0131\u015fmalar\u0131 nedeniyle 21 Ocak\u2019tan itibaren hizmet veremeyecek. Yap\u0131lacak \u00e7al\u0131\u015fma ile tramvay hatt\u0131 Cumhuriyet Meydan\u0131\u2019nda tek bir kota getirilerek, engelli bireylerin ula\u015f\u0131m\u0131n\u0131n kolayla\u015fmas\u0131 sa\u011flanacak. \u00c7al\u0131\u015fma s\u00fcresince Zerdalilik-M\u00fcze aras\u0131nda iki elektrikli otob\u00fcs yolcu ta\u015f\u0131yacak.<\/p>\n\n\n\n<p>Antalya B\u00fcy\u00fck\u015fehir Belediyesi, Nostalji Tramvay Hatt\u0131\u2019nda bak\u0131m ve onar\u0131m \u00e7al\u0131\u015fmas\u0131 ba\u015flat\u0131yor. 21 Ocak Pazar g\u00fcn\u00fc itibariyle ba\u015flayacak olan \u00e7al\u0131\u015fmalar kapsam\u0131nda, Saat Kulesi-Cumhuriyet Meydan\u0131-Selekler Kav\u015fa\u011f\u0131 aras\u0131ndaki b\u00f6lgelerde, Cumhuriyet Caddesi \u00f6n\u00fc Nostalji Tramvay yolunda kald\u0131r\u0131mlar aras\u0131ndaki kot fark\u0131 d\u00fczeltilecek. Ayr\u0131ca, Cumhuriyet Caddesi Selekler g\u00fczergah\u0131nda g\u00fcney y\u00f6nde bulunan mevcut kald\u0131r\u0131mlarda da yenileme \u00e7al\u0131\u015fmalar\u0131 yap\u0131lacak. Nostalji Tramvay\u0131, \u00e7al\u0131\u015fmalar s\u00fcresince ge\u00e7ici olarak hizmet veremeyecek.<\/p>\n\n\n\n<p>CUMHUR\u0130YET MEYDANI TEK B\u0130R KOTTA OLACAK<\/p>\n\n\n\n<p>Antalya B\u00fcy\u00fck\u015fehir Belediyesi Fen \u0130\u015fleri Dairesi Ba\u015fkan\u0131 Serkan Temu\u00e7in, Nostaljik tramvay hatt\u0131n\u0131n Cumhuriyet Meydan\u0131\u2019n\u0131n ortas\u0131ndan ge\u00e7mesinden dolay\u0131 engelli bireylerin meydana ula\u015fmas\u0131nda s\u0131k\u0131nt\u0131lar ya\u015fad\u0131klar\u0131n\u0131 s\u00f6yledi. Serkan Temu\u00e7in, nostaljik tramvay hatt\u0131nda yap\u0131lacak \u00e7al\u0131\u015fmalar\u0131 \u00e7ok h\u0131zl\u0131 bir \u015fekilde y\u00fcr\u00fcteceklerini belirterek, \u201cCumhuriyet Meydan\u0131\u2019n\u0131 tek bir kota getirerek, engelli bireylerin rahat bir ula\u015f\u0131ma kavu\u015fmas\u0131 sa\u011flanacak. \u00c7al\u0131\u015fmalar s\u00fcresince vatanda\u015flar\u0131n ma\u011fdur olmamas\u0131 ad\u0131na 2 adet elektrikli otob\u00fcs\u00fcm\u00fcz tramvay hatt\u0131na paralel olarak ring seferler d\u00fczenleyecek\u201d dedi.<\/p>\n\n\n\n<p>\u0130K\u0130 ADET ELETKR\u0130KL\u0130 OTOB\u00dcS \u0130LE R\u0130NG SEFERLER\u0130 D\u00dcZENLENECEK<\/p>\n\n\n\n<p>Bu \u00e7al\u0131\u015fmay\u0131 yaparken \u00e7evre d\u00fczenlemesi de yapacaklar\u0131n\u0131 dile getiren B\u00fcy\u00fck\u015fehir Belediyesi Fen \u0130\u015fleri Dairesi Ba\u015fkan\u0131 Temu\u00e7in, \u201cEskimi\u015f kald\u0131r\u0131mlar\u0131n hepsini yenileyek Cumhuriyet Meydan\u0131\u2019n\u0131 g\u00fczelle\u015ftirece\u011fiz. Cumhuriyet Meydan\u0131\u2019nda yapaca\u011f\u0131m\u0131z \u00e7al\u0131\u015fmalar\u0131 Ata\u2019m\u0131z\u0131n Antalya\u2019ya geli\u015fi olan 6 Mart tarihine kadar tamamlayaca\u011f\u0131z. Projenin yakla\u015f\u0131k maliyeti 30 milyon TL\u2019dir\u201d diye konu\u015ftu.<\/p>\n\n\n\n<p>Nostalji tramvay\u0131 hatt\u0131 \u00fczerinde (Zerdalilik-M\u00fcze aras\u0131)&nbsp; iki elektrikli otob\u00fcs normal yol \u00fczerinden tramvay saatlerinde kar\u015f\u0131l\u0131kl\u0131 ring yaparak yolcu ta\u015f\u0131maya devam edecek.<\/p>\n\n\n\n<p>Antalya B\u00fcy\u00fck\u015fehir Belediyesi \/ B\u00fclten<\/p>\n","protected":false},"excerpt":{"rendered":"<p>Antalya B\u00fcy\u00fck\u015fehri Belediyesi Nostalji Tramvay\u0131 bak\u0131m onar\u0131m \u00e7al\u0131\u015fmalar\u0131 nedeniyle 21 Ocak\u2019tan itibaren hizmet veremeyecek. Yap\u0131lacak \u00e7al\u0131\u015fma ile tramvay hatt\u0131 Cumhuriyet Meydan\u0131\u2019nda tek bir kota getirilerek, <a href=\"https:\/\/akdenizhaber.com.tr\/index.php\/2024\/01\/22\/nostalji-tramvayi-bakim-nedeniyle-hizmet-veremeyecek\/\" class=\"read-more-link\">[more&#8230;]<\/a><\/p>\n","protected":false},"author":2,"featured_media":19885,"comment_status":"open","ping_status":"open","sticky":false,"template":"","format":"standard","meta":{"footnotes":""},"categories":[2],"tags":[],"class_list":["post-19884","post","type-post","status-publish","format-standard","has-post-thumbnail","hentry","category-gundem"],"_links":{"self":[{"href":"https:\/\/akdenizhaber.com.tr\/index.php\/wp-json\/wp\/v2\/posts\/19884","targetHints":{"allow":["GET"]}}],"collection":[{"href":"https:\/\/akdenizhaber.com.tr\/index.php\/wp-json\/wp\/v2\/posts"}],"about":[{"href":"https:\/\/akdenizhaber.com.tr\/index.php\/wp-json\/wp\/v2\/types\/post"}],"author":[{"embeddable":true,"href":"https:\/\/akdenizhaber.com.tr\/index.php\/wp-json\/wp\/v2\/users\/2"}],"replies":[{"embeddable":true,"href":"https:\/\/akdenizhaber.com.tr\/index.php\/wp-json\/wp\/v2\/comments?post=19884"}],"version-history":[{"count":0,"href":"https:\/\/akdenizhaber.com.tr\/index.php\/wp-json\/wp\/v2\/posts\/19884\/revisions"}],"wp:featuredmedia":[{"embeddable":true,"href":"https:\/\/akdenizhaber.com.tr\/index.php\/wp-json\/wp\/v2\/media\/19885"}],"wp:attachment":[{"href":"https:\/\/akdenizhaber.com.tr\/index.php\/wp-json\/wp\/v2\/media?parent=19884"}],"wp:term":[{"taxonomy":"category","embeddable":true,"href":"https:\/\/akdenizhaber.com.tr\/index.php\/wp-json\/wp\/v2\/categories?post=19884"},{"taxonomy":"post_tag","embeddable":true,"href":"https:\/\/akdenizhaber.com.tr\/index.php\/wp-json\/wp\/v2\/tags?post=19884"}],"curies":[{"name":"wp","href":"https:\/\/api.w.org\/{rel}","templated":true}]}}