{"id":19870,"date":"2024-01-20T13:36:24","date_gmt":"2024-01-20T10:36:24","guid":{"rendered":"https:\/\/akdenizhaber.com.tr\/?p=19870"},"modified":"2024-01-20T13:36:25","modified_gmt":"2024-01-20T10:36:25","slug":"antalya-m-egitim-mudurlugune-kaygusuz-atandi","status":"publish","type":"post","link":"https:\/\/akdenizhaber.com.tr\/index.php\/2024\/01\/20\/antalya-m-egitim-mudurlugune-kaygusuz-atandi\/","title":{"rendered":"Antalya M.E\u011fitim M\u00fcd\u00fcrl\u00fc\u011f\u00fc\u2019ne Kaygusuz Atand\u0131"},"content":{"rendered":"\n<p><\/p>\n\n\n\n<p>Resmi Gazete&#8217;de Cumhurba\u015fkan\u0131 Recep Tayyip Erdo\u011fan&#8217;\u0131n imzas\u0131yla, aralar\u0131nda Antalya\u2019n\u0131n da bulundu\u011fu 28 ile yeni il milli e\u011fitim m\u00fcd\u00fcrleri atand\u0131.<\/p>\n\n\n\n<p>Resmi Gazete&#8217;de yay\u0131mlanan karara g\u00f6re, Antalya \u0130l Milli E\u011fitim M\u00fcd\u00fcrl\u00fc\u011f\u00fc\u2019ne Erzurum \u0130l Milli E\u011fitim M\u00fcd\u00fcr\u00fc Salih Kaygusuz atand\u0131.<\/p>\n\n\n\n<p>SAL\u0130H KAYGUSUZ K\u0130MD\u0130R?<\/p>\n\n\n\n<p>Erzurum Oltu il\u00e7esi\u2019nde do\u011fdu. \u0130lk, orta ve lise e\u011fitimini Erzurum\u2019da tamamlad\u0131. Atat\u00fcrk \u00dcniversitesi Fen Edebiyat Fak\u00fcltesi Co\u011frafya B\u00f6l\u00fcm\u00fc\u2019nden 1999\u2019da mezun oldu. Atat\u00fcrk \u00dcniversitesi Sosyal Bilimler Enstit\u00fcs\u00fc T\u00fcrkiye Co\u011frafyas\u0131 Ana Bilim Dal\u0131\u2019nda Y\u00fcksek Lisans \u00e7al\u0131\u015fmas\u0131n\u0131 tamamlayarak Anadolu \u00dcniversitesi \u0130ktisat Fak\u00fcltesi Kamu Y\u00f6netimi B\u00f6l\u00fcm\u00fc\u2019n\u00fc bitirdi.<\/p>\n\n\n\n<p>Erzurum Oltu il\u00e7esi Esen yama\u00e7 \u0130lk\u00f6\u011fretim Okulunda 1999\u2019da \u00f6\u011fretmenlik g\u00f6revine ba\u015flad\u0131. \u0130lerleyen y\u0131llarda \u00e7e\u015fitli okullarda m\u00fcd\u00fcr yard\u0131mc\u0131l\u0131\u011f\u0131 ve okul m\u00fcd\u00fcrl\u00fc\u011f\u00fc yapt\u0131.&nbsp; 2013-2015 y\u0131llar\u0131 aras\u0131nda Kredi ve Yurtlar Kurumu Genel M\u00fcd\u00fcrl\u00fc\u011f\u00fcnde \u015fube m\u00fcd\u00fcrl\u00fc\u011f\u00fc, 2015\u20132018 y\u0131llar\u0131 aras\u0131nda da Y\u00fcksek \u00d6\u011frenim Kredi ve Yurtlar Kurumu Erzurum B\u00f6lge M\u00fcd\u00fcrl\u00fc\u011f\u00fc ve 2018-2023 y\u0131llar\u0131 aras\u0131nda Erzurum \u0130l M\u00fcd\u00fcrl\u00fc\u011f\u00fc g\u00f6revlerinde bulundu.<\/p>\n\n\n\n<p>(Haber Merkezi)<\/p>\n","protected":false},"excerpt":{"rendered":"<p>Resmi Gazete&#8217;de Cumhurba\u015fkan\u0131 Recep Tayyip Erdo\u011fan&#8217;\u0131n imzas\u0131yla, aralar\u0131nda Antalya\u2019n\u0131n da bulundu\u011fu 28 ile yeni il milli e\u011fitim m\u00fcd\u00fcrleri atand\u0131. Resmi Gazete&#8217;de yay\u0131mlanan karara g\u00f6re, Antalya <a href=\"https:\/\/akdenizhaber.com.tr\/index.php\/2024\/01\/20\/antalya-m-egitim-mudurlugune-kaygusuz-atandi\/\" class=\"read-more-link\">[more&#8230;]<\/a><\/p>\n","protected":false},"author":2,"featured_media":19871,"comment_status":"open","ping_status":"open","sticky":false,"template":"","format":"standard","meta":{"footnotes":""},"categories":[2],"tags":[],"class_list":["post-19870","post","type-post","status-publish","format-standard","has-post-thumbnail","hentry","category-gundem"],"_links":{"self":[{"href":"https:\/\/akdenizhaber.com.tr\/index.php\/wp-json\/wp\/v2\/posts\/19870","targetHints":{"allow":["GET"]}}],"collection":[{"href":"https:\/\/akdenizhaber.com.tr\/index.php\/wp-json\/wp\/v2\/posts"}],"about":[{"href":"https:\/\/akdenizhaber.com.tr\/index.php\/wp-json\/wp\/v2\/types\/post"}],"author":[{"embeddable":true,"href":"https:\/\/akdenizhaber.com.tr\/index.php\/wp-json\/wp\/v2\/users\/2"}],"replies":[{"embeddable":true,"href":"https:\/\/akdenizhaber.com.tr\/index.php\/wp-json\/wp\/v2\/comments?post=19870"}],"version-history":[{"count":0,"href":"https:\/\/akdenizhaber.com.tr\/index.php\/wp-json\/wp\/v2\/posts\/19870\/revisions"}],"wp:featuredmedia":[{"embeddable":true,"href":"https:\/\/akdenizhaber.com.tr\/index.php\/wp-json\/wp\/v2\/media\/19871"}],"wp:attachment":[{"href":"https:\/\/akdenizhaber.com.tr\/index.php\/wp-json\/wp\/v2\/media?parent=19870"}],"wp:term":[{"taxonomy":"category","embeddable":true,"href":"https:\/\/akdenizhaber.com.tr\/index.php\/wp-json\/wp\/v2\/categories?post=19870"},{"taxonomy":"post_tag","embeddable":true,"href":"https:\/\/akdenizhaber.com.tr\/index.php\/wp-json\/wp\/v2\/tags?post=19870"}],"curies":[{"name":"wp","href":"https:\/\/api.w.org\/{rel}","templated":true}]}}