{"id":19864,"date":"2024-01-20T13:38:54","date_gmt":"2024-01-20T10:38:54","guid":{"rendered":"https:\/\/akdenizhaber.com.tr\/?p=19864"},"modified":"2024-01-20T13:38:54","modified_gmt":"2024-01-20T10:38:54","slug":"halkin-doktoru-halkla-beraber","status":"publish","type":"post","link":"https:\/\/akdenizhaber.com.tr\/index.php\/2024\/01\/20\/halkin-doktoru-halkla-beraber\/","title":{"rendered":"Halk\u0131n Doktoru, Halkla Beraber"},"content":{"rendered":"\n<p><\/p>\n\n\n\n<p>25 ve 26.d\u00f6nem CHP Antalya Eski Milletvekili Doktor Niyazi Nefi Kara, Manavgat Belediye ba\u015fkan adayl\u0131\u011f\u0131 kesinle\u015ftikten sonra halkla bulu\u015fmalar\u0131na start verdi.<\/p>\n\n\n\n<p>Her sabah bir mahalle ve en az \u00fc\u00e7 k\u00f6y ziyareti ile halkla bulu\u015fmalar\u0131n\u0131 s\u00fcrd\u00fcren Halk\u0131n doktoru Niyazi Nefi Kara, ge\u00e7ti\u011fimiz Cumartesi g\u00fcn\u00fc Manavgat Belediyesi Atat\u00fcrk K\u00fclt\u00fcr merkezinde yo\u011fun bir kalabal\u0131\u011f\u0131n kat\u0131l\u0131m\u0131 ile halkla bulu\u015fma toplant\u0131s\u0131 d\u00fczenledi.<\/p>\n\n\n\n<p>Vatanda\u015flar\u0131n yo\u011fun ilgi g\u00f6sterdi\u011fi halk bulu\u015fmas\u0131na g\u00f6sterilen yo\u011fun ilgiye te\u015fekk\u00fcr eden Halk\u0131n doktoru Niyazi Nefi Kara, \u201cSe\u00e7im \u00e7al\u0131\u015fmalar\u0131m\u0131z t\u00fcm h\u0131z\u0131yla devam ediyor, her g\u00fcn en 3 programla halk\u0131m\u0131zla bulu\u015fmaya ve Manavgat\u2019a yapaca\u011f\u0131m\u0131z hizmetleri anlatmaya devam ediyoruz. CHP \u0130l\u00e7e Ba\u015fkan\u0131m\u0131z Oykun Ba\u015far, Se\u00e7im Komitesi Ba\u015fkan\u0131m\u0131z Abbas Tarak\u00e7\u0131, y\u00f6netim kurulu ve se\u00e7im kurulu \u00fcyelerimiz, kad\u0131n ve gen\u00e7lik kollar\u0131m\u0131z ile birlikte halkla bulu\u015fmalar\u0131m\u0131z devam edecek, bizleri yo\u011fun ilgiyle kar\u015f\u0131lay\u0131p ba\u011f\u0131rlar\u0131na basan sevgili Manavgat halk\u0131na sonsuz te\u015fekk\u00fcrlerimi sunuyorum. Bug\u00fcn burada yine ayn\u0131 yo\u011funlukla b\u00fcy\u00fck kat\u0131l\u0131m\u0131n olmas\u0131 bize g\u00fc\u00e7 verdi t\u00fcm kat\u0131lanlara ve partili dostlar\u0131ma y\u00fcrekten te\u015fekk\u00fcr ediyorum\u201d dedi.<\/p>\n\n\n\n<p>Niyazi Nefi Kara doktorluk mesle\u011finde zirveye \u00e7\u0131kmas\u0131n\u0131n yan\u0131 s\u0131ra 25 ve 26 d\u00f6nem milletvekilli\u011fi d\u00f6neminde meclisin renkli ve \u00e7ok \u00e7al\u0131\u015fan milletvekili olarak tarihteki yerini alm\u0131\u015ft\u0131.<\/p>\n\n\n\n<p>Bir sonraki d\u00f6nemde yeniden milletvekili aday aday\u0131 olmas\u0131na kar\u015f\u0131n aday olarak g\u00f6sterilmeyen Niyazi Nefi Kara, partideki m\u00fccadelesini ve \u00e7al\u0131\u015fmalar\u0131n\u0131 devam ettirerek Manavgat Belediye ba\u015fkan aday aday\u0131 olarak \u201cManavgat\u2019a hizmet borcum var, ben bu borcu yerine getirmek, Manavgat\u2019\u0131 daha \u00e7a\u011fda\u015f ve ya\u015fanabilir bir kent olmas\u0131 ad\u0131na \u00e7al\u0131\u015fma yapmak i\u00e7in parti te\u015fkilat\u0131m ve yol arkada\u015flar\u0131mla birlikte el ele g\u00f6n\u00fcl g\u00f6n\u00fcle vererek hizmete talip oldum. Parti genel merkezimde beni bu g\u00f6reve lay\u0131k g\u00f6rerek aday g\u00f6sterdi 31 Mart ak\u015fam\u0131na kadar ekibimle birlikte 24 saat \u00e7al\u0131\u015farak 1 Nisan sabah\u0131 Manavgat\u2019ta yeni bir d\u00f6nemin ba\u015flayaca\u011f\u0131na inan\u0131yorum\u201d diyerek t\u00fcm kat\u0131l\u0131mc\u0131lara y\u00fcrek dolusu te\u015fekk\u00fcrler etti.<\/p>\n\n\n\n<p>Niyazi Nefi Kara Kimdir ?<\/p>\n\n\n\n<p>20.08.1969 tarihinde Antalya Manavgat\u2019ta do\u011fdu.<br>\u0130lk\u00f6\u011frenimini Hatipler K\u00f6y\u00fc \u0130lkokulunda ve Manavgat Ortaokulunda g\u00f6rd\u00fc. Orta\u00f6\u011frenimini Manavgat Lisesi ve Antalya Lisesi\u2019nde g\u00f6rd\u00fc.1991 y\u0131l\u0131nda Adana \u00c7ukurova \u00dcniversitesi T\u0131p Fak\u00fcltesi\u2019nden mezun oldu.<br>1992 y\u0131l\u0131nda Erzurum\u2019un \u015eenkaya il\u00e7esinde mecburi hizmetini ger\u00e7ekle\u015ftirdikten sonra, 1993 y\u0131l\u0131nda Adana\u2019n\u0131n Karaisal\u0131 il\u00e7esinde pratisyen hekim olarak g\u00f6rev yapt\u0131.<br>1994-2000 y\u0131llar\u0131 aras\u0131nda S\u00fcleyman Demirel \u00dcniversitesi T\u0131p Fak\u00fcltesi\u2019nde Beyin ve Sinir Cerrahisi Anabilim Dal\u0131\u2019nda t\u0131p uzmanl\u0131\u011f\u0131 e\u011fitimi g\u00f6rd\u00fc.<br>2001-2004 y\u0131llar\u0131 aras\u0131nda Ayd\u0131n SSK B\u00f6lge Hastanesinde, 2004-2008 y\u0131llar\u0131 aras\u0131nda da Denizli SSK B\u00f6lge Hastanesi\u2019nde (Servergazi Devlet Hastanesi) Beyin ve Sinir Cerrahisi uzman\u0131 olarak g\u00f6rev yapt\u0131.<br>2008-2010 y\u0131llar\u0131 aras\u0131nda Antalya Medical Park Hastanesi\u2019nde Beyin ve Sinir Cerrahisi Uzman\u0131 olarak \u00e7al\u0131\u015ft\u0131.<br>2010-2015 y\u0131llar\u0131 aras\u0131nda Antalya E\u011fitim Ara\u015ft\u0131rma Hastanesi\u2019nde Beyin ve Sinir Cerrahisi Uzman\u0131 olarak g\u00f6rev yapt\u0131.<br>10 \u015eubat 2015 tarihinde Cumhuriyet Halk Partisi\u2019nden Antalya milletvekili aday aday\u0131 olabilmek i\u00e7in g\u00f6revinden istifa etti.<br>\u00dcniversite y\u0131llar\u0131nda \u00c7ukurova \u00dcniversitesi T\u0131p Fak\u00fcltesi \u00d6\u011frencileri Derne\u011fi y\u00f6neticili\u011fi yapan Niyazi Nefi Kara, 1994-2000 y\u0131llar\u0131 aras\u0131nda G\u00f6ller B\u00f6lgesi N\u00f6rolojik Bilimler Derne\u011fi kurucu \u00fcyeli\u011fi, 1996-2000 y\u0131llar\u0131 aras\u0131nda T\u00fcrkiye Beyin Ara\u015ft\u0131rmalar\u0131 Derne\u011fi kurucu \u00fcyeli\u011fi, 2000-2004 y\u0131llar\u0131 aras\u0131nda da Sa\u011fl\u0131k Emek\u00e7ileri Sendikas\u0131 (SES) y\u00f6neticili\u011fi yapm\u0131\u015ft\u0131r.<br>2007 ve 2011 Milletvekilli\u011fi Genel Se\u00e7imlerinde Cumhuriyet Halk Partisi\u2019nden Antalya milletvekili aday aday\u0131 olmu\u015ftur.<br>2011-2012 eve 2014-2015 y\u0131llar\u0131 aras\u0131nda Antalya Tabip Odas\u0131 y\u00f6netim kurulu \u00fcyeli\u011fine se\u00e7ilen Niyazi Nefi Kara, Antalya Tabip Odas\u0131 ad\u0131na Antalya Demokrasi G\u00fc\u00e7leri Platformu ve Antalya E\u015fg\u00fcd\u00fcm Kurulu \u00fcyeli\u011fi yapm\u0131\u015ft\u0131r.<br>2013 y\u0131l\u0131ndan bu yana Antalya Halkevi Denetleme Kurulu Ba\u015fkanl\u0131\u011f\u0131 ve Antalya Lisesi Mezunlar\u0131 Vakf\u0131 Y\u00f6netim Kurulu \u00fcyelikleri g\u00f6revini y\u00fcr\u00fcten Niyazi Nefi Kara, ayn\u0131 zamanda Atat\u00fcrk\u00e7\u00fc D\u00fc\u015f\u00fcnce Derne\u011fi, Hasta Haklar\u0131 Derne\u011fi ve T\u00fcrk N\u00f6ro\u015firurji Derne\u011fi\u2019ne \u00fcyedir.<br>2007 y\u0131l\u0131nda Almanya\u2019n\u0131n Essen Eyaleti\u2019nde Kapal\u0131 Bel F\u0131t\u0131\u011f\u0131 \u00fczerine e\u011fitim alan, \u00e7ok say\u0131da ulusal ve uluslararas\u0131 makalesi bulunan Niyazi Nefi Kara, orta seviyede \u0130ngilizce ve Almanca bilmektedir.<br>Ayl\u0131k Kakt\u00fcs Dergisi\u2019nde \u201cHalk\u0131n Sa\u011fl\u0131k Hakk\u0131 Vard\u0131r, Alacakt\u0131r!\u201d ba\u015fl\u0131\u011f\u0131 alt\u0131nda sa\u011fl\u0131k politikalar\u0131na ili\u015fkin k\u00f6\u015fe yaz\u0131lar\u0131 yazmaktad\u0131r.<br>Niyazi Nefi KARA, Anestezi ve Reanimasyon Uzman\u0131 Hacer Ceyhan KARA ile evli olup, \u0130pek ve&nbsp; Ali \u00c7a\u011f\u0131n ad\u0131nda iki \u00e7ocu\u011fu vard\u0131r.<\/p>\n\n\n\n<p>(Haber Merkezi)<\/p>\n","protected":false},"excerpt":{"rendered":"<p>25 ve 26.d\u00f6nem CHP Antalya Eski Milletvekili Doktor Niyazi Nefi Kara, Manavgat Belediye ba\u015fkan adayl\u0131\u011f\u0131 kesinle\u015ftikten sonra halkla bulu\u015fmalar\u0131na start verdi. Her sabah bir mahalle <a href=\"https:\/\/akdenizhaber.com.tr\/index.php\/2024\/01\/20\/halkin-doktoru-halkla-beraber\/\" class=\"read-more-link\">[more&#8230;]<\/a><\/p>\n","protected":false},"author":2,"featured_media":19865,"comment_status":"open","ping_status":"open","sticky":false,"template":"","format":"standard","meta":{"footnotes":""},"categories":[2],"tags":[],"class_list":["post-19864","post","type-post","status-publish","format-standard","has-post-thumbnail","hentry","category-gundem"],"_links":{"self":[{"href":"https:\/\/akdenizhaber.com.tr\/index.php\/wp-json\/wp\/v2\/posts\/19864","targetHints":{"allow":["GET"]}}],"collection":[{"href":"https:\/\/akdenizhaber.com.tr\/index.php\/wp-json\/wp\/v2\/posts"}],"about":[{"href":"https:\/\/akdenizhaber.com.tr\/index.php\/wp-json\/wp\/v2\/types\/post"}],"author":[{"embeddable":true,"href":"https:\/\/akdenizhaber.com.tr\/index.php\/wp-json\/wp\/v2\/users\/2"}],"replies":[{"embeddable":true,"href":"https:\/\/akdenizhaber.com.tr\/index.php\/wp-json\/wp\/v2\/comments?post=19864"}],"version-history":[{"count":0,"href":"https:\/\/akdenizhaber.com.tr\/index.php\/wp-json\/wp\/v2\/posts\/19864\/revisions"}],"wp:featuredmedia":[{"embeddable":true,"href":"https:\/\/akdenizhaber.com.tr\/index.php\/wp-json\/wp\/v2\/media\/19865"}],"wp:attachment":[{"href":"https:\/\/akdenizhaber.com.tr\/index.php\/wp-json\/wp\/v2\/media?parent=19864"}],"wp:term":[{"taxonomy":"category","embeddable":true,"href":"https:\/\/akdenizhaber.com.tr\/index.php\/wp-json\/wp\/v2\/categories?post=19864"},{"taxonomy":"post_tag","embeddable":true,"href":"https:\/\/akdenizhaber.com.tr\/index.php\/wp-json\/wp\/v2\/tags?post=19864"}],"curies":[{"name":"wp","href":"https:\/\/api.w.org\/{rel}","templated":true}]}}