{"id":19824,"date":"2024-01-19T13:35:04","date_gmt":"2024-01-19T10:35:04","guid":{"rendered":"https:\/\/akdenizhaber.com.tr\/?p=19824"},"modified":"2024-01-19T13:35:04","modified_gmt":"2024-01-19T10:35:04","slug":"gunubirlik-evlere-siki-denetim-il-genelinde-eszamanli-denetim-yapildi","status":"publish","type":"post","link":"https:\/\/akdenizhaber.com.tr\/index.php\/2024\/01\/19\/gunubirlik-evlere-siki-denetim-il-genelinde-eszamanli-denetim-yapildi\/","title":{"rendered":"G\u00fcn\u00fcbirlik Evlere S\u0131k\u0131 Denetim                                              \u0130l genelinde e\u015fzamanl\u0131 denetim yap\u0131ld\u0131"},"content":{"rendered":"\n<p><\/p>\n\n\n\n<p>Antalya \u0130l Emniyet M\u00fcd\u00fcrl\u00fc\u011f\u00fc birimlerince, il genelinde mevcut huzur ve g\u00fcven ortam\u0131n\u0131n devam\u0131n\u0131n sa\u011flanmas\u0131 amac\u0131yla &#8220;G\u00fcn\u00fcbirlik Kiralanan Evlere&#8221; y\u00f6nelik 47 ekip ve&nbsp; 104 personelin kat\u0131l\u0131m\u0131 ile e\u015fzamanl\u0131 yap\u0131lan denetimlerde, 651 g\u00fcn\u00fcbirlik konaklama yeri kontrol edildi.<\/p>\n\n\n\n<p>10&nbsp; i\u015fletmeye &#8220;Konaklama Kayd\u0131 Yapmamaktan&#8221; 1 \u015fahsa ise &#8220;Kay\u0131t D\u0131\u015f\u0131 Kiralama Yapmaktan&#8221; cezai i\u015flem uyguland\u0131.<\/p>\n\n\n\n<p>&nbsp;Genel g\u00fcvenlik ve halk sa\u011fl\u0131\u011f\u0131 a\u00e7\u0131s\u0131ndan risk te\u015fkil eden unsurlar\u0131n engellenmesi, su\u00e7a kar\u0131\u015fm\u0131\u015f ki\u015filerin yakalanmas\u0131, kay\u0131t d\u0131\u015f\u0131 ticaret ile m\u00fccadele edilmesi kapsam\u0131ndaki \u00e7al\u0131\u015fmalar\u0131n ayn\u0131 kararl\u0131l\u0131kla devam edece\u011fi ifade edildi.<\/p>\n\n\n\n<p>(Haber Merkezi)<\/p>\n","protected":false},"excerpt":{"rendered":"<p>Antalya \u0130l Emniyet M\u00fcd\u00fcrl\u00fc\u011f\u00fc birimlerince, il genelinde mevcut huzur ve g\u00fcven ortam\u0131n\u0131n devam\u0131n\u0131n sa\u011flanmas\u0131 amac\u0131yla &#8220;G\u00fcn\u00fcbirlik Kiralanan Evlere&#8221; y\u00f6nelik 47 ekip ve&nbsp; 104 personelin kat\u0131l\u0131m\u0131 <a href=\"https:\/\/akdenizhaber.com.tr\/index.php\/2024\/01\/19\/gunubirlik-evlere-siki-denetim-il-genelinde-eszamanli-denetim-yapildi\/\" class=\"read-more-link\">[more&#8230;]<\/a><\/p>\n","protected":false},"author":2,"featured_media":19825,"comment_status":"open","ping_status":"open","sticky":false,"template":"","format":"standard","meta":{"footnotes":""},"categories":[2],"tags":[],"class_list":["post-19824","post","type-post","status-publish","format-standard","has-post-thumbnail","hentry","category-gundem"],"_links":{"self":[{"href":"https:\/\/akdenizhaber.com.tr\/index.php\/wp-json\/wp\/v2\/posts\/19824","targetHints":{"allow":["GET"]}}],"collection":[{"href":"https:\/\/akdenizhaber.com.tr\/index.php\/wp-json\/wp\/v2\/posts"}],"about":[{"href":"https:\/\/akdenizhaber.com.tr\/index.php\/wp-json\/wp\/v2\/types\/post"}],"author":[{"embeddable":true,"href":"https:\/\/akdenizhaber.com.tr\/index.php\/wp-json\/wp\/v2\/users\/2"}],"replies":[{"embeddable":true,"href":"https:\/\/akdenizhaber.com.tr\/index.php\/wp-json\/wp\/v2\/comments?post=19824"}],"version-history":[{"count":0,"href":"https:\/\/akdenizhaber.com.tr\/index.php\/wp-json\/wp\/v2\/posts\/19824\/revisions"}],"wp:featuredmedia":[{"embeddable":true,"href":"https:\/\/akdenizhaber.com.tr\/index.php\/wp-json\/wp\/v2\/media\/19825"}],"wp:attachment":[{"href":"https:\/\/akdenizhaber.com.tr\/index.php\/wp-json\/wp\/v2\/media?parent=19824"}],"wp:term":[{"taxonomy":"category","embeddable":true,"href":"https:\/\/akdenizhaber.com.tr\/index.php\/wp-json\/wp\/v2\/categories?post=19824"},{"taxonomy":"post_tag","embeddable":true,"href":"https:\/\/akdenizhaber.com.tr\/index.php\/wp-json\/wp\/v2\/tags?post=19824"}],"curies":[{"name":"wp","href":"https:\/\/api.w.org\/{rel}","templated":true}]}}