{"id":19803,"date":"2024-01-19T13:30:49","date_gmt":"2024-01-19T10:30:49","guid":{"rendered":"https:\/\/akdenizhaber.com.tr\/?p=19803"},"modified":"2024-01-19T13:30:50","modified_gmt":"2024-01-19T10:30:50","slug":"konyaaltindan-cocuklara-tatil-hediyesi","status":"publish","type":"post","link":"https:\/\/akdenizhaber.com.tr\/index.php\/2024\/01\/19\/konyaaltindan-cocuklara-tatil-hediyesi\/","title":{"rendered":"Konyaalt\u0131&#8217;ndan \u00e7ocuklara tatil hediyesi"},"content":{"rendered":"\n<p><\/p>\n\n\n\n<p>Konyaalt\u0131 Belediyesi\u2019nin \u00e7ocuklar i\u00e7in haz\u0131rlad\u0131\u011f\u0131 \u201cHamsi Bal\u0131\u011f\u0131 ve Sihirli \u00c7i\u00e7ek\u201d adl\u0131 tiyatro oyunu, s\u00f6mestir tatiline girecek \u00e7ocuklar i\u00e7in bu hafta sonu yeniden sahnelenecek<\/p>\n\n\n\n<p>Konyaalt\u0131 Belediyesi Tiyatro Akademisi\u2019nin \u00e7ocuklar i\u00e7in sahneledi\u011fi \u2018\u2019Hamsi Bal\u0131\u011f\u0131 ve Sihirli \u00c7i\u00e7ek\u2019\u2019 adl\u0131 tiyatro oyunu, yar\u0131y\u0131l tatiline girecek olan \u00e7ocuklar i\u00e7in yeniden sahneleniyor. \u00c7ocuklar taraf\u0131ndan \u00e7ok sevilen oyun, cumartesi ve pazar g\u00fcnleri saat 14.30\u2019da Naz\u0131m Hikmet Kongre ve Fuar Merkezi\u2019nde g\u00f6sterime girecek.<br><br>\u0130Y\u0130 SEY\u0130RLER \u00c7OCUKLAR<br><br>Konyaalt\u0131 Belediye Ba\u015fkan\u0131 Semih Esen, g\u00f6reve geldikleri g\u00fcnden beri k\u00fclt\u00fcr ve sanat etkinliklerine &nbsp; \u00f6nem verdiklerini belirterek, Konyaalt\u0131 Belediyesi Tiyatro Akademisi\u2019nin \u00e7ocuklar ve yeti\u015fkinler i\u00e7in \u00f6zel oyunlar haz\u0131rlad\u0131klar\u0131n\u0131 s\u00f6yledi. S\u00f6mestir tatiline girecek \u00e7ocuklar\u0131 tatil hediyesi olarak tiyatro ile bulu\u015fturacaklar\u0131n\u0131 dile getiren Ba\u015fkan Esen, \u201cHafta sonu \u00fccretsiz olarak sahneleyece\u011fimiz \u00e7ocuk oyunumuz Hamsi Bal\u0131\u011f\u0131 ve Sihirli \u00c7i\u00e7ek\u2019e t\u00fcm \u00e7ocuklar\u0131m\u0131z\u0131 bekliyoruz. Tatilinizin keyifli bir \u015fekilde ge\u00e7mesi i\u00e7in bizler de \u00e7ok sevilen oyunumuzu sizler i\u00e7in yeniden sahnelemek istedik. \u0130yi seyirler \u00e7ocuklar\u201d dedi.<\/p>\n\n\n\n<p>Konyaalt\u0131 Belediyesi \/ B\u00fclten<\/p>\n","protected":false},"excerpt":{"rendered":"<p>Konyaalt\u0131 Belediyesi\u2019nin \u00e7ocuklar i\u00e7in haz\u0131rlad\u0131\u011f\u0131 \u201cHamsi Bal\u0131\u011f\u0131 ve Sihirli \u00c7i\u00e7ek\u201d adl\u0131 tiyatro oyunu, s\u00f6mestir tatiline girecek \u00e7ocuklar i\u00e7in bu hafta sonu yeniden sahnelenecek Konyaalt\u0131 Belediyesi <a href=\"https:\/\/akdenizhaber.com.tr\/index.php\/2024\/01\/19\/konyaaltindan-cocuklara-tatil-hediyesi\/\" class=\"read-more-link\">[more&#8230;]<\/a><\/p>\n","protected":false},"author":2,"featured_media":19804,"comment_status":"open","ping_status":"open","sticky":false,"template":"","format":"standard","meta":{"footnotes":""},"categories":[2],"tags":[],"class_list":["post-19803","post","type-post","status-publish","format-standard","has-post-thumbnail","hentry","category-gundem"],"_links":{"self":[{"href":"https:\/\/akdenizhaber.com.tr\/index.php\/wp-json\/wp\/v2\/posts\/19803","targetHints":{"allow":["GET"]}}],"collection":[{"href":"https:\/\/akdenizhaber.com.tr\/index.php\/wp-json\/wp\/v2\/posts"}],"about":[{"href":"https:\/\/akdenizhaber.com.tr\/index.php\/wp-json\/wp\/v2\/types\/post"}],"author":[{"embeddable":true,"href":"https:\/\/akdenizhaber.com.tr\/index.php\/wp-json\/wp\/v2\/users\/2"}],"replies":[{"embeddable":true,"href":"https:\/\/akdenizhaber.com.tr\/index.php\/wp-json\/wp\/v2\/comments?post=19803"}],"version-history":[{"count":0,"href":"https:\/\/akdenizhaber.com.tr\/index.php\/wp-json\/wp\/v2\/posts\/19803\/revisions"}],"wp:featuredmedia":[{"embeddable":true,"href":"https:\/\/akdenizhaber.com.tr\/index.php\/wp-json\/wp\/v2\/media\/19804"}],"wp:attachment":[{"href":"https:\/\/akdenizhaber.com.tr\/index.php\/wp-json\/wp\/v2\/media?parent=19803"}],"wp:term":[{"taxonomy":"category","embeddable":true,"href":"https:\/\/akdenizhaber.com.tr\/index.php\/wp-json\/wp\/v2\/categories?post=19803"},{"taxonomy":"post_tag","embeddable":true,"href":"https:\/\/akdenizhaber.com.tr\/index.php\/wp-json\/wp\/v2\/tags?post=19803"}],"curies":[{"name":"wp","href":"https:\/\/api.w.org\/{rel}","templated":true}]}}