{"id":19789,"date":"2024-01-18T14:43:30","date_gmt":"2024-01-18T11:43:30","guid":{"rendered":"https:\/\/akdenizhaber.com.tr\/?p=19789"},"modified":"2024-01-18T14:43:31","modified_gmt":"2024-01-18T11:43:31","slug":"iyi-partide-yeni-yonetim-basinla-biraraya-geldi","status":"publish","type":"post","link":"https:\/\/akdenizhaber.com.tr\/index.php\/2024\/01\/18\/iyi-partide-yeni-yonetim-basinla-biraraya-geldi\/","title":{"rendered":"\u0130yi Parti\u2019de Yeni Y\u00f6netim Bas\u0131nla Biraraya Geldi"},"content":{"rendered":"\n<p><\/p>\n\n\n\n<p>K\u0131sa bir s\u00fcre \u00f6nce \u0130yi Parti Manavgat \u0130l\u00e7e Ba\u015fkanl\u0131\u011f\u0131na atanan Avukat Esma Kara d\u00fcn Manavgat bas\u0131n\u0131 ile kahvalt\u0131da biraraya geldi.<\/p>\n\n\n\n<p>Legend&nbsp; Cafe&#8217;de bas\u0131n\u0131 a\u011f\u0131rlayan Kara, bas\u0131nla tan\u0131\u015fmak ve do\u011fru ileti\u015fim kanal\u0131 olu\u015fturabilmek maksad\u0131yla b\u00f6yle bir kahvalt\u0131 tertip ettiklerini s\u00f6yleyerek yeni olu\u015fturduklan y\u00f6netim kuruluyla birlikte aktif siyasette iddial\u0131 olduklar\u0131n\u0131 ifade etti.&nbsp; Mahalli se\u00e7imler ve Manavgat yerelindeki geli\u015fmelerle ilgili&nbsp; \u201c\u00f6n\u00fcm\u00fczdeki s\u00fcre\u00e7te Ba\u015fkan Aday\u0131m\u0131z\u0131 a\u00e7\u0131klayaca\u011f\u0131z\u201ddiyen Kara \u015funlar\u0131 s\u00f6yledi:<\/p>\n\n\n\n<p>\u201c\u00d6ncelikle kad\u0131n genel ba\u015fkan\u0131 olan bir partide siyaset yapmaktan \u00f6t\u00fcr\u00fc k\u0131van\u00e7 duyuyorum. Say\u0131n Meral Ak\u015fener, erkek egemenli\u011finin oldu\u011fu siyasette cesur T\u00fcrk kad\u0131n\u0131n\u0131 temsil ediyor. Ben de siyaseten Say\u0131n Meral Ak\u015fener&#8217;i rol model olarak al\u0131yorum.<\/p>\n\n\n\n<p>\u0130Y\u0130 Parti il\u00e7e ba\u015fkan\u0131 olarak, kad\u0131nlar\u0131m\u0131z\u0131 siyasette daha \u00e7ok g\u00f6rmek istiyoruz. Manavgat \u00f6zelinde kad\u0131nlar\u0131m\u0131z\u0131n siyasette aktif olmas\u0131 ad\u0131na elimden geleni yapaca\u011f\u0131m\u0131 buradan ilan ediyorum ve Manavgatl\u0131 kad\u0131nlar\u0131m\u0131z\u0131 da sizlerin arac\u0131l\u0131\u011f\u0131yla partimize davet ediyorum.<\/p>\n\n\n\n<p>\u0130Y\u0130 Parti \u00f6z\u00fc ba\u015f\u0131na hareket etmek ve T\u00fcrk siyasetindeki s\u0131k\u0131\u015fm\u0131\u015fl\u0131\u011f\u0131 ortadan kald\u0131rmak ad\u0131na bir hamle yaparak \u201c\u00dc\u00e7\u00fcnc\u00fc Yol\u201du tercih etti.<\/p>\n\n\n\n<p>Bug\u00fcn, memleket meselelerine \u00e7\u00f6z\u00fcm getiremeyen otoriter bir iktidar bloku ile geni\u015f kitlelere umut veremeyen ana muhalefet partisinin tahakk\u00fcm\u00fc alt\u0131nday\u0131z. Kamu yarar\u0131n\u0131 hi\u00e7e sayan bu tahterevalli siyasetinin en b\u00fcy\u00fck zarar\u0131 ise T\u00fcrk halk\u0131nad\u0131r.<\/p>\n\n\n\n<p>Se\u00e7imler her d\u00f6nemde iktidar ve ana muhalefet partisi taraf\u0131ndan konsolidasyon siyasetinin bir unsuru olarak kullan\u0131lmaktad\u0131r. Bu y\u00fczden T\u00fcrkiye&#8217;de se\u00e7imler art\u0131k mevcut iktidar yap\u0131s\u0131n\u0131n devam\u0131n\u0131 sa\u011flamaya y\u00f6neliktir.<\/p>\n\n\n\n<p>Kendi ikballeri i\u00e7in, siyasi partilerin se\u00e7imlerdeki ba\u015far\u0131lar\u0131n\u0131 T\u00fcrk milletinin gelece\u011finden fazla \u00f6nceleyen tav\u0131rlar ne yaz\u0131k ki bizleri bu duruma getirmi\u015ftir. Her se\u00e7imde daha fazla imk\u00e2n ve kaynak i\u00e7in girilen ittifaklar son tahlilde T\u00fcrk milletinin b\u00fct\u00fcnl\u00fc\u011f\u00fcne zararl\u0131 hale gelmi\u015ftir.<\/p>\n\n\n\n<p>\u0130ttifak halinde girilen her se\u00e7im ise bir sonraki se\u00e7imin kazan\u0131lma ihtimalini ortadan kald\u0131rmaktad\u0131r.<\/p>\n\n\n\n<p>Art\u0131k konforlu muhalefete veda etme zaman\u0131 geldi.<\/p>\n\n\n\n<p>\u00dc\u00e7\u00fcnc\u00fc yol, siyasetin b\u00fct\u00fcn unsurlar\u0131n\u0131n konfor alanlar\u0131ndan \u00e7\u0131kmas\u0131n\u0131 sa\u011flayacak, \u201cSiyaset Siyaset \u0130\u00e7indir\u201d anlay\u0131\u015f\u0131n\u0131 y\u0131karak herkese&nbsp; \u201cSiyaset Halk \u0130\u00e7indir\u201d s\u00f6ylemini hat\u0131rlatacakt\u0131r.<\/p>\n\n\n\n<p>Bizler de bu yolda sesimizi T\u00fcrk toplumuna daha fazla duyurabilmek ad\u0131na siz de\u011ferli bas\u0131n mensuplar\u0131n\u0131n deste\u011fine ihtiya\u00e7 duyuyoruz.<\/p>\n\n\n\n<p>Bizlerden k\u0131ymetli desteklerinizi esirgemeyece\u011finizi umuyorum.\u201d<\/p>\n\n\n\n<p><strong>\u0130Y\u0130 PART\u0130 MANAVGAT AS\u0130LY\u00d6NET\u0130M KURULU \u00dcYELER\u0130<\/strong><\/p>\n\n\n\n<p>Mustafa Erol.<\/p>\n\n\n\n<p>Ramazan Kervan, Mehmet Bodur,<\/p>\n\n\n\n<p>Ahmet Eren \u015eanl\u0131,<\/p>\n\n\n\n<p>Cavit Metin,<\/p>\n\n\n\n<p>R\u0131za Ceylan,<\/p>\n\n\n\n<p>Mehmet Y\u0131lmaz,<\/p>\n\n\n\n<p>Ay\u015fe T\u00fcmb\u00fcl,<\/p>\n\n\n\n<p>Sahide \u00c7etinel Mersin, H\u00fcseyin G\u00fcnal,<\/p>\n\n\n\n<p>Hatice Enho\u015f,<\/p>\n\n\n\n<p>Mehmet K\u00fc\u00e7\u00fck.<\/p>\n\n\n\n<p>H\u00fcseyin Oduncu.<\/p>\n\n\n\n<p>\u00d6zkan Duman.<\/p>\n\n\n\n<p>Nural Ulu\u00e7ay.<\/p>\n\n\n\n<p>Mehmet Y\u00fccel.<\/p>\n\n\n\n<p>Umut Teke.<\/p>\n\n\n\n<p>Bekir Ak\u0131n.<\/p>\n\n\n\n<p>Fatma Keser.<\/p>\n\n\n\n<p>Meral Karata\u015fo\u011flu<\/p>\n\n\n\n<p>Feyyaz \u00d6zkaya.<\/p>\n\n\n\n<p>D\u00f6ne \u00d6z,<\/p>\n\n\n\n<p>Fikret \u00d6zaslan,<\/p>\n\n\n\n<p>\u0130brahim \u015een,<\/p>\n\n\n\n<p>Musa Yi\u011fit,<\/p>\n\n\n\n<p>Ahmet \u015eahin,<\/p>\n\n\n\n<p>H\u00fcseyin Cura,<\/p>\n\n\n\n<p>Hatice Y\u0131lmaz,<\/p>\n\n\n\n<p>Mustafa Tun\u00e7,<\/p>\n\n\n\n<p>Hatice \u00dcnal,<\/p>\n\n\n\n<p>Mehmet \u00d6z,<\/p>\n\n\n\n<p>Mustafa Dayan<\/p>\n\n\n\n<p>(Haber Merkezi)<\/p>\n","protected":false},"excerpt":{"rendered":"<p>K\u0131sa bir s\u00fcre \u00f6nce \u0130yi Parti Manavgat \u0130l\u00e7e Ba\u015fkanl\u0131\u011f\u0131na atanan Avukat Esma Kara d\u00fcn Manavgat bas\u0131n\u0131 ile kahvalt\u0131da biraraya geldi. Legend&nbsp; Cafe&#8217;de bas\u0131n\u0131 a\u011f\u0131rlayan Kara, <a href=\"https:\/\/akdenizhaber.com.tr\/index.php\/2024\/01\/18\/iyi-partide-yeni-yonetim-basinla-biraraya-geldi\/\" class=\"read-more-link\">[more&#8230;]<\/a><\/p>\n","protected":false},"author":2,"featured_media":19790,"comment_status":"open","ping_status":"open","sticky":false,"template":"","format":"standard","meta":{"footnotes":""},"categories":[2],"tags":[],"class_list":["post-19789","post","type-post","status-publish","format-standard","has-post-thumbnail","hentry","category-gundem"],"_links":{"self":[{"href":"https:\/\/akdenizhaber.com.tr\/index.php\/wp-json\/wp\/v2\/posts\/19789","targetHints":{"allow":["GET"]}}],"collection":[{"href":"https:\/\/akdenizhaber.com.tr\/index.php\/wp-json\/wp\/v2\/posts"}],"about":[{"href":"https:\/\/akdenizhaber.com.tr\/index.php\/wp-json\/wp\/v2\/types\/post"}],"author":[{"embeddable":true,"href":"https:\/\/akdenizhaber.com.tr\/index.php\/wp-json\/wp\/v2\/users\/2"}],"replies":[{"embeddable":true,"href":"https:\/\/akdenizhaber.com.tr\/index.php\/wp-json\/wp\/v2\/comments?post=19789"}],"version-history":[{"count":0,"href":"https:\/\/akdenizhaber.com.tr\/index.php\/wp-json\/wp\/v2\/posts\/19789\/revisions"}],"wp:featuredmedia":[{"embeddable":true,"href":"https:\/\/akdenizhaber.com.tr\/index.php\/wp-json\/wp\/v2\/media\/19790"}],"wp:attachment":[{"href":"https:\/\/akdenizhaber.com.tr\/index.php\/wp-json\/wp\/v2\/media?parent=19789"}],"wp:term":[{"taxonomy":"category","embeddable":true,"href":"https:\/\/akdenizhaber.com.tr\/index.php\/wp-json\/wp\/v2\/categories?post=19789"},{"taxonomy":"post_tag","embeddable":true,"href":"https:\/\/akdenizhaber.com.tr\/index.php\/wp-json\/wp\/v2\/tags?post=19789"}],"curies":[{"name":"wp","href":"https:\/\/api.w.org\/{rel}","templated":true}]}}