{"id":19784,"date":"2024-01-18T12:59:09","date_gmt":"2024-01-18T09:59:09","guid":{"rendered":"https:\/\/akdenizhaber.com.tr\/?p=19784"},"modified":"2024-01-18T12:59:09","modified_gmt":"2024-01-18T09:59:09","slug":"toplumsal-sorunlar","status":"publish","type":"post","link":"https:\/\/akdenizhaber.com.tr\/index.php\/2024\/01\/18\/toplumsal-sorunlar\/","title":{"rendered":"TOPLUMSAL SORUNLAR"},"content":{"rendered":"\n<p>G\u00fcnayd\u0131n g\u00fczel insanlar\u2026<br>G\u00fcn\u00fcm\u00fczde toplumsal sorunlar, ya\u015fad\u0131\u011f\u0131m\u0131z d\u00fcnyada kar\u015f\u0131la\u015ft\u0131\u011f\u0131m\u0131z en karma\u015f\u0131k ve derin konulardan biridir. Her ge\u00e7en g\u00fcn de\u011fi\u015fen d\u00fcnya dinamikleri, beraberinde farkl\u0131 sorunlar\u0131 da getiriyor. Toplumsal sorunlar, sadece bireyleri de\u011fil, t\u00fcm toplumu etkileyen, ortak \u00e7\u00f6z\u00fcmler gerektiren meselelerdir. \u0130\u015fte bu sorunlara kar\u015f\u0131 duyarl\u0131l\u0131k ve \u00e7\u00f6z\u00fcm odakl\u0131 yakla\u015f\u0131mlar geli\u015ftirmek, toplumsal bir sorumluluktur. E\u011fitim, toplumlar\u0131n geli\u015fiminde temel bir fakt\u00f6rd\u00fcr ancak bu alandaki e\u015fitsizlikler toplumsal dengesizliklere yol a\u00e7abilir. Ekonomik durumu iyi olmayan ailelerden gelen \u00e7ocuklar\u0131n kaliteli e\u011fitime ula\u015fma \u015fanslar\u0131 d\u00fc\u015f\u00fck olabilir. Bu durumu d\u00fczeltmek i\u00e7in, e\u011fitimdeki f\u0131rsat e\u015fitsizlikleri \u00fczerine odaklanan politikalar\u0131n geli\u015ftirilmesi elzemdir. Irk, cinsiyet, din veya ekonomik stat\u00fc gibi fakt\u00f6rlere dayal\u0131 ayr\u0131mc\u0131l\u0131k da toplumsal bir sorun olarak kar\u015f\u0131m\u0131za \u00e7\u0131kar. Toplumsal adaletin sa\u011flanmas\u0131, her bireyin e\u015fit haklara sahip oldu\u011fu bir ortam\u0131n olu\u015fturulmas\u0131 i\u00e7in m\u00fccadele gerektirir. Bu noktada, e\u011fitim, yasal d\u00fczenlemeler ve toplumsal fark\u0131ndal\u0131k \u00f6nemli rol oynar. G\u00fcn\u00fcm\u00fczde artan stres, bask\u0131 ve sosyal izolasyon mental sa\u011fl\u0131k sorunlar\u0131n\u0131 yayg\u0131n hale getirmi\u015ftir. Toplumlar, bu konuda bilin\u00e7lenmeli ve destek sistemleri olu\u015fturmal\u0131d\u0131r. E\u011fitim kurumlar\u0131, i\u015f yerleri ve toplum genelinde sa\u011fl\u0131kl\u0131 bir ya\u015fam tarz\u0131 ve duygusal destek konular\u0131nda bilin\u00e7lendirme \u00e7al\u0131\u015fmalar\u0131 yap\u0131lmal\u0131d\u0131r. Yoksulluk, toplumlar\u0131n kar\u015f\u0131la\u015ft\u0131\u011f\u0131 en temel sorunlardan biridir. Gelir e\u015fitsizli\u011fi, sosyal dengesizliklere ve huzursuzluklara neden olabilir. Toplumlar, adil ekonomik politikalar ve sosyal yard\u0131m sistemleri arac\u0131l\u0131\u011f\u0131yla yoksullu\u011fu azaltmak i\u00e7in \u00e7aba g\u00f6stermelidir. Toplumsal sorunlarla ba\u015f etmek, kolektif bir \u00e7aba gerektirir. Bilin\u00e7li bireyler, etkili liderler ve g\u00fc\u00e7l\u00fc toplumsal kurumlar, sorunlara kar\u015f\u0131 s\u00fcrd\u00fcr\u00fclebilir \u00e7\u00f6z\u00fcmler bulmada kilit rol oynarlar. Bu noktada, her bireyin sorumluluk almas\u0131 ve toplumsal konularda duyarl\u0131 olmas\u0131, daha adil, s\u00fcrd\u00fcr\u00fclebilir ve sa\u011fl\u0131kl\u0131 bir toplumun temelini olu\u015fturacakt\u0131r.<\/p>\n\n\n\n<p>ESRA \u0130\u00c7G\u00d6Z<\/p>\n","protected":false},"excerpt":{"rendered":"<p>G\u00fcnayd\u0131n g\u00fczel insanlar\u2026G\u00fcn\u00fcm\u00fczde toplumsal sorunlar, ya\u015fad\u0131\u011f\u0131m\u0131z d\u00fcnyada kar\u015f\u0131la\u015ft\u0131\u011f\u0131m\u0131z en karma\u015f\u0131k ve derin konulardan biridir. Her ge\u00e7en g\u00fcn de\u011fi\u015fen d\u00fcnya dinamikleri, beraberinde farkl\u0131 sorunlar\u0131 da getiriyor. <a href=\"https:\/\/akdenizhaber.com.tr\/index.php\/2024\/01\/18\/toplumsal-sorunlar\/\" class=\"read-more-link\">[more&#8230;]<\/a><\/p>\n","protected":false},"author":2,"featured_media":19602,"comment_status":"open","ping_status":"open","sticky":false,"template":"","format":"standard","meta":{"footnotes":""},"categories":[2],"tags":[],"class_list":["post-19784","post","type-post","status-publish","format-standard","has-post-thumbnail","hentry","category-gundem"],"_links":{"self":[{"href":"https:\/\/akdenizhaber.com.tr\/index.php\/wp-json\/wp\/v2\/posts\/19784","targetHints":{"allow":["GET"]}}],"collection":[{"href":"https:\/\/akdenizhaber.com.tr\/index.php\/wp-json\/wp\/v2\/posts"}],"about":[{"href":"https:\/\/akdenizhaber.com.tr\/index.php\/wp-json\/wp\/v2\/types\/post"}],"author":[{"embeddable":true,"href":"https:\/\/akdenizhaber.com.tr\/index.php\/wp-json\/wp\/v2\/users\/2"}],"replies":[{"embeddable":true,"href":"https:\/\/akdenizhaber.com.tr\/index.php\/wp-json\/wp\/v2\/comments?post=19784"}],"version-history":[{"count":0,"href":"https:\/\/akdenizhaber.com.tr\/index.php\/wp-json\/wp\/v2\/posts\/19784\/revisions"}],"wp:featuredmedia":[{"embeddable":true,"href":"https:\/\/akdenizhaber.com.tr\/index.php\/wp-json\/wp\/v2\/media\/19602"}],"wp:attachment":[{"href":"https:\/\/akdenizhaber.com.tr\/index.php\/wp-json\/wp\/v2\/media?parent=19784"}],"wp:term":[{"taxonomy":"category","embeddable":true,"href":"https:\/\/akdenizhaber.com.tr\/index.php\/wp-json\/wp\/v2\/categories?post=19784"},{"taxonomy":"post_tag","embeddable":true,"href":"https:\/\/akdenizhaber.com.tr\/index.php\/wp-json\/wp\/v2\/tags?post=19784"}],"curies":[{"name":"wp","href":"https:\/\/api.w.org\/{rel}","templated":true}]}}