{"id":19781,"date":"2024-01-18T12:58:26","date_gmt":"2024-01-18T09:58:26","guid":{"rendered":"https:\/\/akdenizhaber.com.tr\/?p=19781"},"modified":"2024-01-18T12:58:26","modified_gmt":"2024-01-18T09:58:26","slug":"turkiyede-emekliler-avrupadaki-emekliye-gore-85-kat-dusuk-aliyor","status":"publish","type":"post","link":"https:\/\/akdenizhaber.com.tr\/index.php\/2024\/01\/18\/turkiyede-emekliler-avrupadaki-emekliye-gore-85-kat-dusuk-aliyor\/","title":{"rendered":"T\u00fcrkiye&#8217;de emekliler Avrupa&#8217;daki emekliye\u00a0\u00a0 g\u00f6re 8,5 kat d\u00fc\u015f\u00fck al\u0131yor"},"content":{"rendered":"\n<p><\/p>\n\n\n\n<p>Saadet Partisi(SP) Manavgat \u0130l\u00e7e Ba\u015fkan\u0131 \u0130lhami Demiral, Almanya ve Avrupa \u00fclkeleri emeklilerine g\u00f6re T\u00fcrkiye&#8217;deki emeklilerden 8 kat daha fazla ald\u0131\u011f\u0131n\u0131 s\u00f6yledi.<\/p>\n\n\n\n<p>En d\u00fc\u015f\u00fck emekli maa\u015f\u0131n\u0131n 7 bin 500 liradan 10. bin lira olmas\u0131n\u0131n utan\u00e7 verici bir durum oldu\u011funu vurgulayan SP Manavgat \u0130l\u00e7e Ba\u015fkan\u0131 \u0130lhami Demiral , Partili Cumhurba\u015fkan\u0131 Recep Tayyip Erdo\u011fan&#8217;un &#8221; 2024 Y\u0131l\u0131 Emekliler Y\u0131l\u0131 Olacak&#8221; s\u00f6z\u00fc ile emekli ile alay etmekten \u00f6te bir \u015feyin olmad\u0131\u011f\u0131n\u0131&nbsp; kaydetti.<\/p>\n\n\n\n<p>Avrupa Birli\u011fi(AB) \u00fclkesinin ekonomideki lokomotifi Almanya&#8217;da devlet destekleri hari\u00e7 en d\u00fc\u015f\u00fck emekli maa\u015f\u0131n\u0131n 2 bin Euro oldu\u011funu bunu. T\u00fcrk Liras\u0131(TL) kar\u015f\u0131l\u0131\u011f\u0131n\u0131n 65 bin lira oldu\u011funa dikkat \u00e7eken SP Manavgat&nbsp; \u0130l\u00e7e Ba\u015fkan\u0131 \u0130lhami Demiral,&#8221; AB \u00fclkeleri i\u00e7inde en y\u00fcksek d\u00fczeyde emekli maa\u015f\u0131 veren \u00fclke L\u00fcksemburg, L\u00fcksemburg&#8217;ta en d\u00fc\u015f\u00fck emekli maa\u015f\u0131 2 bin 680 Euro, TL kar\u015f\u0131l\u0131\u011f\u0131 ise 87 bin lira. Bizde ise 10 bin lira oldu. Yani bizim emeklimizden 8,5 kat daha fazla para al\u0131yor. Bir emekli maa\u015f\u0131n\u0131n 10 bin lira olmas\u0131 utan\u00e7 verici bir durum. Bizde emekliler Manavgat&#8217;tan Antalya&#8217;ya zor giderken bir Alman ve Avrupa \u00fclkesinden emekli ise Antalya&#8217;da krallar gibi tatilini yap\u0131yor.&#8221; diye konu\u015ftu.<\/p>\n\n\n\n<p>Emekliye acilen 10 bin lira sayyanen zam yap\u0131lmas\u0131 gerekti\u011finin alt\u0131n\u0131 \u00e7izen \u0130lhami Demiral,14 May\u0131s se\u00e7imleri sonras\u0131 iktidar\u0131n i\u011fneden ipli\u011fe y\u00fczde 127 zam yapmas\u0131na kar\u015f\u0131n emekliye yapt\u0131\u011f\u0131 zamm\u0131n y\u00fczde 33 oldu\u011funu ifade etti.<\/p>\n\n\n\n<p>SP \u0130l\u00e7e Ba\u015fkan\u0131 \u0130lhami Demiral, &#8220;2024 Y\u0131l\u0131 Emekliler Y\u0131l\u0131 Olacak&#8221; diyenlere kar\u015f\u0131 31 Mart 2024 tarihinde yap\u0131lacak olan Belediye Ba\u015fkanl\u0131\u011f\u0131 se\u00e7iminde emeklinin \u00fclkeyi bu hale getirenler den&nbsp; halk\u0131n ve emeklinin sand\u0131kta gereken dersi vermesi gerekti\u011finin alt\u0131n\u0131 \u00e7izdi.<\/p>\n\n\n\n<p><a>Abdurrahman B\u00fcy\u00fckkeskin \/ Haber<\/a><\/p>\n","protected":false},"excerpt":{"rendered":"<p>Saadet Partisi(SP) Manavgat \u0130l\u00e7e Ba\u015fkan\u0131 \u0130lhami Demiral, Almanya ve Avrupa \u00fclkeleri emeklilerine g\u00f6re T\u00fcrkiye&#8217;deki emeklilerden 8 kat daha fazla ald\u0131\u011f\u0131n\u0131 s\u00f6yledi. En d\u00fc\u015f\u00fck emekli maa\u015f\u0131n\u0131n <a href=\"https:\/\/akdenizhaber.com.tr\/index.php\/2024\/01\/18\/turkiyede-emekliler-avrupadaki-emekliye-gore-85-kat-dusuk-aliyor\/\" class=\"read-more-link\">[more&#8230;]<\/a><\/p>\n","protected":false},"author":2,"featured_media":19782,"comment_status":"open","ping_status":"open","sticky":false,"template":"","format":"standard","meta":{"footnotes":""},"categories":[2],"tags":[],"class_list":["post-19781","post","type-post","status-publish","format-standard","has-post-thumbnail","hentry","category-gundem"],"_links":{"self":[{"href":"https:\/\/akdenizhaber.com.tr\/index.php\/wp-json\/wp\/v2\/posts\/19781","targetHints":{"allow":["GET"]}}],"collection":[{"href":"https:\/\/akdenizhaber.com.tr\/index.php\/wp-json\/wp\/v2\/posts"}],"about":[{"href":"https:\/\/akdenizhaber.com.tr\/index.php\/wp-json\/wp\/v2\/types\/post"}],"author":[{"embeddable":true,"href":"https:\/\/akdenizhaber.com.tr\/index.php\/wp-json\/wp\/v2\/users\/2"}],"replies":[{"embeddable":true,"href":"https:\/\/akdenizhaber.com.tr\/index.php\/wp-json\/wp\/v2\/comments?post=19781"}],"version-history":[{"count":0,"href":"https:\/\/akdenizhaber.com.tr\/index.php\/wp-json\/wp\/v2\/posts\/19781\/revisions"}],"wp:featuredmedia":[{"embeddable":true,"href":"https:\/\/akdenizhaber.com.tr\/index.php\/wp-json\/wp\/v2\/media\/19782"}],"wp:attachment":[{"href":"https:\/\/akdenizhaber.com.tr\/index.php\/wp-json\/wp\/v2\/media?parent=19781"}],"wp:term":[{"taxonomy":"category","embeddable":true,"href":"https:\/\/akdenizhaber.com.tr\/index.php\/wp-json\/wp\/v2\/categories?post=19781"},{"taxonomy":"post_tag","embeddable":true,"href":"https:\/\/akdenizhaber.com.tr\/index.php\/wp-json\/wp\/v2\/tags?post=19781"}],"curies":[{"name":"wp","href":"https:\/\/api.w.org\/{rel}","templated":true}]}}