{"id":19777,"date":"2024-01-18T12:57:38","date_gmt":"2024-01-18T09:57:38","guid":{"rendered":"https:\/\/akdenizhaber.com.tr\/?p=19777"},"modified":"2024-01-18T12:57:38","modified_gmt":"2024-01-18T09:57:38","slug":"havaalani-caddesine-sicak-asfalt","status":"publish","type":"post","link":"https:\/\/akdenizhaber.com.tr\/index.php\/2024\/01\/18\/havaalani-caddesine-sicak-asfalt\/","title":{"rendered":"Havaalan\u0131 Caddesi\u2019ne s\u0131cak asfalt"},"content":{"rendered":"\n<p><\/p>\n\n\n\n<p>Antalya B\u00fcy\u00fck\u015fehir Belediyesi, Muratpa\u015fa il\u00e7esine ba\u011fl\u0131 Havaalan\u0131 Caddesi\u2019nin zaman i\u00e7inde deforme olan asfalt\u0131n\u0131 yeniliyor.<\/p>\n\n\n\n<p>Antalya B\u00fcy\u00fck\u015fehir Belediyesi, vatanda\u015flar\u0131n g\u00fcvenli ve konforlu ula\u015f\u0131m\u0131 i\u00e7in kent merkezindeki caddelerde asfalt yenileme \u00e7al\u0131\u015fmalar\u0131na devam ediyor. B\u00fcy\u00fck\u015fehir Belediyesi Fen \u0130\u015fleri Dairesi Ba\u015fkanl\u0131\u011f\u0131 bu kapsamda altyap\u0131 \u00e7al\u0131\u015fmalar\u0131 sebebiyle deforme olan, ayn\u0131 zamanda kullan\u0131m \u00f6mr\u00fcn\u00fc de tamamlayan, Muratpa\u015fa il\u00e7esi Havaalan\u0131 Caddesi\u2019nde s\u0131cak asfalt \u00e7al\u0131\u015fmas\u0131 yap\u0131yor.<\/p>\n\n\n\n<p>ETAPLAR HAL\u0130NDE YAPILIYOR<\/p>\n\n\n\n<p>\u00c7al\u0131\u015fma trafi\u011fin aksamamas\u0131 i\u00e7in etaplar halinde ger\u00e7ekle\u015ftiriliyor. \u0130lk etapta Havaalan\u0131 Caddesi\u2019nin850 metre uzunlu\u011fundaki Do\u011fu \u015feridinde \u00e7al\u0131\u015fma yap\u0131l\u0131yor. Eski asfalt s\u00f6k\u00fcm\u00fc yap\u0131ld\u0131, yeni s\u0131cak asfalt d\u00f6kme ve d\u00fczleme \u00e7al\u0131\u015fmalar\u0131 devam ediyor. Do\u011fu \u015feridi tamamland\u0131ktan sonra, 850 metrelik Bat\u0131 \u015feridinde \u00e7al\u0131\u015fmalar ba\u015flayacak.<\/p>\n\n\n\n<p>ESNAF \u0130\u00c7\u0130N \u00d6NEML\u0130<\/p>\n\n\n\n<p>Havaalan\u0131 Caddesi esnaf\u0131 Hidayet Gezici, \u201cCaddemizde yap\u0131lan \u00e7al\u0131\u015fmadan memnunuz. Eskiyen yollar\u0131n bu \u015fekilde yenilenmesi esnaf i\u00e7in \u00e7ok \u00f6nemli. Sa\u011folsun B\u00fcy\u00fck\u015fehir Belediyemiz \u00e7al\u0131\u015f\u0131yor, g\u00fczel i\u015fler \u00e7\u0131kar\u0131yor. Antalya B\u00fcy\u00fck\u015fehir Belediyesi\u2019ne yapt\u0131\u011f\u0131 \u00e7al\u0131\u015fmalardan dolay\u0131 te\u015fekk\u00fcr ederim\u201d dedi.&nbsp;<\/p>\n\n\n\n<p>Antalya B\u00fcy\u00fck\u015fehir Belediyesi \/ B\u00fclten<\/p>\n","protected":false},"excerpt":{"rendered":"<p>Antalya B\u00fcy\u00fck\u015fehir Belediyesi, Muratpa\u015fa il\u00e7esine ba\u011fl\u0131 Havaalan\u0131 Caddesi\u2019nin zaman i\u00e7inde deforme olan asfalt\u0131n\u0131 yeniliyor. Antalya B\u00fcy\u00fck\u015fehir Belediyesi, vatanda\u015flar\u0131n g\u00fcvenli ve konforlu ula\u015f\u0131m\u0131 i\u00e7in kent merkezindeki <a href=\"https:\/\/akdenizhaber.com.tr\/index.php\/2024\/01\/18\/havaalani-caddesine-sicak-asfalt\/\" class=\"read-more-link\">[more&#8230;]<\/a><\/p>\n","protected":false},"author":2,"featured_media":19778,"comment_status":"open","ping_status":"open","sticky":false,"template":"","format":"standard","meta":{"footnotes":""},"categories":[2],"tags":[],"class_list":["post-19777","post","type-post","status-publish","format-standard","has-post-thumbnail","hentry","category-gundem"],"_links":{"self":[{"href":"https:\/\/akdenizhaber.com.tr\/index.php\/wp-json\/wp\/v2\/posts\/19777","targetHints":{"allow":["GET"]}}],"collection":[{"href":"https:\/\/akdenizhaber.com.tr\/index.php\/wp-json\/wp\/v2\/posts"}],"about":[{"href":"https:\/\/akdenizhaber.com.tr\/index.php\/wp-json\/wp\/v2\/types\/post"}],"author":[{"embeddable":true,"href":"https:\/\/akdenizhaber.com.tr\/index.php\/wp-json\/wp\/v2\/users\/2"}],"replies":[{"embeddable":true,"href":"https:\/\/akdenizhaber.com.tr\/index.php\/wp-json\/wp\/v2\/comments?post=19777"}],"version-history":[{"count":0,"href":"https:\/\/akdenizhaber.com.tr\/index.php\/wp-json\/wp\/v2\/posts\/19777\/revisions"}],"wp:featuredmedia":[{"embeddable":true,"href":"https:\/\/akdenizhaber.com.tr\/index.php\/wp-json\/wp\/v2\/media\/19778"}],"wp:attachment":[{"href":"https:\/\/akdenizhaber.com.tr\/index.php\/wp-json\/wp\/v2\/media?parent=19777"}],"wp:term":[{"taxonomy":"category","embeddable":true,"href":"https:\/\/akdenizhaber.com.tr\/index.php\/wp-json\/wp\/v2\/categories?post=19777"},{"taxonomy":"post_tag","embeddable":true,"href":"https:\/\/akdenizhaber.com.tr\/index.php\/wp-json\/wp\/v2\/tags?post=19777"}],"curies":[{"name":"wp","href":"https:\/\/api.w.org\/{rel}","templated":true}]}}