{"id":19771,"date":"2024-01-18T12:56:15","date_gmt":"2024-01-18T09:56:15","guid":{"rendered":"https:\/\/akdenizhaber.com.tr\/?p=19771"},"modified":"2024-01-18T12:56:15","modified_gmt":"2024-01-18T09:56:15","slug":"konyaaltinin-saklikentteki-ek-hizmet-binasi-son-asamada","status":"publish","type":"post","link":"https:\/\/akdenizhaber.com.tr\/index.php\/2024\/01\/18\/konyaaltinin-saklikentteki-ek-hizmet-binasi-son-asamada\/","title":{"rendered":"Konyaalt\u0131\u2019n\u0131n Sakl\u0131kent\u2019teki ek hizmet binas\u0131 son a\u015famada"},"content":{"rendered":"\n<p><\/p>\n\n\n\n<p>Konyaalt\u0131 Belediyesi, Sakl\u0131kent Kayak Merkezi b\u00f6lgesi ve bu b\u00f6lgenin ba\u011flant\u0131 yollar\u0131n\u0131n s\u00fcrekli a\u00e7\u0131k kalmas\u0131 i\u00e7in ek hizmet binas\u0131 yap\u0131yor. Bu merkez, b\u00f6lgede 24 saat esas\u0131na dayanarak \u00e7al\u0131\u015fan personelin de daha verimli olmas\u0131n\u0131 sa\u011flayacak.<\/p>\n\n\n\n<p>Konyaalt\u0131 Belediyesi, k\u0131rsal b\u00f6lgelerde yapt\u0131\u011f\u0131 farkl\u0131 \u00e7al\u0131\u015fmalara her g\u00fcn bir yenisini ekliyor. Antalya\u2019n\u0131n g\u00f6zde turistik merkezlerinden biri olan Sakl\u0131kent\u2019in ve \u00e7evresinin ba\u011flant\u0131 yollar\u0131n\u0131n s\u00fcrekli a\u00e7\u0131k kalmas\u0131 i\u00e7in 24 saat esas\u0131yla \u00e7al\u0131\u015fmalar yapan Konyaalt\u0131 Belediyesi Fen \u0130\u015fleri M\u00fcd\u00fcrl\u00fc\u011f\u00fc, b\u00f6lgede \u00e7al\u0131\u015fan personelin koordinasyonunun daha verimli olabilmesi ad\u0131na ek hizmet binas\u0131 in\u015fa ediyor. Ek hizmet binas\u0131, k\u0131\u015f mevsimi boyunca yerli ve yabanc\u0131 turistlerin ak\u0131n\u0131na u\u011frayan Sakl\u0131kent Kayak Merkezi\u2019ne ula\u015f\u0131m\u0131n aksamamas\u0131 i\u00e7in \u00e7al\u0131\u015fan Konyaalt\u0131 Belediyesi ekiplerinin koordinasyonunun yan\u0131 s\u0131ra, personelin vardiya aralar\u0131nda ve molalar\u0131nda dinlenmesi, temel ihtiya\u00e7lar\u0131n\u0131 gidermesi ve yat\u0131l\u0131 olarak \u00e7al\u0131\u015fmas\u0131na da uygun imk\u00e2nlara sahip.<br><br>SAHADAK\u0130 PERSONEL\u0130N KONFORU \u00d6NEML\u0130<\/p>\n\n\n\n<p>Yaz aylar\u0131nda yayla yollar\u0131nda yapt\u0131klar\u0131 \u00e7al\u0131\u015fmalar\u0131 k\u0131\u015f aylar\u0131nda da aral\u0131ks\u0131z s\u00fcrd\u00fcrd\u00fcklerini vurgulayan Konyaalt\u0131 Belediye Ba\u015fkan\u0131 Semih Esen, \u2018\u2018K\u0131\u015f turizminin g\u00f6z bebe\u011fi Sakl\u0131kent Kayak Merkezi\u2019nin yollar\u0131n\u0131 a\u00e7\u0131k tutabilmek i\u00e7in ekiplerimiz 7\/24 esas\u0131yla vatanda\u015f\u0131m\u0131za hizmet veriyor. Personelimizin bu yo\u011fun \u00e7al\u0131\u015fma ortam\u0131nda dinlenebilmesi, ihtiya\u00e7lar\u0131n\u0131 giderebilmesi ve konaklayabilmesi i\u00e7in bir ek hizmet binas\u0131 in\u015fa ediyoruz. Bina, \u00e7al\u0131\u015fan personelimizin konforunun yan\u0131 s\u0131ra, ekiplerimizin olaylara ani m\u00fcdahalelerini de kolayla\u015ft\u0131racak nitelikte olacak\u2019\u2019 dedi.<br><br>M\u00dcDAHALELER KOLAYLA\u015eACAK<br><br>Zorlu k\u0131\u015f ko\u015fullar\u0131nda yaylalara ula\u015f\u0131m\u0131n sa\u011flanabilmesi i\u00e7in ekiplerin karla yo\u011fun bir m\u00fccadele i\u00e7erisinde olduklar\u0131n\u0131 belirten Fen \u0130\u015fleri M\u00fcd\u00fcrl\u00fc\u011f\u00fc personeli Zehra K\u0131ran, k\u0131\u015f aylar\u0131nda yollardaki buzlar\u0131n eritilmesi, tuzlama, kar k\u00fcreme ve yol a\u00e7ma \u00e7al\u0131\u015fmalar\u0131n\u0131n yap\u0131lmas\u0131; yaz aylar\u0131nda ise yang\u0131n ile m\u00fccadele i\u00e7in 7\/24 sahada olan ekipler i\u00e7in ek hizmet binas\u0131na ihtiya\u00e7 duyuldu\u011funu aktard\u0131. 10 ki\u015fi kapasiteli yatakhanesi ve tuz deposuyla, toplam 200 metrekare in\u015faat alan\u0131na sahip olan Sakl\u0131kent ek hizmet binas\u0131n\u0131n tamamlanmak \u00fczere oldu\u011funu dile getiren K\u0131ran, binan\u0131n, Korkuteli, Kemer ve Kumluca yollar\u0131n\u0131n ba\u011flant\u0131s\u0131nda oldu\u011funu, konumu gere\u011fi olas\u0131 olaylara kar\u015f\u0131 m\u00fcdahaleleri de kolayla\u015ft\u0131raca\u011f\u0131n\u0131 s\u00f6yledi.<\/p>\n\n\n\n<p>Konyaalt\u0131 Belediyesi \/ B\u00fclten<\/p>\n","protected":false},"excerpt":{"rendered":"<p>Konyaalt\u0131 Belediyesi, Sakl\u0131kent Kayak Merkezi b\u00f6lgesi ve bu b\u00f6lgenin ba\u011flant\u0131 yollar\u0131n\u0131n s\u00fcrekli a\u00e7\u0131k kalmas\u0131 i\u00e7in ek hizmet binas\u0131 yap\u0131yor. Bu merkez, b\u00f6lgede 24 saat esas\u0131na <a href=\"https:\/\/akdenizhaber.com.tr\/index.php\/2024\/01\/18\/konyaaltinin-saklikentteki-ek-hizmet-binasi-son-asamada\/\" class=\"read-more-link\">[more&#8230;]<\/a><\/p>\n","protected":false},"author":2,"featured_media":19772,"comment_status":"open","ping_status":"open","sticky":false,"template":"","format":"standard","meta":{"footnotes":""},"categories":[2],"tags":[],"class_list":["post-19771","post","type-post","status-publish","format-standard","has-post-thumbnail","hentry","category-gundem"],"_links":{"self":[{"href":"https:\/\/akdenizhaber.com.tr\/index.php\/wp-json\/wp\/v2\/posts\/19771","targetHints":{"allow":["GET"]}}],"collection":[{"href":"https:\/\/akdenizhaber.com.tr\/index.php\/wp-json\/wp\/v2\/posts"}],"about":[{"href":"https:\/\/akdenizhaber.com.tr\/index.php\/wp-json\/wp\/v2\/types\/post"}],"author":[{"embeddable":true,"href":"https:\/\/akdenizhaber.com.tr\/index.php\/wp-json\/wp\/v2\/users\/2"}],"replies":[{"embeddable":true,"href":"https:\/\/akdenizhaber.com.tr\/index.php\/wp-json\/wp\/v2\/comments?post=19771"}],"version-history":[{"count":0,"href":"https:\/\/akdenizhaber.com.tr\/index.php\/wp-json\/wp\/v2\/posts\/19771\/revisions"}],"wp:featuredmedia":[{"embeddable":true,"href":"https:\/\/akdenizhaber.com.tr\/index.php\/wp-json\/wp\/v2\/media\/19772"}],"wp:attachment":[{"href":"https:\/\/akdenizhaber.com.tr\/index.php\/wp-json\/wp\/v2\/media?parent=19771"}],"wp:term":[{"taxonomy":"category","embeddable":true,"href":"https:\/\/akdenizhaber.com.tr\/index.php\/wp-json\/wp\/v2\/categories?post=19771"},{"taxonomy":"post_tag","embeddable":true,"href":"https:\/\/akdenizhaber.com.tr\/index.php\/wp-json\/wp\/v2\/tags?post=19771"}],"curies":[{"name":"wp","href":"https:\/\/api.w.org\/{rel}","templated":true}]}}