{"id":19768,"date":"2024-01-18T12:55:45","date_gmt":"2024-01-18T09:55:45","guid":{"rendered":"https:\/\/akdenizhaber.com.tr\/?p=19768"},"modified":"2024-01-18T12:55:45","modified_gmt":"2024-01-18T09:55:45","slug":"artik-kadin-cinayeti-gormek-istemiyoruz","status":"publish","type":"post","link":"https:\/\/akdenizhaber.com.tr\/index.php\/2024\/01\/18\/artik-kadin-cinayeti-gormek-istemiyoruz\/","title":{"rendered":"Art\u0131k kad\u0131n cinayeti g\u00f6rmek istemiyoruz"},"content":{"rendered":"\n<p><\/p>\n\n\n\n<p>DEVA Partisi Antalya Kad\u0131n Politikalar\u0131 Ba\u015fkan\u0131 Nuray \u00d6zkul, Kepez il\u00e7esinde Burcu Gezersoy\u2019un Y\u0131lmaz G\u00fcnd\u00fcz taraf\u0131ndan \u00f6ld\u00fcr\u00fclmesine tepki g\u00f6sterdi. \u00d6zkul, \u201cArt\u0131k kad\u0131n cinayeti g\u00f6rmek istemiyoruz. Bunlar\u0131n hesab\u0131 sorulacak\u201d dedi<\/p>\n\n\n\n<p>Antalya\u2019n\u0131n Kepez il\u00e7esinde Y\u0131lmaz G\u00fcnd\u00fcz, 10 y\u0131ld\u0131r beraber ya\u015fad\u0131\u011f\u0131 \u00fc\u00e7 \u00e7ocu\u011funun annesi Burcu Gezersoy&#8217;u 17 yerinden b\u0131\u00e7aklay\u0131p katletti. DEVA Partisi Antalya Kad\u0131n \u00c7al\u0131\u015fmalar\u0131 Ba\u015fkan\u0131 Nuray \u00d6zkul, vah\u015fi cinayetle ilgili a\u00e7\u0131klama yapt\u0131. \u201cBu ka\u00e7\u0131nc\u0131 g\u00f6zya\u015f\u0131\u201d diyen \u00d6zkul, \u201c2023 y\u0131l\u0131nda \u00f6ld\u00fcr\u00fclen kad\u0131nlar\u0131n y\u00fczde 65&#8217;i, Burcu gibi, kendilerini en \u00e7ok g\u00fcvende hissetmeleri gereken yerde, evlerinde \u00f6ld\u00fcr\u00fcld\u00fc. Art\u0131k kad\u0131n haklar\u0131ndan bahsedemez bir hale geldik\u201d dedi.<\/p>\n\n\n\n<p>BU DURUMU ME\u015eRULA\u015eTIRMAYACA\u011eIZ<\/p>\n\n\n\n<p>DEVA Kad\u0131n Politikalar\u0131 olarak konunun takip\u00e7isi olacaklar\u0131n\u0131 ifade eden \u00d6zkul, \u201cKad\u0131n cinayetleri son d\u00f6nemde daha da artt\u0131. Maalesef \u00fclkenin d\u00f6rt bir yan\u0131ndan kad\u0131n cinayeti haberleri geliyor. D\u00fcn Ay\u015fe, bug\u00fcn Burcu peki yar\u0131n s\u0131ra kimde? DEVA Partisi olarak kad\u0131na y\u00f6nelik \u015fiddetin me\u015frula\u015ft\u0131r\u0131lmas\u0131na izin vermeyece\u011fiz\u201d diye konu\u015ftu.&nbsp;<\/p>\n\n\n\n<p>DEVA Partisi \/ B\u00fclten<\/p>\n","protected":false},"excerpt":{"rendered":"<p>DEVA Partisi Antalya Kad\u0131n Politikalar\u0131 Ba\u015fkan\u0131 Nuray \u00d6zkul, Kepez il\u00e7esinde Burcu Gezersoy\u2019un Y\u0131lmaz G\u00fcnd\u00fcz taraf\u0131ndan \u00f6ld\u00fcr\u00fclmesine tepki g\u00f6sterdi. \u00d6zkul, \u201cArt\u0131k kad\u0131n cinayeti g\u00f6rmek istemiyoruz. Bunlar\u0131n <a href=\"https:\/\/akdenizhaber.com.tr\/index.php\/2024\/01\/18\/artik-kadin-cinayeti-gormek-istemiyoruz\/\" class=\"read-more-link\">[more&#8230;]<\/a><\/p>\n","protected":false},"author":2,"featured_media":19769,"comment_status":"open","ping_status":"open","sticky":false,"template":"","format":"standard","meta":{"footnotes":""},"categories":[2],"tags":[],"class_list":["post-19768","post","type-post","status-publish","format-standard","has-post-thumbnail","hentry","category-gundem"],"_links":{"self":[{"href":"https:\/\/akdenizhaber.com.tr\/index.php\/wp-json\/wp\/v2\/posts\/19768","targetHints":{"allow":["GET"]}}],"collection":[{"href":"https:\/\/akdenizhaber.com.tr\/index.php\/wp-json\/wp\/v2\/posts"}],"about":[{"href":"https:\/\/akdenizhaber.com.tr\/index.php\/wp-json\/wp\/v2\/types\/post"}],"author":[{"embeddable":true,"href":"https:\/\/akdenizhaber.com.tr\/index.php\/wp-json\/wp\/v2\/users\/2"}],"replies":[{"embeddable":true,"href":"https:\/\/akdenizhaber.com.tr\/index.php\/wp-json\/wp\/v2\/comments?post=19768"}],"version-history":[{"count":0,"href":"https:\/\/akdenizhaber.com.tr\/index.php\/wp-json\/wp\/v2\/posts\/19768\/revisions"}],"wp:featuredmedia":[{"embeddable":true,"href":"https:\/\/akdenizhaber.com.tr\/index.php\/wp-json\/wp\/v2\/media\/19769"}],"wp:attachment":[{"href":"https:\/\/akdenizhaber.com.tr\/index.php\/wp-json\/wp\/v2\/media?parent=19768"}],"wp:term":[{"taxonomy":"category","embeddable":true,"href":"https:\/\/akdenizhaber.com.tr\/index.php\/wp-json\/wp\/v2\/categories?post=19768"},{"taxonomy":"post_tag","embeddable":true,"href":"https:\/\/akdenizhaber.com.tr\/index.php\/wp-json\/wp\/v2\/tags?post=19768"}],"curies":[{"name":"wp","href":"https:\/\/api.w.org\/{rel}","templated":true}]}}