{"id":19765,"date":"2024-01-18T12:55:21","date_gmt":"2024-01-18T09:55:21","guid":{"rendered":"https:\/\/akdenizhaber.com.tr\/?p=19765"},"modified":"2024-01-18T12:55:22","modified_gmt":"2024-01-18T09:55:22","slug":"alanyada-cifte-fuar-heyecani","status":"publish","type":"post","link":"https:\/\/akdenizhaber.com.tr\/index.php\/2024\/01\/18\/alanyada-cifte-fuar-heyecani\/","title":{"rendered":"Alanya&#8217;da \u00c7ifte Fuar Heyecan\u0131"},"content":{"rendered":"\n<p><\/p>\n\n\n\n<p>Alanya\u2019da sekt\u00f6r profesyonellerinin yak\u0131ndan takip edece\u011fi iki \u00f6nemli fuara start verilecek. Cuma Pazar\u0131 \u00c7ok Ama\u00e7l\u0131 Fuar ve Etkinlik Merkezi&#8217;nde Alanya Otel, Restaurant, Kafe Ekipmanlar\u0131 ile Ev D\u0131\u015f\u0131 T\u00fcketim Fuarlar\u0131 05-07 \u015eubat 2024 tarihlerinde ziyaret edilebilecek.<\/p>\n\n\n\n<p>Alanya K\u00fclt\u00fcr Merkezi&#8217;nde d\u00fczenlenen lansmanda fuarlar hakk\u0131nda geni\u015f bilgi sunuldu. &nbsp;Toplant\u0131ya Alanya Belediye Ba\u015fkan\u0131 Adem Murat Y\u00fccel, Ba\u015fak Fuarc\u0131l\u0131k Genel M\u00fcd\u00fcr\u00fc Sedat Bozkurt, Alanya Ticaret ve Sanayi Odas\u0131 Ba\u015fkan\u0131 Eray Erdem, Alanya Turistik \u0130\u015fletmeler Derne\u011fi Ba\u015fkan\u0131 Burhan Sili, Alanya Kent Konseyi Ba\u015fkan\u0131 Nurhan \u00d6zcan, Alt\u0131n Kep\u00e7e Turizm ve A\u015f\u00e7\u0131lar Derne\u011fi Ba\u015fkan\u0131 Erg\u00fcl Demirel, Gastronomi Y\u0131ld\u0131zlar\u0131 Alanya Derne\u011fi Ba\u015fkan\u0131 Hidayet K\u0131z\u0131lar\u0131, Akdeniz Yiyecek \u0130\u00e7ecek Y\u00f6neticileri Derne\u011fi Ba\u015fkan\u0131 Mustafa Gen\u00e7ler, Anadolu Teknik Y\u00f6neticiler Derne\u011fi Ba\u015fkan\u0131 \u0130lhami Yal\u00e7\u0131nkaya ile \u00e7ok say\u0131da bas\u0131n mensubu kat\u0131ld\u0131.<\/p>\n\n\n\n<p>SEKT\u00d6RE DA\u0130R T\u00dcM \u00dcR\u00dcNLER BU FURDA<\/p>\n\n\n\n<p>Kendi alan\u0131nda Avrasya&#8217;n\u0131n en b\u00fcy\u00fck fuar organizasyonunu gelecekte ger\u00e7ekle\u015ftirme hedefiyle yola \u00e7\u0131kt\u0131klar\u0131n\u0131 vurgulayan Ba\u015fak Fuarc\u0131l\u0131k Genel M\u00fcd\u00fcr\u00fc Sedat Bozkurt, \u201cAlanya Otel, Kafe, Restorant ekipmanlar\u0131 Fuar\u0131 ile Alanya Ev D\u0131\u015f\u0131 T\u00fcketim \u00dcr\u00fcnleri, Yiyecek ve \u0130\u00e7ecek Fuar\u0131m\u0131zda sekt\u00f6re dair \u00fcr\u00fcn ve hizmetler tan\u0131t\u0131lacak. Sekt\u00f6r\u00fcn se\u00e7kin kurumlar\u0131ndan olu\u015fan 114 kat\u0131l\u0131mc\u0131 firmam\u0131z organizasyonumuzda yer alacak. Birinci ba\u015fl\u0131ktaki etkinli\u011fimizde Otel Tekstili, Mobilya, Yatak, Dekorasyon Malzemeleri, End\u00fcstriyel Mutfak ve \u00c7ama\u015f\u0131rhane Ekipmanlar\u0131, Mutfak, Banyo Malzemeleri ve Ekipmanlar\u0131, G\u00fcvenlik ve Ayd\u0131nlatma Sistemleri, Buklet ve Sarf Malzeme, Bili\u015fim Sistemleri, K\u0131rtasiye \u00dcr\u00fcnleri, Personel K\u0131yafetleri, Spa, Havuz Ekipmanlar\u0131, Park, Bah\u00e7e, Plaj Ekipman ve Malzemeleri, A\u015f\u00e7\u0131l\u0131k Malzemeleri ve Ekipmanlar\u0131, Sekt\u00f6rel Yay\u0131nlar g\u00f6r\u00fcc\u00fcy\u00fc \u00e7\u0131kacak. \u0130kinci ba\u015fl\u0131ktaki organizasyonumuzda ise Bili\u015fim Sistemleri Firmalar\u0131, Toplu T\u00fcketime Y\u00f6nelik G\u0131da ve \u0130\u00e7ecek \u00dcr\u00fcnleri Tedarik\u00e7ileri, Pastac\u0131l\u0131k ve \u00c7ikolata \u00dcr\u00fcnleri \u0130malat ve Tedarik\u00e7ileri, Tamamlay\u0131c\u0131 G\u0131da D\u0131\u015f\u0131 \u00dcr\u00fcnler \u0130malat ve Tedarik\u00e7ileri, Sarf Malzeme Tedarik\u00e7ileri, Temizlik Malzemeleri ve Kimyasallar\u0131 \u0130malat ve Tedarik\u00e7ileri tan\u0131t\u0131mlar\u0131n\u0131 ger\u00e7ekle\u015ftirecek\u201d dedi.<\/p>\n\n\n\n<p>T\u0130CARET HACM\u0130 B\u00dcY\u00dcYECEK<\/p>\n\n\n\n<p>Alanya&#8217;n\u0131n potansiyelini daha fazla harekete ge\u00e7irecek istediklerini belirten Bozkurt, \u201cTa\u015f\u0131d\u0131\u011f\u0131 turizm potansiyeli, tarihi ve k\u00fclt\u00fcrel de\u011ferleri ile bir turizm cenneti ve d\u00fcnya markas\u0131 olan Alanya il olmay\u0131 hak ediyor. Fuarlar\u0131m\u0131z Alanya\u2019n\u0131n potansiyelini harekete ge\u00e7irecek. Konaklama Sekt\u00f6r\u00fc Profesyonelleri, Restaurant, Pastane, Bar, E\u011flence Mekan\u0131 \u0130\u015fletmeleri, Kamu Kurumlar\u0131n\u0131n Sat\u0131n Alma Yetkilileri, Kamu ve \u00d6zel Hastane Y\u00f6neticileri ve Sat\u0131n Alma Yetkilileri, Askeri Birlikler Sat\u0131n Alma Yetkilileri, Kamu ve \u00d6zel \u00dcniversitelerin Sat\u0131n Alma Yetkilileri, Fabrikalar\u0131n Sat\u0131n Alma Yetkilileri, End\u00fcstriyel Yemek \u00dcreticileri, Toptanc\u0131lar, \u015eefler, F&amp;B Y\u00f6neticileri, Proje Taahh\u00fct Firma Y\u00f6neticileri etkinli\u011fimize ilgi g\u00f6sterecek. Fuar\u0131m\u0131z sekt\u00f6rdeki son teknolojiyi davetlilerimizin dokunma mesafesine ta\u015f\u0131m\u0131\u015f olacak. Rakiplerinin bir ad\u0131m \u00f6n\u00fcnde olmak isteyen kat\u0131l\u0131mc\u0131lar\u0131m\u0131z ve ziyaret\u00e7ilerimize yeni i\u015fbirlikleri ile yeni pazarlar\u0131n kap\u0131lar\u0131n\u0131 ayarlayaca\u011f\u0131z. Fuar alan\u0131m\u0131zda B2B \u00f6zel bir b\u00f6l\u00fcm olu\u015fturaca\u011f\u0131z. Fuar kat\u0131l\u0131mc\u0131lar\u0131m\u0131z ile \u00f6nemli al\u0131c\u0131lar \u00f6nceden haz\u0131rlanacak randevu programlar\u0131 ile 20\u2019\u015fer dakikal\u0131k g\u00f6r\u00fc\u015fme f\u0131rsat\u0131 yakalayacak. Ticaret hacminin daha da b\u00fcy\u00fcmesi i\u00e7in fuar \u00f6ncesinde kat\u0131l\u0131mc\u0131 ve ziyaret\u00e7i listelerini ilgili kurum temsilcileriyle payla\u015faca\u011f\u0131z\u201d ifadelerini kulland\u0131.<\/p>\n\n\n\n<p>\u201cT\u00dcRK\u0130YE\u2019DE L\u0130SANS SAH\u0130B\u0130 \u0130K\u0130 BELED\u0130YEDEN B\u0130R\u0130S\u0130Y\u0130Z\u201d<\/p>\n\n\n\n<p>Fuar\u0131n Alanya i\u00e7in bir ilk olma \u00f6zelli\u011fi ta\u015f\u0131d\u0131\u011f\u0131n\u0131 s\u00f6yleyen Ba\u015fkan Y\u00fccel, \u201cTurizmin en \u00f6nemli fakt\u00f6rlerden birisi de gastronomi. Biz de bunun \u00f6nemini \u00e7ok iyi bildi\u011fimiz i\u00e7in 2015 y\u0131l\u0131ndan beri \u00f6nce Avrupa Mutfak Miras\u0131na \u015fimdi de D\u00fcnya Mutfak Miras\u0131na \u00fcye olan \u00fclkedeki iki \u015fehirden birisiyiz. Birisi Gaziantep, birisi Alanya. \u015eu anda da 80\u2019e yak\u0131n \u00fclke i\u00e7erisinden \u00fclkemizdeki lisansl\u0131 iki belediyeden birisi olmak gurur verici. \u015eu anda \u00fclkemizde bu lisans ile D\u00fcnya Mutfak Miras\u0131na \u00fcye olacak kentlerin belirlenmesine de \u00f6nc\u00fcl\u00fck ediyoruz\u201d dedi.<\/p>\n\n\n\n<p>\u201cYEN\u0130 \u0130\u015eB\u0130RL\u0130KLER\u0130 \u0130\u00c7\u0130N ORTAM SA\u011eLAYACA\u011eIZ\u201d<\/p>\n\n\n\n<p>\u201cBurada da gastronomiye verdi\u011fimiz de\u011ferin ne kadar \u00f6nemli oldu\u011funu bir kez daha yenilemek isterim\u201d diyen Ba\u015fkan Y\u00fccel, \u201c5-7 \u015eubat g\u00fcnlerinde Alanya Belediyesi Cuma Pazar\u0131 alan\u0131nda belediyemizin ev sahipli\u011finde Otel, Restaurant, Kafe Ekipmanlar\u0131 ve Ev D\u0131\u015f\u0131 T\u00fcketim \u00dcr\u00fcnleri Fuar\u0131\u2019na ev sahipli\u011fi yapaca\u011f\u0131z. Kentimizde bir ilk olma \u00f6zelli\u011fi ta\u015f\u0131yan ve \u00fc\u00e7 g\u00fcn s\u00fcrecek olan fuar ile Alanyal\u0131 esnaflar\u0131m\u0131z ve \u015fehir d\u0131\u015f\u0131ndan gelecek pek \u00e7ok firmay\u0131 fuar alan\u0131nda a\u011f\u0131rlayaca\u011f\u0131z. Pek \u00e7ok firman\u0131n birebir g\u00f6r\u00fc\u015fmeler yapabilece\u011fi organizasyonda yeni i\u015fbirlikleri i\u00e7in ortam sa\u011flanm\u0131\u015f olacak\u201d diye konu\u015ftu.<\/p>\n\n\n\n<p>\u015eEH\u0130R VE SEKT\u00d6RLER\u0130N MARKALA\u015eMASI \u0130\u00c7\u0130N \u00d6NEML\u0130<\/p>\n\n\n\n<p>Alanya Ticaret ve Sanayi Odas\u0131 Ba\u015fkan\u0131 Eray Erdem il\u00e7eye yak\u0131\u015f\u0131r bir fuar ger\u00e7ekle\u015ftireceklerini s\u00f6yledi. B\u00f6lge ticaretinin b\u00fcy\u00fck k\u0131sm\u0131n\u0131n hizmet sekt\u00f6r\u00fcyle alakal\u0131 oldu\u011funa dikkati \u00e7eken Erdem, &#8220;Bu t\u00fcr etkinlikler ve mesleki fuarlar\u0131n \u00f6n plana \u00e7\u0131kar\u0131lmas\u0131, \u015fehir ve sekt\u00f6rlerin markala\u015fmas\u0131 a\u00e7\u0131s\u0131ndan \u00f6nemli oldu\u011funu d\u00fc\u015f\u00fcn\u00fcyorum.&#8221; \u0130fadelerini kulland\u0131.<\/p>\n\n\n\n<p>Fuar turizminin \u00fclke ve kent ekonomisi a\u00e7\u0131s\u0131ndan \u00f6nemli oldu\u011funu vurgulayan Alanya Turistik \u0130\u015fletmeler Derne\u011fi Ba\u015fkan\u0131 Burhan Sili, \u201cFuarlar\u0131m\u0131z ilk olmas\u0131 a\u00e7\u0131s\u0131ndan b\u00fcy\u00fck \u00f6nem arz ediyor. &nbsp;Alanya&#8217;da b\u00f6yle bir faaliyetin yap\u0131lmas\u0131 bir\u00e7ok sekt\u00f6re oldu\u011fu gibi gastronomi alan\u0131na da pozitif etki yapacak\u201d dedi.<\/p>\n\n\n\n<p>Cuma Pazar\u0131 \u00c7ok Ama\u00e7l\u0131 Fuar ve Etkinlik Merkezi&#8217;nde ger\u00e7ekle\u015fecek olan Alanya Otel, Restaurant, Kafe Ekipmanlar\u0131 ile Ev D\u0131\u015f\u0131 T\u00fcketim Fuarlar\u0131 05-07 \u015eubat 2024 tarihlerinde ziyaret edilebilecek.<\/p>\n\n\n\n<p>(Haber Merkezi)<\/p>\n","protected":false},"excerpt":{"rendered":"<p>Alanya\u2019da sekt\u00f6r profesyonellerinin yak\u0131ndan takip edece\u011fi iki \u00f6nemli fuara start verilecek. Cuma Pazar\u0131 \u00c7ok Ama\u00e7l\u0131 Fuar ve Etkinlik Merkezi&#8217;nde Alanya Otel, Restaurant, Kafe Ekipmanlar\u0131 ile <a href=\"https:\/\/akdenizhaber.com.tr\/index.php\/2024\/01\/18\/alanyada-cifte-fuar-heyecani\/\" class=\"read-more-link\">[more&#8230;]<\/a><\/p>\n","protected":false},"author":2,"featured_media":19766,"comment_status":"open","ping_status":"open","sticky":false,"template":"","format":"standard","meta":{"footnotes":""},"categories":[2],"tags":[],"class_list":["post-19765","post","type-post","status-publish","format-standard","has-post-thumbnail","hentry","category-gundem"],"_links":{"self":[{"href":"https:\/\/akdenizhaber.com.tr\/index.php\/wp-json\/wp\/v2\/posts\/19765","targetHints":{"allow":["GET"]}}],"collection":[{"href":"https:\/\/akdenizhaber.com.tr\/index.php\/wp-json\/wp\/v2\/posts"}],"about":[{"href":"https:\/\/akdenizhaber.com.tr\/index.php\/wp-json\/wp\/v2\/types\/post"}],"author":[{"embeddable":true,"href":"https:\/\/akdenizhaber.com.tr\/index.php\/wp-json\/wp\/v2\/users\/2"}],"replies":[{"embeddable":true,"href":"https:\/\/akdenizhaber.com.tr\/index.php\/wp-json\/wp\/v2\/comments?post=19765"}],"version-history":[{"count":0,"href":"https:\/\/akdenizhaber.com.tr\/index.php\/wp-json\/wp\/v2\/posts\/19765\/revisions"}],"wp:featuredmedia":[{"embeddable":true,"href":"https:\/\/akdenizhaber.com.tr\/index.php\/wp-json\/wp\/v2\/media\/19766"}],"wp:attachment":[{"href":"https:\/\/akdenizhaber.com.tr\/index.php\/wp-json\/wp\/v2\/media?parent=19765"}],"wp:term":[{"taxonomy":"category","embeddable":true,"href":"https:\/\/akdenizhaber.com.tr\/index.php\/wp-json\/wp\/v2\/categories?post=19765"},{"taxonomy":"post_tag","embeddable":true,"href":"https:\/\/akdenizhaber.com.tr\/index.php\/wp-json\/wp\/v2\/tags?post=19765"}],"curies":[{"name":"wp","href":"https:\/\/api.w.org\/{rel}","templated":true}]}}